{"id":19873,"date":"2025-12-30T10:22:02","date_gmt":"2025-12-30T10:22:02","guid":{"rendered":"https:\/\/ladepeche.mr\/?p=19873"},"modified":"2025-12-30T10:22:02","modified_gmt":"2025-12-30T10:22:02","slug":"mauritanie-les-flux-de-refugies-maliens-sintensifient-selon-lonu","status":"publish","type":"post","link":"https:\/\/ladepeche.mr\/?p=19873","title":{"rendered":"Mauritanie: les flux de r\u00e9fugi\u00e9s maliens s&#8217;intensifient, selon l&#8217;ONU"},"content":{"rendered":"<p>Les r\u00e9fugi\u00e9s maliens continuent d\u2019arriver dans le sud-est de la Mauritanie. Selon le Haut-Commissariat de l\u2019ONU pour les r\u00e9fugi\u00e9s, plus de 1 100 personnes ont franchi la fronti\u00e8re la semaine derni\u00e8re, portant \u00e0 environ 7 300 le nombre de nouveaux arrivants depuis la fin octobre. Un afflux qui s\u2019ajoute aux plus de 300 000 r\u00e9fugi\u00e9s maliens d\u00e9j\u00e0 pr\u00e9sents dans le pays, cons\u00e9quence d\u2019une crise s\u00e9curitaire qui dure depuis plus de dix ans et qui s&#8217;aggrave depuis 2 ans.<\/p>\n<p>Fuyant \u00e0 la fois les groupes arm\u00e9s jihadistes au Mali et les exactions de l\u2019arm\u00e9e malienne, appuy\u00e9e par des paramilitaires russes, ces civils arrivent dans des conditions de plus en plus critiques et les humanitaires craignent que le mouvement continue. Ces derni\u00e8res semaines, de nombreux Maliens ont de nouveau pris la fuite.<\/p>\n<p>\u00c0 L\u00e9r\u00e9, dans la r\u00e9gion de Tombouctou, le blocus impos\u00e9 par les jihadistes du Jnim se poursuit. L\u2019ins\u00e9curit\u00e9, mais aussi la flamb\u00e9e des prix, poussent les habitants \u00e0 partir. Pour rejoindre la Mauritanie voisine, certains parcourent plus de 70 kilom\u00e8tres \u00e0 pied. Parmi eux, une majorit\u00e9 de femmes et d\u2019enfants et de plus en plus de personnes \u00e2g\u00e9es.<\/p>\n<p>Les acteurs humanitaires redoutent d\u00e9sormais un afflux plus important si une accalmie s\u00e9curitaire permettait \u00e0 davantage de civils de quitter les zones aujourd\u2019hui enclav\u00e9es. C&#8217;est ce qu&#8217;explique Carole Lal\u00e8ve, repr\u00e9sentante adjointe du Haut-Commissariat des Nations unies pour les r\u00e9fugi\u00e9s (HCR) en Mauritanie.<\/p>\n<p>\u00ab Je ne vois pas franchement pour l&#8217;instant de possibilit\u00e9 d&#8217;une accalmie imm\u00e9diate. Ce qui est inqui\u00e9tant, c&#8217;est le fait que le conflit de l&#8217;autre c\u00f4t\u00e9 de la fronti\u00e8re semble s&#8217;\u00e9tendre aussi aux r\u00e9gions plus centrales du Mali, ce qui est un ph\u00e9nom\u00e8ne un petit peu plus r\u00e9cent et qui pourrait donc amener d&#8217;autres flux de r\u00e9fugi\u00e9s. Et c&#8217;est pour \u00e7a qu&#8217;avec avec le gouvernement et avec les partenaires, on se pr\u00e9pare, m\u00eame avec nos moyens limit\u00e9s, pour un plan de contingence \u00bb.<\/p>\n<p>\u00c0 l\u2019arriv\u00e9e, des milliers de r\u00e9fugi\u00e9s sont accueillis dans de grands camps, comme celui de Mbera, o\u00f9 les conditions de vie sont tr\u00e8s difficiles. L&#8217;eau et les abris manquent. Beaucoup choisissent aussi de s\u2019installer dans les villages alentours, ce qui complique l\u2019identification et le recensement des nouveaux arrivants. Selon les autorit\u00e9s locales et les humanitaires, pr\u00e8s de la moiti\u00e9 de la population de la r\u00e9gion mauritanienne du Hodh Chargui serait d\u00e9sormais d\u2019origine malienne.<br \/>\nRfi<\/p>\n","protected":false},"excerpt":{"rendered":"<p>Les r\u00e9fugi\u00e9s maliens continuent d\u2019arriver dans le sud-est de la Mauritanie. Selon le Haut-Commissariat de l\u2019ONU pour les r\u00e9fugi\u00e9s, plus de 1 100 personnes ont franchi la fronti\u00e8re la semaine derni\u00e8re, portant \u00e0 environ 7 300 le nombre de nouveaux arrivants depuis la fin octobre. Un afflux qui s\u2019ajoute aux plus de 300 000 r\u00e9fugi\u00e9s &hellip;<\/p>\n","protected":false},"author":2,"featured_media":19874,"comment_status":"open","ping_status":"open","sticky":false,"template":"","format":"standard","meta":{"footnotes":""},"categories":[18,29],"tags":[],"class_list":["post-19873","post","type-post","status-publish","format-standard","has-post-thumbnail","hentry","category-actualites","category-monde"],"_links":{"self":[{"href":"https:\/\/ladepeche.mr\/index.php?rest_route=\/wp\/v2\/posts\/19873","targetHints":{"allow":["GET"]}}],"collection":[{"href":"https:\/\/ladepeche.mr\/index.php?rest_route=\/wp\/v2\/posts"}],"about":[{"href":"https:\/\/ladepeche.mr\/index.php?rest_route=\/wp\/v2\/types\/post"}],"author":[{"embeddable":true,"href":"https:\/\/ladepeche.mr\/index.php?rest_route=\/wp\/v2\/users\/2"}],"replies":[{"embeddable":true,"href":"https:\/\/ladepeche.mr\/index.php?rest_route=%2Fwp%2Fv2%2Fcomments&post=19873"}],"version-history":[{"count":1,"href":"https:\/\/ladepeche.mr\/index.php?rest_route=\/wp\/v2\/posts\/19873\/revisions"}],"predecessor-version":[{"id":19875,"href":"https:\/\/ladepeche.mr\/index.php?rest_route=\/wp\/v2\/posts\/19873\/revisions\/19875"}],"wp:featuredmedia":[{"embeddable":true,"href":"https:\/\/ladepeche.mr\/index.php?rest_route=\/wp\/v2\/media\/19874"}],"wp:attachment":[{"href":"https:\/\/ladepeche.mr\/index.php?rest_route=%2Fwp%2Fv2%2Fmedia&parent=19873"}],"wp:term":[{"taxonomy":"category","embeddable":true,"href":"https:\/\/ladepeche.mr\/index.php?rest_route=%2Fwp%2Fv2%2Fcategories&post=19873"},{"taxonomy":"post_tag","embeddable":true,"href":"https:\/\/ladepeche.mr\/index.php?rest_route=%2Fwp%2Fv2%2Ftags&post=19873"}],"curies":[{"name":"wp","href":"https:\/\/api.w.org\/{rel}","templated":true}]}}