{"id":19876,"date":"2025-12-30T11:00:08","date_gmt":"2025-12-30T11:00:08","guid":{"rendered":"https:\/\/ladepeche.mr\/?p=19876"},"modified":"2025-12-30T10:28:35","modified_gmt":"2025-12-30T10:28:35","slug":"lassemblee-nationale-approuve-le-projet-de-loi-de-finances-initiale-pour-lannee-2026","status":"publish","type":"post","link":"https:\/\/ladepeche.mr\/?p=19876","title":{"rendered":"L\u2019Assembl\u00e9e nationale approuve le projet de loi de finances initiale pour l\u2019ann\u00e9e 2026"},"content":{"rendered":"<p>L\u2019Assembl\u00e9e nationale a adopt\u00e9, lundi \u00e0 Nouakchott, le projet de loi de finances initiale pour l\u2019ann\u00e9e 2026, au cours d\u2019une s\u00e9ance publique pr\u00e9sid\u00e9e par son pr\u00e9sident, Mohamed Bamba Meguett.<\/p>\n<p>Inscrit dans le cadre de la r\u00e9forme du budget-programme pr\u00e9vue par la loi organique relative aux lois de finances de 2018, ce projet vise \u00e0 renforcer la transparence et la performance dans la gestion des finances publiques. Le budget de l\u2019\u00c9tat est d\u00e9sormais structur\u00e9 autour de 108 programmes refl\u00e9tant les priorit\u00e9s nationales d\u00e9finies par le programme pr\u00e9sidentiel \u00ab Mon ambition pour la patrie \u00bb et les strat\u00e9gies de d\u00e9veloppement du gouvernement.<\/p>\n<p>Le budget 2026 est \u00e9quilibr\u00e9 en recettes et en d\u00e9penses \u00e0 hauteur de 132,15 milliards d\u2019ouguiyas, soit une hausse de pr\u00e8s de 11 % par rapport \u00e0 la loi de finances rectificative de 2025. Les recettes fiscales sont estim\u00e9es \u00e0 85,14 milliards d\u2019ouguiyas, en augmentation malgr\u00e9 une conjoncture \u00e9conomique nationale et internationale jug\u00e9e difficile.<\/p>\n<p>Les d\u00e9penses courantes atteignent 61 milliards d\u2019ouguiyas, en progression mod\u00e9r\u00e9e, tandis que le budget d\u2019investissement s\u2019\u00e9l\u00e8ve \u00e0 62,1 milliards d\u2019ouguiyas, enregistrant une hausse significative destin\u00e9e \u00e0 soutenir les projets de d\u00e9veloppement. Le d\u00e9ficit budg\u00e9taire est estim\u00e9 \u00e0 3,39 milliards d\u2019ouguiyas.<\/p>\n<p>Sur le plan macro\u00e9conomique, le gouvernement pr\u00e9voit une croissance du PIB de 5 % en 2026, port\u00e9e par la reprise des activit\u00e9s mini\u00e8res, le renforcement de la production agricole et le d\u00e9marrage effectif de l\u2019exploitation du gaz naturel en mer. L\u2019inflation devrait rester inf\u00e9rieure \u00e0 2 %.<\/p>\n<p>R\u00e9pondant aux d\u00e9put\u00e9s, le ministre des Affaires \u00e9conomiques et du D\u00e9veloppement, ministre des Finances par int\u00e9rim, Abdallahi Souleymane Cheikh Sidiya, a r\u00e9affirm\u00e9 l\u2019engagement du gouvernement en faveur de la transparence, de la lutte contre la corruption et de l\u2019am\u00e9lioration de l\u2019efficacit\u00e9 des d\u00e9penses publiques. Il a \u00e9galement \u00e9voqu\u00e9 les mesures sociales en cours, notamment dans les domaines de la s\u00e9curit\u00e9 routi\u00e8re, des retraites, de l\u2019\u00e9ducation et de la sant\u00e9.<\/p>\n<p>Les d\u00e9put\u00e9s ont globalement salu\u00e9 le projet de loi de finances 2026, tout en appelant \u00e0 une meilleure ex\u00e9cution du budget et \u00e0 un renforcement des politiques sociales, notamment \u00e0 travers l\u2019am\u00e9lioration des salaires, des pensions de retraite et des bourses d\u2019\u00e9tudes, ainsi qu\u2019un soutien accru aux secteurs de la sant\u00e9 et de l\u2019\u00e9ducation.<br \/>\n(Avec Ami)<\/p>\n","protected":false},"excerpt":{"rendered":"<p>L\u2019Assembl\u00e9e nationale a adopt\u00e9, lundi \u00e0 Nouakchott, le projet de loi de finances initiale pour l\u2019ann\u00e9e 2026, au cours d\u2019une s\u00e9ance publique pr\u00e9sid\u00e9e par son pr\u00e9sident, Mohamed Bamba Meguett. Inscrit dans le cadre de la r\u00e9forme du budget-programme pr\u00e9vue par la loi organique relative aux lois de finances de 2018, ce projet vise \u00e0 renforcer &hellip;<\/p>\n","protected":false},"author":2,"featured_media":19877,"comment_status":"open","ping_status":"open","sticky":false,"template":"","format":"standard","meta":{"footnotes":""},"categories":[18,2],"tags":[],"class_list":["post-19876","post","type-post","status-publish","format-standard","has-post-thumbnail","hentry","category-actualites","category-economie"],"_links":{"self":[{"href":"https:\/\/ladepeche.mr\/index.php?rest_route=\/wp\/v2\/posts\/19876","targetHints":{"allow":["GET"]}}],"collection":[{"href":"https:\/\/ladepeche.mr\/index.php?rest_route=\/wp\/v2\/posts"}],"about":[{"href":"https:\/\/ladepeche.mr\/index.php?rest_route=\/wp\/v2\/types\/post"}],"author":[{"embeddable":true,"href":"https:\/\/ladepeche.mr\/index.php?rest_route=\/wp\/v2\/users\/2"}],"replies":[{"embeddable":true,"href":"https:\/\/ladepeche.mr\/index.php?rest_route=%2Fwp%2Fv2%2Fcomments&post=19876"}],"version-history":[{"count":1,"href":"https:\/\/ladepeche.mr\/index.php?rest_route=\/wp\/v2\/posts\/19876\/revisions"}],"predecessor-version":[{"id":19878,"href":"https:\/\/ladepeche.mr\/index.php?rest_route=\/wp\/v2\/posts\/19876\/revisions\/19878"}],"wp:featuredmedia":[{"embeddable":true,"href":"https:\/\/ladepeche.mr\/index.php?rest_route=\/wp\/v2\/media\/19877"}],"wp:attachment":[{"href":"https:\/\/ladepeche.mr\/index.php?rest_route=%2Fwp%2Fv2%2Fmedia&parent=19876"}],"wp:term":[{"taxonomy":"category","embeddable":true,"href":"https:\/\/ladepeche.mr\/index.php?rest_route=%2Fwp%2Fv2%2Fcategories&post=19876"},{"taxonomy":"post_tag","embeddable":true,"href":"https:\/\/ladepeche.mr\/index.php?rest_route=%2Fwp%2Fv2%2Ftags&post=19876"}],"curies":[{"name":"wp","href":"https:\/\/api.w.org\/{rel}","templated":true}]}}