{"id":1988,"date":"2022-09-19T17:34:40","date_gmt":"2022-09-19T17:34:40","guid":{"rendered":"https:\/\/ladepeche.mr\/?p=1988"},"modified":"2022-09-19T17:45:31","modified_gmt":"2022-09-19T17:45:31","slug":"sante-6-personnes-decedent-des-suites-de-la-vallee-du-rift","status":"publish","type":"post","link":"https:\/\/ladepeche.mr\/?p=1988","title":{"rendered":"Sant\u00e9- 6 personnes d\u00e9c\u00e8dent des suites de la fi\u00e8vre de la vall\u00e9e du Rift"},"content":{"rendered":"<p>Six personnes sur 10 test\u00e9es positives sont mortes des suites de la fi\u00e8vre de la vall\u00e9e du Rift, renseigne le minist\u00e8re de la sant\u00e9<br \/>\n.<br \/>\nUn seul de fi\u00e8vre Crim\u00e9e Congo est signal\u00e9 sur les 72 tests op\u00e9r\u00e9s par les services de sant\u00e9.<br \/>\n&#8211; [ ] Les deux Hodhs seraient les r\u00e9gions les plus touch\u00e9es  par la fi\u00e8vre de la vall\u00e9e du Rift (7 cas) m\u00eame si l\u2019on d\u00e9nombre deux cas \u00e0 Nouakchott (Dar Naim et Toujounine), 1 cas \u00e0 chami alors que le seul cas de fi\u00e8vre Crim\u00e9e Congo est d\u00e9pist\u00e9 \u00e0 M\u2019Bagne (Brakna).<\/p>\n","protected":false},"excerpt":{"rendered":"<p>Six personnes sur 10 test\u00e9es positives sont mortes des suites de la fi\u00e8vre de la vall\u00e9e du Rift, renseigne le minist\u00e8re de la sant\u00e9 . Un seul de fi\u00e8vre Crim\u00e9e Congo est signal\u00e9 sur les 72 tests op\u00e9r\u00e9s par les services de sant\u00e9. &#8211; [ ] Les deux Hodhs seraient les r\u00e9gions les plus touch\u00e9es &hellip;<\/p>\n","protected":false},"author":2,"featured_media":1990,"comment_status":"open","ping_status":"open","sticky":false,"template":"","format":"standard","meta":{"footnotes":""},"categories":[18,27],"tags":[],"class_list":["post-1988","post","type-post","status-publish","format-standard","has-post-thumbnail","hentry","category-actualites","category-sante"],"_links":{"self":[{"href":"https:\/\/ladepeche.mr\/index.php?rest_route=\/wp\/v2\/posts\/1988","targetHints":{"allow":["GET"]}}],"collection":[{"href":"https:\/\/ladepeche.mr\/index.php?rest_route=\/wp\/v2\/posts"}],"about":[{"href":"https:\/\/ladepeche.mr\/index.php?rest_route=\/wp\/v2\/types\/post"}],"author":[{"embeddable":true,"href":"https:\/\/ladepeche.mr\/index.php?rest_route=\/wp\/v2\/users\/2"}],"replies":[{"embeddable":true,"href":"https:\/\/ladepeche.mr\/index.php?rest_route=%2Fwp%2Fv2%2Fcomments&post=1988"}],"version-history":[{"count":2,"href":"https:\/\/ladepeche.mr\/index.php?rest_route=\/wp\/v2\/posts\/1988\/revisions"}],"predecessor-version":[{"id":1991,"href":"https:\/\/ladepeche.mr\/index.php?rest_route=\/wp\/v2\/posts\/1988\/revisions\/1991"}],"wp:featuredmedia":[{"embeddable":true,"href":"https:\/\/ladepeche.mr\/index.php?rest_route=\/wp\/v2\/media\/1990"}],"wp:attachment":[{"href":"https:\/\/ladepeche.mr\/index.php?rest_route=%2Fwp%2Fv2%2Fmedia&parent=1988"}],"wp:term":[{"taxonomy":"category","embeddable":true,"href":"https:\/\/ladepeche.mr\/index.php?rest_route=%2Fwp%2Fv2%2Fcategories&post=1988"},{"taxonomy":"post_tag","embeddable":true,"href":"https:\/\/ladepeche.mr\/index.php?rest_route=%2Fwp%2Fv2%2Ftags&post=1988"}],"curies":[{"name":"wp","href":"https:\/\/api.w.org\/{rel}","templated":true}]}}