{"id":19882,"date":"2025-12-30T11:30:17","date_gmt":"2025-12-30T11:30:17","guid":{"rendered":"https:\/\/ladepeche.mr\/?p=19882"},"modified":"2025-12-30T10:36:39","modified_gmt":"2025-12-30T10:36:39","slug":"le-president-de-la-republique-preside-la-reunion-du-conseil-superieur-de-la-magistrature-2","status":"publish","type":"post","link":"https:\/\/ladepeche.mr\/?p=19882","title":{"rendered":"Le Pr\u00e9sident de la R\u00e9publique pr\u00e9side la r\u00e9union du Conseil sup\u00e9rieur de la magistrature"},"content":{"rendered":"<p>Son Excellence le Pr\u00e9sident de la R\u00e9publique, Monsieur Mohamed Ould Cheikh El Ghazouani, a pr\u00e9sid\u00e9, ce lundi au palais pr\u00e9sidentiel, la r\u00e9union du Conseil sup\u00e9rieur de la magistrature.<\/p>\n<p>Lors de la pr\u00e9sidence de la r\u00e9union du Conseil sup\u00e9rieur de la magistrature, le pr\u00e9sident de la R\u00e9publique a soulign\u00e9 que la r\u00e9forme de la justice est une priorit\u00e9 nationale qui ne saurait souffrir de report ou de retard. Il a fait observer que la justice constitue un pilier fondamental pour consolider l\u2019\u00c9tat de droit, garantir la stabilit\u00e9 et renforcer la confiance des citoyens dans les institutions de l\u2019\u00c9tat.<\/p>\n<p>Le Conseil a pass\u00e9 en revue le bilan des activit\u00e9s judiciaires au cours de l\u2019ann\u00e9e 2025 et a discut\u00e9 de la mise en \u0153uvre du document national pour la r\u00e9forme et le d\u00e9veloppement de la justice. Il a \u00e9galement approuv\u00e9 une s\u00e9rie de d\u00e9cisions, parmi lesquelles l\u2019adoption de recommandations visant \u00e0 am\u00e9liorer la qualit\u00e9 des prestations judiciaires, la confirmation de la promotion de 2 022 des juges, l\u2019int\u00e9gration d\u2019une nouvelle promotion, l\u2019approbation d\u2019un code actualis\u00e9 de d\u00e9ontologie des magistrats, ainsi que l\u2019adoption de mutations judiciaires selon des crit\u00e8res professionnels et transparents.<\/p>\n<p>Le Conseil a \u00e9galement \u00e9t\u00e9 inform\u00e9 de l\u2019intention du secteur de la justice de mettre en \u0153uvre, au cours du premier semestre de l\u2019ann\u00e9e prochaine, un ensemble de mesures prioritaires, notamment le recrutement de juges et de greffiers, la r\u00e9vision du cadre juridique de la justice, la mise en place de l\u2019Institut sup\u00e9rieur de la magistrature, l\u2019am\u00e9lioration des infrastructures et des \u00e9quipements judiciaires, et l\u2019adoption d\u2019une approche transparente pour la gestion de la carri\u00e8re des magistrats.<\/p>\n<p>Enfin, le Conseil a salu\u00e9 les efforts d\u00e9ploy\u00e9s par les juges, les greffiers et les auxiliaires de justice, r\u00e9affirmant son engagement \u00e0 poursuivre la r\u00e9forme afin d\u2019instaurer une justice ind\u00e9pendante, impartiale et efficace, qui renforce l\u2019\u00c9tat de droit et consolide la confiance des citoyens et des r\u00e9sidents.<br \/>\n(Ami)<\/p>\n","protected":false},"excerpt":{"rendered":"<p>Son Excellence le Pr\u00e9sident de la R\u00e9publique, Monsieur Mohamed Ould Cheikh El Ghazouani, a pr\u00e9sid\u00e9, ce lundi au palais pr\u00e9sidentiel, la r\u00e9union du Conseil sup\u00e9rieur de la magistrature. Lors de la pr\u00e9sidence de la r\u00e9union du Conseil sup\u00e9rieur de la magistrature, le pr\u00e9sident de la R\u00e9publique a soulign\u00e9 que la r\u00e9forme de la justice est &hellip;<\/p>\n","protected":false},"author":2,"featured_media":19883,"comment_status":"open","ping_status":"open","sticky":false,"template":"","format":"standard","meta":{"footnotes":""},"categories":[18],"tags":[],"class_list":["post-19882","post","type-post","status-publish","format-standard","has-post-thumbnail","hentry","category-actualites"],"_links":{"self":[{"href":"https:\/\/ladepeche.mr\/index.php?rest_route=\/wp\/v2\/posts\/19882","targetHints":{"allow":["GET"]}}],"collection":[{"href":"https:\/\/ladepeche.mr\/index.php?rest_route=\/wp\/v2\/posts"}],"about":[{"href":"https:\/\/ladepeche.mr\/index.php?rest_route=\/wp\/v2\/types\/post"}],"author":[{"embeddable":true,"href":"https:\/\/ladepeche.mr\/index.php?rest_route=\/wp\/v2\/users\/2"}],"replies":[{"embeddable":true,"href":"https:\/\/ladepeche.mr\/index.php?rest_route=%2Fwp%2Fv2%2Fcomments&post=19882"}],"version-history":[{"count":1,"href":"https:\/\/ladepeche.mr\/index.php?rest_route=\/wp\/v2\/posts\/19882\/revisions"}],"predecessor-version":[{"id":19884,"href":"https:\/\/ladepeche.mr\/index.php?rest_route=\/wp\/v2\/posts\/19882\/revisions\/19884"}],"wp:featuredmedia":[{"embeddable":true,"href":"https:\/\/ladepeche.mr\/index.php?rest_route=\/wp\/v2\/media\/19883"}],"wp:attachment":[{"href":"https:\/\/ladepeche.mr\/index.php?rest_route=%2Fwp%2Fv2%2Fmedia&parent=19882"}],"wp:term":[{"taxonomy":"category","embeddable":true,"href":"https:\/\/ladepeche.mr\/index.php?rest_route=%2Fwp%2Fv2%2Fcategories&post=19882"},{"taxonomy":"post_tag","embeddable":true,"href":"https:\/\/ladepeche.mr\/index.php?rest_route=%2Fwp%2Fv2%2Ftags&post=19882"}],"curies":[{"name":"wp","href":"https:\/\/api.w.org\/{rel}","templated":true}]}}