{"id":19885,"date":"2025-12-30T12:00:37","date_gmt":"2025-12-30T12:00:37","guid":{"rendered":"https:\/\/ladepeche.mr\/?p=19885"},"modified":"2025-12-30T10:46:43","modified_gmt":"2025-12-30T10:46:43","slug":"onu-antonio-guterres-alerte-sur-un-monde-en-crise-a-laube-de-2026","status":"publish","type":"post","link":"https:\/\/ladepeche.mr\/?p=19885","title":{"rendered":"ONU : Ant\u00f3nio Guterres alerte sur un monde en crise \u00e0 l\u2019aube de 2026"},"content":{"rendered":"<p>\u00c0 l\u2019aube de 2026, le Secr\u00e9taire g\u00e9n\u00e9ral des Nations Unies, Ant\u00f3nio Guterres, ne cache pas son inqui\u00e9tude face \u00e0 l\u2019\u00e9volution de la plan\u00e8te. Dans son message de v\u0153ux diffus\u00e9 lundi, il avertit : &#8220;Le monde se trouve \u00e0 la crois\u00e9e des chemins. Le chaos et l\u2019incertitude nous entourent.&#8221;<\/p>\n<p>\u00c0 l\u2019aube de 2026, le Secr\u00e9taire g\u00e9n\u00e9ral des Nations Unies, Ant\u00f3nio Guterres, ne cache pas son inqui\u00e9tude face \u00e0 l\u2019\u00e9volution de la plan\u00e8te. Dans son message de v\u0153ux diffus\u00e9 lundi, il avertit : \u00ab Le monde se trouve \u00e0 la crois\u00e9e des chemins. Le chaos et l\u2019incertitude nous entourent. \u00bb<\/p>\n<p>Selon lui, certains \u00c9tats continuent d\u2019investir dans la violence, tout en affirmant manquer de moyens pour y mettre fin. \u00ab Les dirigeants \u00e9coutent-ils seulement ? Sont-ils pr\u00eats \u00e0 agir ? \u00bb, questionne-t-il, pointant des d\u00e9penses militaires mondiales qui ont bondi de pr\u00e8s de 10 % en un an pour atteindre 2 700 milliards de dollars. Ce montant repr\u00e9sente treize fois l\u2019aide publique au d\u00e9veloppement mondiale et l\u2019\u00e9quivalent du PIB de l\u2019ensemble du continent africain.<\/p>\n<p>Ann\u00e9e meurtri\u00e8re pour les civils<br \/>\n2025 a \u00e9t\u00e9 particuli\u00e8rement sanglante pour les populations civiles. Plus d\u2019un quart de l\u2019humanit\u00e9 vit dans des zones de conflit. Plus de 200 millions de personnes ont besoin d\u2019aide humanitaire, et pr\u00e8s de 120 millions ont \u00e9t\u00e9 d\u00e9plac\u00e9es.<\/p>\n<p>Les premi\u00e8res coupes dans l\u2019aide internationale, d\u00e9cid\u00e9es principalement par les \u00c9tats-Unis et plusieurs pays europ\u00e9ens, ont aggrav\u00e9 la situation. Sur le terrain, cela s\u2019est traduit par des programmes suspendus, des rations r\u00e9duites et des populations laiss\u00e9es sans protection dans des zones d\u00e9j\u00e0 fragiles.<\/p>\n<p>Les conflits ont touch\u00e9 plusieurs r\u00e9gions de mani\u00e8re exceptionnelle : Gaza, le Soudan, l\u2019Ukraine et l\u2019est de la R\u00e9publique d\u00e9mocratique du Congo. Malgr\u00e9 le cessez-le-feu \u00e0 Gaza, les combats se poursuivent sur les autres fronts, aggravant des crises humanitaires d\u00e9j\u00e0 massives.<\/p>\n<p>D\u00e9rive des priorit\u00e9s<br \/>\nPour Ant\u00f3nio Guterres, la tendance actuelle est dangereuse. Si elle se poursuit, les d\u00e9penses militaires mondiales pourraient atteindre 6 600 milliards de dollars d\u2019ici 2035. \u00ab Un monde plus s\u00fbr commence par davantage d\u2019investissements dans la lutte contre la pauvret\u00e9 et moins dans les guerres. La paix doit l\u2019emporter \u00bb, insiste-t-il.<\/p>\n<p>Le rapport pr\u00e9sent\u00e9 en septembre 2025 dans le cadre du Pacte pour l\u2019avenir souligne le d\u00e9s\u00e9quilibre des choix budg\u00e9taires mondiaux. Moins de 4 % des d\u00e9penses militaires suffiraient \u00e0 \u00e9radiquer la faim dans le monde d\u2019ici 2030. Un peu plus de 10 % permettraient de vacciner chaque enfant, et 15 % couvriraient les co\u00fbts annuels d\u2019adaptation au changement climatique dans les pays en d\u00e9veloppement.<\/p>\n<p>L\u2019ann\u00e9e 2026 sera la derni\u00e8re du mandat de Guterres \u00e0 la t\u00eate de l\u2019ONU. Son message, \u00e0 la fois politique et personnel, r\u00e9sonne comme un appel \u00e0 l\u2019action. \u00ab Il est clair que le monde dispose des ressources n\u00e9cessaires pour am\u00e9liorer les conditions de vie, gu\u00e9rir la plan\u00e8te et garantir un avenir de paix et de justice \u00bb, affirme-t-il.<\/p>\n<p>Il conclut en exhortant les dirigeants : \u00ab Soyez \u00e0 la hauteur. Choisissez l\u2019humain et la plan\u00e8te plut\u00f4t que la souffrance. \u00bb Un appel simple, mais pressant, face \u00e0 un monde qui, chiffres \u00e0 l\u2019appui, semble trop souvent faire l\u2019inverse.<br \/>\nhttps:\/\/www.msn.com\/fr-xl\/actualite\/other\/onu-ant%C3%B3nio-guterres-alerte-sur-un-monde-en-crise-%C3%A0-l-aube-de-2026\/ar-AA1TgWaM?ocid=msedgdhp&#038;pc=U531&#038;cvid=6953949967c34e76b0899f61a5384227&#038;ei=105<\/p>\n","protected":false},"excerpt":{"rendered":"<p>\u00c0 l\u2019aube de 2026, le Secr\u00e9taire g\u00e9n\u00e9ral des Nations Unies, Ant\u00f3nio Guterres, ne cache pas son inqui\u00e9tude face \u00e0 l\u2019\u00e9volution de la plan\u00e8te. Dans son message de v\u0153ux diffus\u00e9 lundi, il avertit : &#8220;Le monde se trouve \u00e0 la crois\u00e9e des chemins. Le chaos et l\u2019incertitude nous entourent.&#8221; \u00c0 l\u2019aube de 2026, le Secr\u00e9taire g\u00e9n\u00e9ral &hellip;<\/p>\n","protected":false},"author":2,"featured_media":19886,"comment_status":"open","ping_status":"open","sticky":false,"template":"","format":"standard","meta":{"footnotes":""},"categories":[18,29],"tags":[],"class_list":["post-19885","post","type-post","status-publish","format-standard","has-post-thumbnail","hentry","category-actualites","category-monde"],"_links":{"self":[{"href":"https:\/\/ladepeche.mr\/index.php?rest_route=\/wp\/v2\/posts\/19885","targetHints":{"allow":["GET"]}}],"collection":[{"href":"https:\/\/ladepeche.mr\/index.php?rest_route=\/wp\/v2\/posts"}],"about":[{"href":"https:\/\/ladepeche.mr\/index.php?rest_route=\/wp\/v2\/types\/post"}],"author":[{"embeddable":true,"href":"https:\/\/ladepeche.mr\/index.php?rest_route=\/wp\/v2\/users\/2"}],"replies":[{"embeddable":true,"href":"https:\/\/ladepeche.mr\/index.php?rest_route=%2Fwp%2Fv2%2Fcomments&post=19885"}],"version-history":[{"count":1,"href":"https:\/\/ladepeche.mr\/index.php?rest_route=\/wp\/v2\/posts\/19885\/revisions"}],"predecessor-version":[{"id":19887,"href":"https:\/\/ladepeche.mr\/index.php?rest_route=\/wp\/v2\/posts\/19885\/revisions\/19887"}],"wp:featuredmedia":[{"embeddable":true,"href":"https:\/\/ladepeche.mr\/index.php?rest_route=\/wp\/v2\/media\/19886"}],"wp:attachment":[{"href":"https:\/\/ladepeche.mr\/index.php?rest_route=%2Fwp%2Fv2%2Fmedia&parent=19885"}],"wp:term":[{"taxonomy":"category","embeddable":true,"href":"https:\/\/ladepeche.mr\/index.php?rest_route=%2Fwp%2Fv2%2Fcategories&post=19885"},{"taxonomy":"post_tag","embeddable":true,"href":"https:\/\/ladepeche.mr\/index.php?rest_route=%2Fwp%2Fv2%2Ftags&post=19885"}],"curies":[{"name":"wp","href":"https:\/\/api.w.org\/{rel}","templated":true}]}}