{"id":19888,"date":"2025-12-31T13:38:41","date_gmt":"2025-12-31T13:38:41","guid":{"rendered":"https:\/\/ladepeche.mr\/?p=19888"},"modified":"2025-12-31T13:40:32","modified_gmt":"2025-12-31T13:40:32","slug":"nouadhibou-ghazouani-inaugure-un-complexe-industriel","status":"publish","type":"post","link":"https:\/\/ladepeche.mr\/?p=19888","title":{"rendered":"Nouadhibou: Ghazouani inaugure un complexe industriel"},"content":{"rendered":"<p>Le pr\u00e9sident de la R\u00e9publique, Mohamed Ould Cheikh Ghazouani, a inaugur\u00e9 mardi \u00e0 Nouadhibou un vaste complexe industriel de la soci\u00e9t\u00e9 ATAC SEAFOODS SA, situ\u00e9 dans la zone d\u2019El Bountiya. Cette inauguration s\u2019inscrit dans le cadre des c\u00e9l\u00e9brations marquant le 65\u1d49 anniversaire de l\u2019ind\u00e9pendance nationale.<\/p>\n<p>\u00c0 cette occasion, le chef de l\u2019\u00c9tat a assist\u00e9 \u00e0 une pr\u00e9sentation d\u00e9taill\u00e9e portant sur les diff\u00e9rentes composantes du complexe, ses capacit\u00e9s de production et de stockage, ainsi que son r\u00f4le dans le renforcement du secteur de la p\u00eache artisanale et la cr\u00e9ation d\u2019emplois. Il a ensuite proc\u00e9d\u00e9 \u00e0 la coupure du ruban symbolique et au d\u00e9voilement de la plaque inaugurale, donnant ainsi le coup d\u2019envoi officiel de l\u2019exploitation de cette infrastructure industrielle.<\/p>\n<p>R\u00e9alis\u00e9 gr\u00e2ce \u00e0 un investissement de 25 millions de dollars, le complexe est d\u00e9di\u00e9 au traitement et \u00e0 la valorisation des petits poissons p\u00e9lagiques, notamment le maquereau, la sardine et le chinchard. La production est principalement destin\u00e9e \u00e0 l\u2019exportation, dans le respect des normes internationales en vigueur.<\/p>\n<p>L\u2019usine dispose d\u2019une capacit\u00e9 de traitement quotidienne de 500 tonnes et peut stocker jusqu\u2019\u00e0 12 000 tonnes de produits. Le projet devrait g\u00e9n\u00e9rer 300 emplois directs et environ 600 emplois indirects, contribuant ainsi au d\u00e9veloppement \u00e9conomique local.<\/p>\n<p>S\u2019\u00e9tendant sur une superficie de 36 000 m\u00e8tres carr\u00e9s, cette r\u00e9alisation s\u2019inscrit dans la strat\u00e9gie gouvernementale visant \u00e0 moderniser les infrastructures du secteur de la p\u00eache, soutenir la p\u00eache artisanale et c\u00f4ti\u00e8re, attirer des investissements \u00e0 fort impact et mettre en place une cha\u00eene de valeur locale int\u00e9gr\u00e9e et comp\u00e9titive.<\/p>\n<p>Parall\u00e8lement \u00e0 cette inauguration, la premi\u00e8re pierre d\u2019une usine de mise en bo\u00eete de sardines a \u00e9t\u00e9 pos\u00e9e au sein du complexe. Cette nouvelle unit\u00e9, d\u2019une capacit\u00e9 de 500 000 bo\u00eetes par jour, renforce l\u2019orientation vers la transformation locale des produits halieutiques.<\/p>\n<p>Dans son allocution, le ministre de la P\u00eache et des Infrastructures maritimes et portuaires, Mokhtar Ould Ahmed Bousseif, a soulign\u00e9 que ce projet s\u2019inscrit dans les efforts visant \u00e0 accro\u00eetre les capacit\u00e9s nationales de stockage et de transformation. Selon lui, l\u2019objectif est d\u2019atteindre, \u00e0 l\u2019horizon 2030, le d\u00e9barquement local d\u2019au moins 80 % des captures nationales. Il a \u00e9galement mis en avant les mesures prises par le gouvernement pour encourager les investissements priv\u00e9s et dynamiser la valorisation locale des cha\u00eenes de production.<\/p>\n<p>La c\u00e9r\u00e9monie s\u2019est d\u00e9roul\u00e9e en pr\u00e9sence de la d\u00e9l\u00e9gation accompagnant le pr\u00e9sident de la R\u00e9publique, des autorit\u00e9s administratives et locales de Dakhlet Nouadhibou, ainsi que des responsables militaires et s\u00e9curitaires de la wilaya.<\/p>\n","protected":false},"excerpt":{"rendered":"<p>Le pr\u00e9sident de la R\u00e9publique, Mohamed Ould Cheikh Ghazouani, a inaugur\u00e9 mardi \u00e0 Nouadhibou un vaste complexe industriel de la soci\u00e9t\u00e9 ATAC SEAFOODS SA, situ\u00e9 dans la zone d\u2019El Bountiya. Cette inauguration s\u2019inscrit dans le cadre des c\u00e9l\u00e9brations marquant le 65\u1d49 anniversaire de l\u2019ind\u00e9pendance nationale. \u00c0 cette occasion, le chef de l\u2019\u00c9tat a assist\u00e9 \u00e0 &hellip;<\/p>\n","protected":false},"author":2,"featured_media":19889,"comment_status":"open","ping_status":"open","sticky":false,"template":"","format":"standard","meta":{"footnotes":""},"categories":[18,2],"tags":[],"class_list":["post-19888","post","type-post","status-publish","format-standard","has-post-thumbnail","hentry","category-actualites","category-economie"],"_links":{"self":[{"href":"https:\/\/ladepeche.mr\/index.php?rest_route=\/wp\/v2\/posts\/19888","targetHints":{"allow":["GET"]}}],"collection":[{"href":"https:\/\/ladepeche.mr\/index.php?rest_route=\/wp\/v2\/posts"}],"about":[{"href":"https:\/\/ladepeche.mr\/index.php?rest_route=\/wp\/v2\/types\/post"}],"author":[{"embeddable":true,"href":"https:\/\/ladepeche.mr\/index.php?rest_route=\/wp\/v2\/users\/2"}],"replies":[{"embeddable":true,"href":"https:\/\/ladepeche.mr\/index.php?rest_route=%2Fwp%2Fv2%2Fcomments&post=19888"}],"version-history":[{"count":1,"href":"https:\/\/ladepeche.mr\/index.php?rest_route=\/wp\/v2\/posts\/19888\/revisions"}],"predecessor-version":[{"id":19890,"href":"https:\/\/ladepeche.mr\/index.php?rest_route=\/wp\/v2\/posts\/19888\/revisions\/19890"}],"wp:featuredmedia":[{"embeddable":true,"href":"https:\/\/ladepeche.mr\/index.php?rest_route=\/wp\/v2\/media\/19889"}],"wp:attachment":[{"href":"https:\/\/ladepeche.mr\/index.php?rest_route=%2Fwp%2Fv2%2Fmedia&parent=19888"}],"wp:term":[{"taxonomy":"category","embeddable":true,"href":"https:\/\/ladepeche.mr\/index.php?rest_route=%2Fwp%2Fv2%2Fcategories&post=19888"},{"taxonomy":"post_tag","embeddable":true,"href":"https:\/\/ladepeche.mr\/index.php?rest_route=%2Fwp%2Fv2%2Ftags&post=19888"}],"curies":[{"name":"wp","href":"https:\/\/api.w.org\/{rel}","templated":true}]}}