{"id":19891,"date":"2025-12-31T14:30:40","date_gmt":"2025-12-31T14:30:40","guid":{"rendered":"https:\/\/ladepeche.mr\/?p=19891"},"modified":"2025-12-31T14:30:40","modified_gmt":"2025-12-31T14:30:40","slug":"guinee-doumbouya-elu-president-avec-8672-des-suffrages-exprimes","status":"publish","type":"post","link":"https:\/\/ladepeche.mr\/?p=19891","title":{"rendered":"Guin\u00e9e : Doumbouya \u00e9lu pr\u00e9sident avec 86,72 % des suffrages exprim\u00e9s"},"content":{"rendered":"<p>Le g\u00e9n\u00e9ral Mamadi Doumbouya a \u00e9t\u00e9 \u00e9lu pr\u00e9sident de la R\u00e9publique de Guin\u00e9e au soir du scrutin de dimanche dernier. Selon les r\u00e9sultats pr\u00e9liminaires communiqu\u00e9s mardi par la directrice g\u00e9n\u00e9rale des \u00e9lections du pays, le chef de la junte a remport\u00e9 86,72 % des suffrages exprim\u00e9s.<br \/>\n&#8220;Apr\u00e8s avoir centralis\u00e9, v\u00e9rifi\u00e9 et compil\u00e9 les r\u00e9sultats provisoires du premier tour de l&#8217;\u00e9lection pr\u00e9sidentielle du 22 d\u00e9cembre 2025, agissant dans le strict respect de la loi, je d\u00e9clare que M. Mamadi Doumbouya, candidat du GMD, ayant obtenu la majorit\u00e9 absolue des suffrages valablement exprim\u00e9s, est provisoirement d\u00e9clar\u00e9 \u00e9lu \u00e0 l&#8217;\u00e9lection pr\u00e9sidentielle du 28 d\u00e9cembre 2025&#8221;, a d\u00e9clar\u00e9, Djenabou Tour\u00e9, Direction g\u00e9n\u00e9rale des \u00e9lections.<br \/>\nL&#8217;\u00e9lection a \u00e9t\u00e9 largement consid\u00e9r\u00e9e comme un moyen de l\u00e9gitimer le maintien au pouvoir de M. Doumbouya.<\/p>\n<p>Avant le scrutin de dimanche, les analystes avaient pr\u00e9dit qu&#8217;une opposition affaiblie entra\u00eenerait la victoire de Doumbouya. Le chef de la junte a r\u00e9prim\u00e9 l&#8217;opposition et la dissidence, selon les critiques, ce qui fait qu&#8217;il n&#8217;a pas d&#8217;opposants majeurs parmi les huit autres candidats qui \u00e9taient en lice.<br \/>\nPlus de 50 partis politiques ont \u00e9t\u00e9 dissous et les principaux candidats de l&#8217;opposition se sont vus interdire de se pr\u00e9senter pour des raisons techniques ou se sont exil\u00e9s \u00e0 la suite de la r\u00e9pression.<\/p>\n<p>Le moins connu, Y\u00e9ro Bald\u00e9, ancien ministre de l&#8217;\u00e9ducation du gouvernement d&#8217;Alpha Cond\u00e9, le pr\u00e9d\u00e9cesseur d\u00e9chu de Doumbouya, est arriv\u00e9 loin derri\u00e8re avec 6,51% des voix.<\/p>\n<p>La direction a d\u00e9clar\u00e9 que 80,95 % des 6,7 millions d&#8217;\u00e9lecteurs inscrits avaient vot\u00e9 lors de l&#8217;\u00e9lection.<\/p>\n<p>Riche en ressources min\u00e9rales et forte d&#8217;une population de 15 millions d&#8217;habitants, la moiti\u00e9 de la Guin\u00e9e est enlis\u00e9e dans la pauvret\u00e9 et conna\u00eet des niveaux records d&#8217;ins\u00e9curit\u00e9 alimentaire, selon le Programme alimentaire mondial.<\/p>\n","protected":false},"excerpt":{"rendered":"<p>Le g\u00e9n\u00e9ral Mamadi Doumbouya a \u00e9t\u00e9 \u00e9lu pr\u00e9sident de la R\u00e9publique de Guin\u00e9e au soir du scrutin de dimanche dernier. Selon les r\u00e9sultats pr\u00e9liminaires communiqu\u00e9s mardi par la directrice g\u00e9n\u00e9rale des \u00e9lections du pays, le chef de la junte a remport\u00e9 86,72 % des suffrages exprim\u00e9s. &#8220;Apr\u00e8s avoir centralis\u00e9, v\u00e9rifi\u00e9 et compil\u00e9 les r\u00e9sultats provisoires &hellip;<\/p>\n","protected":false},"author":2,"featured_media":19892,"comment_status":"open","ping_status":"open","sticky":false,"template":"","format":"standard","meta":{"footnotes":""},"categories":[18,29],"tags":[],"class_list":["post-19891","post","type-post","status-publish","format-standard","has-post-thumbnail","hentry","category-actualites","category-monde"],"_links":{"self":[{"href":"https:\/\/ladepeche.mr\/index.php?rest_route=\/wp\/v2\/posts\/19891","targetHints":{"allow":["GET"]}}],"collection":[{"href":"https:\/\/ladepeche.mr\/index.php?rest_route=\/wp\/v2\/posts"}],"about":[{"href":"https:\/\/ladepeche.mr\/index.php?rest_route=\/wp\/v2\/types\/post"}],"author":[{"embeddable":true,"href":"https:\/\/ladepeche.mr\/index.php?rest_route=\/wp\/v2\/users\/2"}],"replies":[{"embeddable":true,"href":"https:\/\/ladepeche.mr\/index.php?rest_route=%2Fwp%2Fv2%2Fcomments&post=19891"}],"version-history":[{"count":1,"href":"https:\/\/ladepeche.mr\/index.php?rest_route=\/wp\/v2\/posts\/19891\/revisions"}],"predecessor-version":[{"id":19893,"href":"https:\/\/ladepeche.mr\/index.php?rest_route=\/wp\/v2\/posts\/19891\/revisions\/19893"}],"wp:featuredmedia":[{"embeddable":true,"href":"https:\/\/ladepeche.mr\/index.php?rest_route=\/wp\/v2\/media\/19892"}],"wp:attachment":[{"href":"https:\/\/ladepeche.mr\/index.php?rest_route=%2Fwp%2Fv2%2Fmedia&parent=19891"}],"wp:term":[{"taxonomy":"category","embeddable":true,"href":"https:\/\/ladepeche.mr\/index.php?rest_route=%2Fwp%2Fv2%2Fcategories&post=19891"},{"taxonomy":"post_tag","embeddable":true,"href":"https:\/\/ladepeche.mr\/index.php?rest_route=%2Fwp%2Fv2%2Ftags&post=19891"}],"curies":[{"name":"wp","href":"https:\/\/api.w.org\/{rel}","templated":true}]}}