{"id":19908,"date":"2025-12-31T19:30:28","date_gmt":"2025-12-31T19:30:28","guid":{"rendered":"https:\/\/ladepeche.mr\/?p=19908"},"modified":"2025-12-31T18:47:40","modified_gmt":"2025-12-31T18:47:40","slug":"le-parti-tawassoul-organise-une-rencontre-pour-ses-elus-a-son-siege-central","status":"publish","type":"post","link":"https:\/\/ladepeche.mr\/?p=19908","title":{"rendered":"Le parti \u00ab Tawassoul \u00bb organise une rencontre pour ses \u00e9lus \u00e0 son si\u00e8ge central"},"content":{"rendered":"<p>Le parti du Rassemblement national pour la r\u00e9forme et le d\u00e9veloppement \u00ab Tawassoul \u00bb a organis\u00e9 mercredi, \u00e0 son si\u00e8ge central \u00e0 Nouakchott- Ouest, un forum, de deux jours, destin\u00e9 aux \u00e9lus, auquel ont particip\u00e9 environ 150 maires, d\u00e9put\u00e9s et conseillers r\u00e9gionaux et municipaux, ainsi qu\u2019un certain nombre d\u2019anciens \u00e9lus, dans le cadre des efforts du parti pour d\u00e9velopper et renforcer l\u2019efficacit\u00e9 de son action r\u00e9gionale, municipale et parlementaire.<\/p>\n<p>Ce forum vise \u00e0 former les \u00e9lus et \u00e0 renforcer leurs capacit\u00e9s, \u00e0 \u00e9changer des exp\u00e9riences et des savoir-faire, et \u00e0 diagnostiquer les dysfonctionnements dans l\u2019action r\u00e9gionale, municipale et parlementaire, afin de contribuer \u00e0 am\u00e9liorer les performances des \u00e9lus et \u00e0 renforcer l\u2019efficacit\u00e9 des instances \u00e9lues au niveau du parlement, des r\u00e9gions et des communes.<\/p>\n<p>Le forum aborde un ensemble de th\u00e8mes, parmi lesquels la strat\u00e9gie de d\u00e9centralisation et de d\u00e9veloppement local, la strat\u00e9gie de croissance acc\u00e9l\u00e9r\u00e9e et de prosp\u00e9rit\u00e9 partag\u00e9e, les plans de d\u00e9veloppement des r\u00e9gions et des communes, ainsi que des ateliers sur les m\u00e9thodes d\u2019\u00e9laboration et de contr\u00f4le des budgets des collectivit\u00e9s locales et un atelier sur la loi de finances. Le forum comprend \u00e9galement des pr\u00e9sentations sur les exp\u00e9riences d\u2019anciens \u00e9lus, les performances des \u00e9lus actuels, le bilan des r\u00e9alisations, les perspectives d\u2019avenir et les d\u00e9fis \u00e0 relever.<\/p>\n<p>Dans un discours \u00e0 cette occasion, le pr\u00e9sident du parti, M. Hamadi Sidi El Mokhtar, a remerci\u00e9 les \u00e9lus pour leur pr\u00e9sence et leur participation, saluant leur volont\u00e9 de faire de ce forum un succ\u00e8s. Il a ajout\u00e9 que cette rencontre se tient au sein du parti, car la p\u00e9riode actuelle exige une prise de conscience et une clarification de la vision, soulignant que la gestion locale \u00e9tait la plus proche des citoyens et que la transparence n\u2019\u00e9tait pas un choix politique mais une exigence morale. Il a appel\u00e9 \u00e0 g\u00e9rer les deniers publics avec un esprit vigilant et un c\u0153ur responsable, et \u00e0 faire de la surveillance un gage de bonne gestion.<br \/>\nAmi<\/p>\n","protected":false},"excerpt":{"rendered":"<p>Le parti du Rassemblement national pour la r\u00e9forme et le d\u00e9veloppement \u00ab Tawassoul \u00bb a organis\u00e9 mercredi, \u00e0 son si\u00e8ge central \u00e0 Nouakchott- Ouest, un forum, de deux jours, destin\u00e9 aux \u00e9lus, auquel ont particip\u00e9 environ 150 maires, d\u00e9put\u00e9s et conseillers r\u00e9gionaux et municipaux, ainsi qu\u2019un certain nombre d\u2019anciens \u00e9lus, dans le cadre des efforts &hellip;<\/p>\n","protected":false},"author":2,"featured_media":19909,"comment_status":"open","ping_status":"open","sticky":false,"template":"","format":"standard","meta":{"footnotes":""},"categories":[18,31],"tags":[],"class_list":["post-19908","post","type-post","status-publish","format-standard","has-post-thumbnail","hentry","category-actualites","category-politique-et-reportages"],"_links":{"self":[{"href":"https:\/\/ladepeche.mr\/index.php?rest_route=\/wp\/v2\/posts\/19908","targetHints":{"allow":["GET"]}}],"collection":[{"href":"https:\/\/ladepeche.mr\/index.php?rest_route=\/wp\/v2\/posts"}],"about":[{"href":"https:\/\/ladepeche.mr\/index.php?rest_route=\/wp\/v2\/types\/post"}],"author":[{"embeddable":true,"href":"https:\/\/ladepeche.mr\/index.php?rest_route=\/wp\/v2\/users\/2"}],"replies":[{"embeddable":true,"href":"https:\/\/ladepeche.mr\/index.php?rest_route=%2Fwp%2Fv2%2Fcomments&post=19908"}],"version-history":[{"count":2,"href":"https:\/\/ladepeche.mr\/index.php?rest_route=\/wp\/v2\/posts\/19908\/revisions"}],"predecessor-version":[{"id":19911,"href":"https:\/\/ladepeche.mr\/index.php?rest_route=\/wp\/v2\/posts\/19908\/revisions\/19911"}],"wp:featuredmedia":[{"embeddable":true,"href":"https:\/\/ladepeche.mr\/index.php?rest_route=\/wp\/v2\/media\/19909"}],"wp:attachment":[{"href":"https:\/\/ladepeche.mr\/index.php?rest_route=%2Fwp%2Fv2%2Fmedia&parent=19908"}],"wp:term":[{"taxonomy":"category","embeddable":true,"href":"https:\/\/ladepeche.mr\/index.php?rest_route=%2Fwp%2Fv2%2Fcategories&post=19908"},{"taxonomy":"post_tag","embeddable":true,"href":"https:\/\/ladepeche.mr\/index.php?rest_route=%2Fwp%2Fv2%2Ftags&post=19908"}],"curies":[{"name":"wp","href":"https:\/\/api.w.org\/{rel}","templated":true}]}}