{"id":19912,"date":"2025-12-31T22:58:48","date_gmt":"2025-12-31T22:58:48","guid":{"rendered":"https:\/\/ladepeche.mr\/?p=19912"},"modified":"2025-12-31T22:58:48","modified_gmt":"2025-12-31T22:58:48","slug":"le-conseil-des-ministres-approuve-un-projet-de-decret-portant-statut-particulier-du-corps-des-juristes-des-administrations-de-letat","status":"publish","type":"post","link":"https:\/\/ladepeche.mr\/?p=19912","title":{"rendered":"Le Conseil des ministres approuve un projet de d\u00e9cret portant statut particulier du corps des juristes des administrations de l\u2019Etat"},"content":{"rendered":"<p>Le Conseil des Ministres s\u2019est r\u00e9uni le mercredi 31 d\u00e9cembre 2025, sous la Pr\u00e9sidence de Son Excellence Monsieur Mohamed OULD CHEIKH EL-GHAZOUANI, Pr\u00e9sident de la R\u00e9publique.<\/p>\n<p>Le Conseil a examin\u00e9 et adopt\u00e9 les projets de textes suivants :<\/p>\n<p>\u2010 Projet de loi autorisant la ratification de la convention de cr\u00e9dit, sign\u00e9e le 15 d\u00e9cembre 2025, entre la R\u00e9publique Islamique de Mauritanie et le Fonds Arabe pour le D\u00e9veloppement Economique et Social (FADES), destin\u00e9e \u00e0 la participation au financement du projet de renforcement des capacit\u00e9s de stockage, de pompage et de transport d\u2019eau vers la ville de Nouakchott.<\/p>\n<p>Ce projet vise \u00e0 combler le d\u00e9ficit de l\u2019offre en eau potable de la ville de Nouakchott \u00e0 l\u2019horizon 2035, et \u00e0 r\u00e9pondre aux besoins futurs d\u2019une population croissante, \u00e0 travers le renforcement de la capacit\u00e9 de transfert d\u2019eau d\u2019Aftout Essahli en la portant \u00e0 75000 m\u00b3 par jour.<\/p>\n<p>Le pr\u00e9sent financement porte sur un pr\u00eat d\u2019un montant de douze millions (12.000.000) Dinars Koweitiens, soit l\u2019\u00e9quivalent de 1,55 milliard MRU, remboursable sur une p\u00e9riode de 30 ans, dont 4 ans de diff\u00e9r\u00e9, avec un taux d\u2019int\u00e9r\u00eat de 3,75 % l\u2019an sur les montants du pr\u00eat retir\u00e9s et non rembours\u00e9s, et une commission de service de 0,25% l\u2019an sur les montants du pr\u00eat non retir\u00e9s.<\/p>\n<p>\u2010 Projet de loi autorisant la ratification de la convention de cr\u00e9dit, sign\u00e9e le 15 d\u00e9cembre 2025, entre la R\u00e9publique Islamique de Mauritanie et le Fonds Arabe pour le D\u00e9veloppement Economique et Social (FADES), destin\u00e9e \u00e0 la participation au financement du projet de deux routes Tintane-Ain Varba-Twil et Rkiz-T\u00e9kane (Bezoul).<\/p>\n<p>Le projet de ces deux routes Tintane-Ain Varba-Twil et Rkiz-T\u00e9kane s\u2019inscrit dans le cadre d\u2019un portefeuille de projets strat\u00e9giques d\u00e9clin\u00e9s par le Gouvernement dans son Programme de D\u00e9veloppement du R\u00e9seau Routier National (2016-2030), visant \u00e0 moderniser les infrastructures nationales de transport.<\/p>\n<p>Il a pour objectifs de d\u00e9velopper le transport terrestre sur le r\u00e9seau national et de relever le niveau de s\u00e9curit\u00e9 routi\u00e8re, en r\u00e9duisant les accidents de la circulation. Il vise \u00e9galement \u00e0 renforcer l\u2019int\u00e9gration r\u00e9gionale et \u00e0 booster les \u00e9changes commerciaux, tant entre les diff\u00e9rentes r\u00e9gions du pays qu\u2019entre la Mauritanie et les R\u00e9publiques s\u0153urs du Mali et du S\u00e9n\u00e9gal.<\/p>\n<p>Le pr\u00e9sent financement est relatif \u00e0 un pr\u00eat d\u2019un montant de vingt millions (20.000.000) Dinars Koweitiens, soit l\u2019\u00e9quivalent de 2,58 milliards MRU, remboursable sur une p\u00e9riode de 30 ans, dont 4 ans de diff\u00e9r\u00e9, avec un taux d\u2019int\u00e9r\u00eat de 3,75 % l\u2019an sur les montants du pr\u00eat retir\u00e9s et non rembours\u00e9s, et une commission de service de 0,25% l\u2019an sur les montants du pr\u00eat non retir\u00e9s.<\/p>\n<p>\u2010 Projet de loi autorisant la ratification de la convention de cr\u00e9dit, sign\u00e9e le 15 d\u00e9cembre 2025, entre la R\u00e9publique Islamique de Mauritanie et le Fonds Saoudien de D\u00e9veloppement (FSD), destin\u00e9e au financement du projet d\u2019interconnexion \u00e9lectrique entre la Mauritanie et le Mali et le D\u00e9veloppement des Centrales Solaires Associ\u00e9es.<\/p>\n<p>Le pr\u00e9sent projet fait partie du programme de la ligne Haute Tension, qui longe la Mauritanie sur 1.189 km, en reliant Nouakchott \u00e0 N\u00e9ma. Il vise l\u2019extension du r\u00e9seau de transport et de distribution de l\u2019\u00e9lectricit\u00e9 en Mauritanie et \u00e0 relier les grandes villes de Nouakchott \u00e0 N\u00e9ma, puis \u00e0 les connecter au r\u00e9seau de l\u2019Organisation pour la Mise en Valeur du fleuve S\u00e9n\u00e9gal (OMVS), permettant ainsi les \u00e9changes d\u2019\u00e9lectricit\u00e9 avec le Mali. Le projet pr\u00e9voit le raccordement \u00e9lectrique de 150 villages situ\u00e9s le long de la ligne de transport.<\/p>\n<p>Le financement de ce projet est octroy\u00e9 par le Fonds Saoudien de D\u00e9veloppement et s\u2019\u00e9l\u00e8ve \u00e0 un montant de deux cent vingt-cinq millions (225.000.000) Riyals Saoudiens, soit l\u2019\u00e9quivalent de deux milliards deux soixante-trois millions (2.263.000.000) MRU, remboursable sur une p\u00e9riode de Vingt (20) ans, dont un diff\u00e9r\u00e9 de cinq (5) ans, avec un taux d\u2019int\u00e9r\u00eat de 2,5% par an sur le solde du cr\u00e9dit d\u00e9caiss\u00e9 et non rembours\u00e9.<\/p>\n<p>\u2010 Projet de loi autorisant la ratification de l\u2019accord de cr\u00e9dit sign\u00e9 le 08 d\u00e9cembre 2025 entre la R\u00e9publique Islamique de Mauritanie et l\u2019Association Internationale de D\u00e9veloppement, destin\u00e9 au financement de l\u2019appui des politiques de d\u00e9veloppement pour la premi\u00e8re r\u00e9forme en faveur d\u2019une croissance inclusive et durable en Mauritanie.<\/p>\n<p>\u2010 Projet de loi autorisant la ratification de l\u2019accord de pr\u00eat, sign\u00e9 le 15 d\u00e9cembre 2025, entre la R\u00e9publique Islamique de Mauritanie et le Fonds de l\u2019OPEP pour le D\u00e9veloppement International (OFID), destin\u00e9 au programme de r\u00e9formes pour une croissance inclusive et durable en Mauritanie.<\/p>\n<p>Le pr\u00e9sent appui budg\u00e9taire est destin\u00e9 \u00e0 soutenir des politiques de d\u00e9veloppement pour la premi\u00e8re r\u00e9forme en faveur d\u2019une croissance inclusive et durable en Mauritanie, qui est conditionn\u00e9 par la r\u00e9alisation des mesures pr\u00e9alables.<\/p>\n<p>L\u2019op\u00e9ration de r\u00e9forme propos\u00e9e s\u2019articule autour des trois piliers suivants :<\/p>\n<p>\u2010 Renforcer la perception de l\u2019imp\u00f4t foncier et le cadre r\u00e9glementaire pour l\u2019investissement priv\u00e9 ;<\/p>\n<p>\u2010 D\u00e9velopper le capital humain et les comp\u00e9tences pour l\u2019emploi ;<\/p>\n<p>\u2010 Acc\u00e9l\u00e9rer l\u2019acc\u00e8s inclusif \u00e0 des services \u00e9nerg\u00e9tiques abordables et durables.<\/p>\n<p>Le premier pr\u00eat de l\u2019Association Internationale de D\u00e9veloppement porte sur un montant de vingt-cinq millions six cent mille (25.600.000) Euros, soit l\u2019\u00e9quivalent d\u2019un milliard cent quatre-vingt-sept millions (1.187.000.000) MRU, remboursable sur une p\u00e9riode de vingt-cinq (25) ans, dont un diff\u00e9r\u00e9 de cinq (5) ans, avec un taux d\u2019int\u00e9r\u00eat de 1,5% par an sur le solde d\u00e9caiss\u00e9 du cr\u00e9dit, et une commission d\u2019engagement de 0,5% par an sur le solde du Cr\u00e9dit non d\u00e9caiss\u00e9.<\/p>\n<p>Le deuxi\u00e8me pr\u00eat du Fonds de l\u2019OPEP pour le d\u00e9veloppement international porte sur un montant trente millions (30.000.000) de Dollars Am\u00e9ricains, soit l\u2019\u00e9quivalent d\u2019un milliard cent quatre-vingt-sept millions (1.187.000.000) MRU, remboursable sur une p\u00e9riode de vingt (20) ans, dont un diff\u00e9r\u00e9 de cinq (5) ans, avec un taux d\u2019int\u00e9r\u00eat de 1,75% par an sur le montant d\u00e9caiss\u00e9 du cr\u00e9dit et non rembours\u00e9, et une commission d\u2019engagement de 0,5% par an sur le solde du Cr\u00e9dit non d\u00e9caiss\u00e9.<\/p>\n<p>\u2010 Projet de loi autorisant la ratification de la convention de cr\u00e9dit sign\u00e9 le 02 d\u00e9cembre 2025 entre la R\u00e9publique Islamique de Mauritanie et l\u2019Agence Fran\u00e7aise de D\u00e9veloppement (AFD), destin\u00e9e au financement du Projet Ennema Tamourt Enaaj.<\/p>\n<p>Le pr\u00e9sent projet vise \u00e0 cr\u00e9er un p\u00f4le de d\u00e9veloppement int\u00e9gr\u00e9 dans la zone de Tamourt Enaaj, qui rec\u00e8le d\u2019importants potentiels agricoles, pastoraux et touristiques, ainsi que des ressources en eaux de surface consid\u00e9rables qui, une fois valoris\u00e9es, peuvent constituer un levier essentiel de croissance, de s\u00e9curit\u00e9 alimentaire, de cr\u00e9ation d\u2019emplois et de lutte contre le ch\u00f4mage et la migration.<\/p>\n<p>Le pr\u00e9sent financement est d\u2019un montant total de quarante-trois millions (43.000.000) d\u2019Euros, soit l\u2019\u00e9quivalent d\u2019un milliard neuf cent quatre-vingt-dix millions (1,99) milliards MRU, dont un don de 3.000.000 Euros. Le pr\u00eat sera remboursable sur une p\u00e9riode de 20 ans, dont 5 ans de diff\u00e9r\u00e9, avec un taux d\u2019int\u00e9r\u00eat de 1,82% par an, ainsi qu\u2019une commission d\u2019engagement de 0,5% l\u2019an.<\/p>\n<p>\u2010 Projet de d\u00e9cret portant modification de certaines dispositions du d\u00e9cret 2009-160 du 20 avril 2009, portant cr\u00e9ation, organisation et fonctionnement du Centre National des \u0152uvre Universitaires (CNOU).<\/p>\n<p>Les modifications propos\u00e9es r\u00e9pondent \u00e0 la n\u00e9cessit\u00e9 d\u2019apporter des changements aux missions actuelles du CNOU afin de se conformer aux dispositions de l\u2019article 61 de la loi n\u00b02010-043 du 21 juillet 2010, modifi\u00e9e, relative \u00e0 l\u2019enseignement sup\u00e9rieur et \u00e0 la recherche scientifique. Ces dispositions stipulent que \u00ab Le Centre national des \u0153uvres universitaires a pour mission de fournir les prestations sociales aux \u00e9tudiants des \u00e9tablissements publics de l\u2019enseignement sup\u00e9rieur sur le sol national \u00bb.<\/p>\n<p>Ces modifications visent la restructuration organisationnelle du CNOU, afin de moderniser la gestion des \u0153uvres universitaires, d\u2019am\u00e9liorer les conditions de vie des \u00e9tudiants et de renforcer la transparence et l\u2019efficacit\u00e9 dans l\u2019utilisation des ressources publiques, \u00e0 travers la cr\u00e9ation d\u2019un r\u00e9seau de centres r\u00e9gionaux des \u0153uvres universitaires, qui seront dot\u00e9s d\u2019une autonomie de gestion des moyens mat\u00e9riels, budg\u00e9taires et humains, en veillant \u00e0 l\u2019efficience de leur emploi.<\/p>\n<p>\u2010 Projet de d\u00e9cret portant statut particulier du corps des juristes des administrations de l\u2019Etat.<\/p>\n<p>Ce projet de d\u00e9cret vise \u00e0 \u00e9tablir un cadre r\u00e9glementaire pour les juristes au sein des administrations publiques de l\u2019\u00c9tat, en les d\u00e9signant comme un corps interminist\u00e9riel relevant de la fili\u00e8re de gestion administrative, en application des dispositions pertinentes du Statut g\u00e9n\u00e9ral des fonctionnaires et agents contractuels de l\u2019\u00c9tat. Il vise \u00e9galement \u00e0 harmoniser et \u00e0 professionnaliser les fonctions juridiques au sein de l\u2019administration, en d\u00e9finissant les conditions d\u2019acc\u00e8s et les parcours de carri\u00e8re, et en pr\u00e9cisant les missions et les responsabilit\u00e9s, contribuant ainsi \u00e0 am\u00e9liorer l\u2019efficacit\u00e9 administrative et le renforcement de la protection juridique de la fonction publique.<\/p>\n<p>\u2010 Projet de d\u00e9cret autorisant la d\u00e9rogation \u00e0 la proc\u00e9dure d\u2019appel \u00e0 la concurrence pour des zones du domaine p\u00e9trolier.<\/p>\n<p>Conform\u00e9ment aux dispositions de l\u2019article 18 du Code des Hydrocarbures bruts, la demande de d\u00e9rogation \u00e0 la proc\u00e9dure d\u2019appel \u00e0 la concurrence pour les blocs p\u00e9troliers C7, C10, ainsi que pour le champ de Tiof, qui situ\u00e9s dans l\u2019offshore du Bassin C\u00f4tier, constituent une opportunit\u00e9 permettant d\u2019engager des n\u00e9gociations directes avec des soci\u00e9t\u00e9s sp\u00e9cialis\u00e9es dans le domaine, dans un contexte international d\u00e9sormais propice au d\u00e9veloppement des activit\u00e9s d\u2019exploration et de production.<\/p>\n<p>Par ailleurs, \u00e0 la lumi\u00e8re des r\u00e9sultats de la visite de travail effectu\u00e9e par Son Excellence Monsieur le Pr\u00e9sident de la R\u00e9publique dans les Wilayas de l\u2019Adrar, du Brakna et de Dakhlet Nouadhibou les jeudi, vendredi et mardi 18, 19, 23, et 30 d\u00e9cembre 2025, le Conseil des Ministres adresse ses remerciements et ses vives f\u00e9licitations aux populations de ces wilayas, et plus particuli\u00e8rement aux habitants des moughataas de Ouadane, Bogh\u00e9, et de Nouadhibou pour l\u2019exceptionnelle mobilisation et l\u2019accueil chaleureux qu\u2019ils ont r\u00e9serv\u00e9s \u00e0 Son Excellence Monsieur le Pr\u00e9sident de la R\u00e9publique et aux d\u00e9l\u00e9gations qui l\u2019ont accompagn\u00e9 lors de ces trois importantes visites.<\/p>\n<p>Ces visites qui rentrent dans le cadre des activit\u00e9s comm\u00e9moratives du 65\u00e8me anniversaire de la f\u00eate Nationale de l\u2019ind\u00e9pendance, ont permis \u00e0 Son Excellence Monsieur le Pr\u00e9sident de la R\u00e9publique de lancer ou inaugurer plusieurs projets de d\u00e9veloppement :<\/p>\n<p>1. C\u2019est ainsi qu\u2019\u00e0 Ouadane, Son Excellence Monsieur le Pr\u00e9sident de la R\u00e9publique a proc\u00e9d\u00e9 au lancement de la 14\u00e8me Edition du Festival des Cit\u00e9s du Patrimoine et de la \u00ab Composante D\u00e9veloppement \u00bb de la Ville de Ouadane qui accompagne d\u00e9sormais chaque \u00e9dition du Festival des Cit\u00e9s du Patrimoine. Ce volet vise \u00e0 am\u00e9liorer les services essentiels de la ville, gr\u00e2ce \u00e0 la construction et la r\u00e9novation d\u2019\u00e9tablissements scolaires, la modernisation des infrastructures de sant\u00e9, l\u2019extension des r\u00e9seaux d\u2019eau et d\u2019\u00e9lectricit\u00e9, la construction d\u2019\u00e9quipements sportifs et culturels, le financement de projets g\u00e9n\u00e9rateurs de revenus, des actions de renforcement du secteur agricole et de lutte contre la d\u00e9sertification, le soutien aux infrastructures touristiques et la r\u00e9novation des \u00e9quipements publics, ainsi que d\u2019autres interventions dans divers secteurs.<\/p>\n<p>2. A Bogh\u00e9, SEM le Pr\u00e9sident de la R\u00e9publique a inaugur\u00e9 la route Bogh\u00e9-Ka\u00e9di et a pass\u00e9 en revue les travaux en cours sur le projet d\u2019approvisionnement en eau potable de 165 localit\u00e9s dans trois wilayas \u00e0 partir du fleuve.<\/p>\n<p>3. A Nouadhibou, il a, d\u2019une part, inaugur\u00e9 un port int\u00e9gr\u00e9 d\u2019accostage et de soutien d\u00e9di\u00e9 aux garde-c\u00f4tes mauritaniens, ainsi que deux usines de transformation de produits de la p\u00eache, dont l\u2019une appartenant \u00e0 la soci\u00e9t\u00e9 \u00ab ATAC SEAFOODS SA \u00bb, qui est sp\u00e9cialis\u00e9e dans la transformation et la valorisation des petits p\u00e9lagiques, et l\u2019autre appartenant \u00e0 la soci\u00e9t\u00e9 \u00ab RIM FISH GLOBAL \u00bb, qui s\u2019\u00e9tend sur une superficie d\u2019environ 3.000 m\u00e8tres carr\u00e9s et dispose d\u2019une capacit\u00e9 de cong\u00e9lation de 83 tonnes et d\u2019une capacit\u00e9 de stockage de 2.000 tonnes. Ce qui permettra la cr\u00e9ation de 115 emplois directs et de 150 emplois indirects, contribuant ainsi au soutien des activit\u00e9s de la p\u00eache artisanale et c\u00f4ti\u00e8re. D\u2019autre part, il a proc\u00e9d\u00e9 \u00e0 l\u2019ouverture d\u2019une antenne r\u00e9gionale de la Caisse nationale de s\u00e9curit\u00e9 sociale et d\u2019un nouveau si\u00e8ge pour la station r\u00e9gionale de Radio Mauritanie, facilitant l\u2019acc\u00e8s de la population aux services de protection sociale et rapprochant les services des m\u00e9dias publics.<\/p>\n<p>Le Ministre des Affaires Etrang\u00e8res, de la Coop\u00e9ration Africaine et des Mauritaniens de l\u2019Ext\u00e9rieur a pr\u00e9sent\u00e9 une communication relative \u00e0 la situation internationale.<\/p>\n<p>Le Ministre de l\u2019Int\u00e9rieur, de la Promotion de la D\u00e9centralisation et du D\u00e9veloppement Local a pr\u00e9sent\u00e9 une communication relative \u00e0 la situation int\u00e9rieure.<\/p>\n<p>Le Ministre des Affaires Economiques et du D\u00e9veloppement et la Ministre de l\u2019Action Sociale, de l\u2019Enfance et de la Famille ont pr\u00e9sent\u00e9 une communication conjointe relative \u00e0 la Strat\u00e9gie Nationale de Consolidation de la Paix et de Coh\u00e9sion Sociale (SNCPCS 2025-2030).<\/p>\n<p>Cette communication vise \u00e0 pr\u00e9senter la Strat\u00e9gie nationale pour la consolidation des acquis de la stabilit\u00e9 nationale et le renforcement de la r\u00e9silience de l\u2019\u00c9tat et de la soci\u00e9t\u00e9, face \u00e0 des risques multiples et interd\u00e9pendants de nature s\u00e9curitaire, sociale, \u00e9conomique et environnementale.<\/p>\n<p>Cette strat\u00e9gie s\u2019inscrit dans un contexte national et r\u00e9gional caract\u00e9ris\u00e9 par des d\u00e9fis croissants, notamment dans l\u2019espace sah\u00e9lo-saharien, o\u00f9 les mutations s\u00e9curitaires, les pressions climatiques, les dynamiques migratoires et de d\u00e9placement, ainsi que les besoins grandissants des jeunes et des femmes, imposent l\u2019adoption d\u2019une approche globale, pr\u00e9ventive et territorialis\u00e9e, faisant de la paix un levier central du d\u00e9veloppement durable.<\/p>\n<p>Elle est pleinement align\u00e9e sur les grandes orientations du programme de Son Excellence Monsieur le Pr\u00e9sident de la R\u00e9publique \u00ab Mon ambition pour la patrie \u00bb, la Strat\u00e9gie de croissance acc\u00e9l\u00e9r\u00e9e et de prosp\u00e9rit\u00e9 partag\u00e9e (SCAPP), la D\u00e9claration de politique g\u00e9n\u00e9rale du Gouvernement ainsi qu\u2019avec les strat\u00e9gies sectorielles et repose sur l\u2019approche du nexus humanitaire-d\u00e9veloppement-paix (HDP), garantissant ainsi la coh\u00e9rence et la compl\u00e9mentarit\u00e9 des politiques publiques.<\/p>\n<p>Enfin, le Conseil a pris les mesures individuelles suivantes :<\/p>\n<p>Minist\u00e8re de l\u2019Int\u00e9rieur, de la Promotion de la D\u00e9centralisation et du D\u00e9veloppement Local<\/p>\n<p>Cabinet du Ministre<\/p>\n<p>Charg\u00e9s de mission :<\/p>\n<p>\u2013 El Yazid Moulay R\u2019chid, Administrateur, pr\u00e9c\u00e9demment Hakem de Maal,<\/p>\n<p>\u2013 Lalla Mint Mohamed Abdellahi, Administrateur adjoint, pr\u00e9c\u00e9demment Hakem Mou\u00e7aid de Ksar,<\/p>\n<p>\u2013 Ahmed Mohamed DIDI, Administrateur, pr\u00e9c\u00e9demment d\u00e9l\u00e9gu\u00e9 r\u00e9gional \u00e0 la d\u00e9centralisation et au d\u00e9veloppement local au niveau de la Wilaya de Nouakchott Ouest.<\/p>\n<p>Conseillers techniques :<\/p>\n<p>\u2013 Conseill\u00e8re technique charg\u00e9e de la formation, Sara Abdellahi Sidiya Ebnou, pr\u00e9c\u00e9demment charg\u00e9e de mission au cabinet du Ministre,<\/p>\n<p>\u2013 Ahmed Salem Ely, administrateur contractuel, pr\u00e9c\u00e9demment d\u00e9l\u00e9gu\u00e9 g\u00e9n\u00e9ral Adjoint \u00e0 la S\u00e9curit\u00e9 Civile et \u00e0 la Gestion des Crises<\/p>\n<p>\u2013 Ahmed Yahya Sidi, Administrateur adjoint, pr\u00e9c\u00e9demment conseiller du Wali de l\u2019Adrar charg\u00e9 des affaires \u00e9conomiques et du d\u00e9veloppement local.<\/p>\n<p>\u2013 Inspection Interne :<\/p>\n<p>Inspecteur g\u00e9n\u00e9ral : Abderrahmane Ould Khattry, administrateur, pr\u00e9c\u00e9demment conseiller technique du ministre charg\u00e9 des affaires fonci\u00e8res.<\/p>\n<p>Administration centrale<\/p>\n<p>\u2013 Direction G\u00e9n\u00e9rale de l\u2019Administration Territoriale :<\/p>\n<p>Directeur du Perfectionnement et des Communications Administratives :<\/p>\n<p>Aboubacar Amadou DIAW, Administrateur adjoint, pr\u00e9c\u00e9demment Directeur de la Documentation et de la Recherche Administrative adjoint.<\/p>\n<p>\u2013 Direction G\u00e9n\u00e9rale de la D\u00e9centralisation et du D\u00e9veloppement Local :<\/p>\n<p>Directeur des Finances Locales et de la Mobilisation des Ressources :<\/p>\n<p>Kalidou Adama N\u2019DIAYE, Administrateur adjoint, pr\u00e9c\u00e9demment au<\/p>\n<p>Cabinet du Ministre.<\/p>\n<p>\u2013 Direction G\u00e9n\u00e9rale des Syst\u00e8mes d\u2019Information et de la Communication :<\/p>\n<p>Directeur g\u00e9n\u00e9ral :<\/p>\n<p>Mohamed Lemine Ahmed Lemine, Ing\u00e9nieur, pr\u00e9c\u00e9demment Directeur g\u00e9n\u00e9ral adjoint des Syst\u00e8mes d\u2019Information et de la Communication.<\/p>\n<p>Directeur g\u00e9n\u00e9ral adjoint :<\/p>\n<p>Brahim Mohamed Lemine, Ing\u00e9nieur, pr\u00e9c\u00e9demment Directeur des \u00c9quipements et de la Maintenance \u00e0 la Direction G\u00e9n\u00e9rale des Syst\u00e8mes d\u2019Information et de la Communication.<\/p>\n<p>Directeur des \u00c9quipements et de la Maintenance :<\/p>\n<p>Brahim El Mehdy El Moustaph, Ing\u00e9nieur, pr\u00e9c\u00e9demment au Cabinet du Ministre.<\/p>\n<p>Centre de la Documentation et de la Recherche Administrative :<\/p>\n<p>Directeur adjoint :<\/p>\n<p>Yahya Sidi Abdi, Administrateur adjoint, pr\u00e9c\u00e9demment Directeur du Perfectionnement et des Communications Administratives \u00e0 la Direction G\u00e9n\u00e9rale de l\u2019Administration Territoriale.<\/p>\n<p>Administration territoriale :<\/p>\n<p>1. Wilaya du Hodh Chargui :<\/p>\n<p>\u2013 Cabinet du Wali :<\/p>\n<p>Conseiller du Wali charg\u00e9 des affaires politiques et sociales :<\/p>\n<p>El Gheith Sidi Mohamed, Administrateur contractuel, pr\u00e9c\u00e9demment Chef d\u2019Arrondissement de Djonaba.<\/p>\n<p>\u2013 Moughataa de N\u00e9ma :<\/p>\n<p>Hakem :<\/p>\n<p>Adama Ardo Hassan DIA, Administrateur adjoint, pr\u00e9c\u00e9demment Hakem de Toujounine.<\/p>\n<p>\u2013 Moughataa de Timbedra :<\/p>\n<p>Hakem :<\/p>\n<p>Sidi Mohamed Ould Sidina N\u2019Mine, Administrateur, pr\u00e9c\u00e9demment Wali Mou\u00e7aid du Trarza.<\/p>\n<p>\u2013 Moughataa de Djiguenni :<\/p>\n<p>Hakem :<\/p>\n<p>Sidi Mohamed Soueilem, pr\u00e9c\u00e9demment Wali Mou\u00e7aid de l\u2019Adrar.<\/p>\n<p>\u2013 Moughataa de D\u2019har :<\/p>\n<p>Hakem :<\/p>\n<p>El Hassan Sidi Ahmed R\u2019chid, Administrateur, pr\u00e9c\u00e9demment Hakem de Touil.<\/p>\n<p>Hakem Mou\u00e7aid :<\/p>\n<p>Mohamed El Bane, Administrateur \u00e0 l\u2019Agence Nationale du Registre des Populations et des Documents S\u00e9curis\u00e9s, pr\u00e9c\u00e9demment au Cabinet du Ministre.<\/p>\n<p>\u2013 Moughataa de Bassiknou :<\/p>\n<p>Hakem Mou\u00e7aid :<\/p>\n<p>Moutal Abdallah, Administrateur contractuel, pr\u00e9c\u00e9demment au Cabinet du Ministre.<\/p>\n<p>\u2013 Moughataa de Oualata :<\/p>\n<p>Hakem Mou\u00e7aid:<\/p>\n<p>Imam Eddine Salah, Administrateur, pr\u00e9c\u00e9demment Secr\u00e9taire g\u00e9n\u00e9ral de la Moughataa de Ouadane.<\/p>\n<p>2. Wilaya du Hodh El Gharbi<\/p>\n<p>Wali :<\/p>\n<p>Mohamed Ahmed Maouloud, administrateur, pr\u00e9c\u00e9demment Wali du Tagant.<\/p>\n<p>\u2013 Cabinet du Wali :<\/p>\n<p>Wali Mou\u00e7aid :<\/p>\n<p>Mohamed Abdallah FALL, Administrateur, pr\u00e9c\u00e9demment Conseiller du Wali du Hodh El Gharbi charg\u00e9 des affaires politiques et sociales.<\/p>\n<p>Directeur de Cabinet du Wali :<\/p>\n<p>Oumar Tayeb, Administrateur, pr\u00e9c\u00e9demment Conseiller du Wali du Tagant charg\u00e9 des affaires administratives et juridiques.<\/p>\n<p>Conseiller du Wali charg\u00e9 des affaires juridiques et administratives :<\/p>\n<p>Sidi Mohamed Sidaty, administrateur adjoint, pr\u00e9c\u00e9demment Conseiller du Wali de l\u2019Assaba charg\u00e9 des affaires juridiques et administratives<\/p>\n<p>Conseiller du Wali charg\u00e9 des affaires politiques et sociales :<\/p>\n<p>Ahmed Beybecar, Administrateur adjoint, pr\u00e9c\u00e9demment Hakem Mou\u00e7aid de Bark\u00e9ol.<\/p>\n<p>\u2013 Moughataa d\u2019Aioun :<\/p>\n<p>Hakem :<\/p>\n<p>Bellahi Sidi Mohamed, Administrateur, pr\u00e9c\u00e9demment Hakem de N\u00e9ma.<\/p>\n<p>Hakem Mou\u00e7aid :<\/p>\n<p>Sid\u2019Elemine Mohamed, Administrateur, pr\u00e9c\u00e9demment Hakem adjoint de Oualata.<\/p>\n<p>\u2013 Moughataa de Kobenni :<\/p>\n<p>Hakem :<\/p>\n<p>Mohamed Cheikh Ally, Administrateur adjoint, pr\u00e9c\u00e9demment Hakem de Ould Yeng\u00e9.<\/p>\n<p>\u2013 Moughataa de Tamchekett :<\/p>\n<p>Hakem:<\/p>\n<p>Yahya Bano Mohamed El Emine, Administrateur adjoint, pr\u00e9c\u00e9demment Conseiller du Wali du Trarza charg\u00e9 des affaires \u00e9conomiques et du d\u00e9veloppement local.<\/p>\n<p>Hakem Mou\u00e7aid :<\/p>\n<p>Moulaye El Bechir El Houssein, R\u00e9dacteur d\u2019Administration G\u00e9n\u00e9rale, pr\u00e9c\u00e9demment Hakem Mou\u00e7aid de D\u2019har.<\/p>\n<p>\u2013 Moughataa de Tintane :<\/p>\n<p>Hakem :<\/p>\n<p>Oumar Abdoulaye Mbodj, Administrateur adjoint, pr\u00e9c\u00e9demment Hakem de Tichitt.<\/p>\n<p>\u2013 Moughataa de Touil :<\/p>\n<p>Hakem :<\/p>\n<p>Mohamed Abdallah Cheikh Sidia, pr\u00e9c\u00e9demment Wali Mou\u00e7aid du Hodh El Gharbi.<\/p>\n<p>3. Wilaya de l\u2019Assaba<\/p>\n<p>Cabinet du Wali :<\/p>\n<p>Conseiller du Wali charg\u00e9 des affaires juridiques et administratives :<\/p>\n<p>Mohamed Vall Ch\u2019mataa, administrateur adjoint, pr\u00e9c\u00e9demment Conseiller du Wali du Hodh El Gharbi charg\u00e9 des affaires juridiques et administratives.<\/p>\n<p>\u2013 Moughataa de Boumdeid :<\/p>\n<p>Hakem :<\/p>\n<p>Moussa Abdoulaye Mbaye, Administrateur adjoint, pr\u00e9c\u00e9demment Hakem adjoint de Tamchekett.<\/p>\n<p>Hakem Mou\u00e7aid :<\/p>\n<p>Yaacoub Hamine Hamine, R\u00e9dacteur d\u2019Administration G\u00e9n\u00e9rale, pr\u00e9c\u00e9demment au Cabinet du Ministre.<\/p>\n<p>\u2013 Moughataa de Bark\u00e9ol :<\/p>\n<p>Hakem :<\/p>\n<p>Mohamed Yahya Abdel Wahab, Administrateur adjoint, pr\u00e9c\u00e9demment Hakem de D\u2019har.<\/p>\n<p>Hakem Mou\u00e7aid :<\/p>\n<p>Khalifa El Mouatamir Cheikh Abderrahmane, Administrateur contractuel, pr\u00e9c\u00e9demment Hakem Mou\u00e7aid de Ould Yeng\u00e9.<\/p>\n<p>\u2013 Moughataa de Kankossa :<\/p>\n<p>Hakem :<\/p>\n<p>Khattary Sidi Mohamed, Administrateur, pr\u00e9c\u00e9demment Hakem de Maghama.<\/p>\n<p>Chef d\u2019arrondissement de Hamed :<\/p>\n<p>Mohamed Sidaty, Administrateur, pr\u00e9c\u00e9demment Hakem Mou\u00e7aid de Boumdeid.<\/p>\n<p>4. Wilaya du Gorgol:<\/p>\n<p>\u2013 Cabinet du Wali :<\/p>\n<p>Wali Mou\u00e7aid :<\/p>\n<p>Mohamed Abdel Fettah Ahmed, Administrateur, pr\u00e9c\u00e9demment Wali Mou\u00e7aid du Tagant.<\/p>\n<p>Directeur de cabinet du Wali :<\/p>\n<p>Mohamed Mostapha Mohamed El Mokhtar, administrateur adjoint, pr\u00e9c\u00e9demment chef d\u2019Arrondissement de Tachott.<\/p>\n<p>\u2013 Moughataa de Ka\u00e9di :<\/p>\n<p>Hakem :<\/p>\n<p>Sidna Hamadi Zein El Abidine, Administrateur, pr\u00e9c\u00e9demment Hakem de Kankossa.<\/p>\n<p>\u2013 Moughataa de Maghama :<\/p>\n<p>Hakem :<\/p>\n<p>El Moukhtar Ahmed Baba, Administrateur, pr\u00e9c\u00e9demment Wali Mou\u00e7aid du Tiris Zemmour.<\/p>\n<p>\u2013 Moughataa de Mbout :<\/p>\n<p>Hakem Mou\u00e7aid :<\/p>\n<p>El Hassan Siddeyna, Administrateur contractuel, pr\u00e9c\u00e9demment Hakem Mou\u00e7aid de M\u2019Bagne.<\/p>\n<p>5. Wilaya du Brakna:<\/p>\n<p>Wali :<\/p>\n<p>Teyib Ould Mohamed Mahmoud, administrateur adjoint, pr\u00e9c\u00e9demment Wali du Tiris Zemmour.<\/p>\n<p>\u2013 Cabinet du Wali :<\/p>\n<p>Wali Mou\u00e7aid :<\/p>\n<p>Mohamed Ahmed Mohamed El Mouna, administrateur, pr\u00e9c\u00e9demment directeur de cabinet du Wali du Gorgol.<\/p>\n<p>Directeur de Cabinet du Wali :<\/p>\n<p>Mohamed El Emine Sad Ballah, Administrateur, pr\u00e9c\u00e9demment Directeur de Cabinet du Wali du Guidimagha.<\/p>\n<p>Conseiller charg\u00e9 des affaires \u00e9conomiques et du d\u00e9veloppement local :<\/p>\n<p>Ahmed Yahya Cheikh Sidia, Administrateur, pr\u00e9c\u00e9demment Conseiller du Wali du Hodh Chargui charg\u00e9 des affaires politiques et sociales.<\/p>\n<p>\u2013 Moughataa de Maal :<\/p>\n<p>Hakem :<\/p>\n<p>Oumar Cheikh Ely, Administrateur, pr\u00e9c\u00e9demment Hakem de Kobenni.<\/p>\n<p>\u2013 Moughataa de M\u2019Bagne :<\/p>\n<p>Hakem Mou\u00e7aid :<\/p>\n<p>Zakaria Mohamed El Moustapha El Kharrachi, Administrateur contractuel, pr\u00e9c\u00e9demment Hakem Mou\u00e7aid de Tichitt.<\/p>\n<p>\u2013 Moughataa de Maghtaa Lahjar :<\/p>\n<p>Arrondissement de Djonaba :<\/p>\n<p>Chef d\u2019Arrondissement, El Hadj Aly Sid\u2019Mahmoud, administrateur civil, pr\u00e9c\u00e9demment Hakem Mou\u00e7aid de Bassiknou.<\/p>\n<p>6. Wilaya du Trarza :<\/p>\n<p>\u2013 Cabinet du Wali :<\/p>\n<p>Wali Mou\u00e7aid :<\/p>\n<p>Sidi Mohamed Abdallah, Administrateur adjoint, pr\u00e9c\u00e9demment Wali Mou\u00e7aid du Brakna.<\/p>\n<p>Conseiller du Wali charg\u00e9 des affaires \u00e9conomiques et du d\u00e9veloppement local :<\/p>\n<p>Mohamed Sidi Merzoug, Professeur, pr\u00e9c\u00e9demment au cabinet du Ministre.<\/p>\n<p>\u2013 Moughataa de Rosso :<\/p>\n<p>Hakem Mou\u00e7aid :<\/p>\n<p>Sidaty El Ghotob, Administrateur, pr\u00e9c\u00e9demment au cabinet du Ministre.<\/p>\n<p>Arrondissement de Jadr El Mohguen :<\/p>\n<p>Chef d\u2019Arrondissement, Taher Medou Mohamed Taher, R\u00e9dacteur d\u2019Administration G\u00e9n\u00e9rale, pr\u00e9c\u00e9demment au Cabinet du Ministre.<\/p>\n<p>\u2013 Moughataa de Ouad Naga :<\/p>\n<p>Hakem :<\/p>\n<p>Mohamed Vall Lebatt Ahmed Vall, Administrateur contractuel, pr\u00e9c\u00e9demment Hakem de Chami,<\/p>\n<p>Hakem Mou\u00e7aid :<\/p>\n<p>Sidi Mohamed, administrateur contractuel, pr\u00e9c\u00e9demment Hakem Mou\u00e7aid de Chami.<\/p>\n<p>\u2013 Moughataa de Mederdra :<\/p>\n<p>Hakem Mou\u00e7aid :<\/p>\n<p>Mohamed Ahid Cheikh Sidi Mohamed Hamili, r\u00e9dacteur d\u2019administration g\u00e9n\u00e9rale, pr\u00e9c\u00e9demment au cabinet du Ministre.<\/p>\n<p>7. Wilaya de l\u2019Adrar :<\/p>\n<p>\u2013 Cabinet du Wali :<\/p>\n<p>Wali Mou\u00e7aid :<\/p>\n<p>Aboubekrine Mohamed, administrateur, pr\u00e9c\u00e9demment chef d\u2019arrondissement de Choum.<\/p>\n<p>Conseiller du Wali charg\u00e9 des affaires \u00e9conomiques et du d\u00e9veloppement local :<\/p>\n<p>Seyid Sam, administrateur, pr\u00e9c\u00e9demment conseiller du Wali de l\u2019Inchiri charg\u00e9 des affaires \u00e9conomiques et du d\u00e9veloppement local.<\/p>\n<p>Conseiller du Wali Charg\u00e9 des affaires politiques et sociales :<\/p>\n<p>Elemine Jidou, administrateur contractuel, pr\u00e9c\u00e9demment conseiller du Wali de Nouakchott Nord charg\u00e9 des affaires \u00e9conomiques et du d\u00e9veloppement local.<\/p>\n<p>\u2013 Mouagataa d\u2019Atar :<\/p>\n<p>Arrondissement de Choum :<\/p>\n<p>Chef d\u2019Arrondissement, Cheikh Ahmed Mohameden, Administrateur, pr\u00e9c\u00e9demment Hakem Mou\u00e7aid de Mbout.<\/p>\n<p>\u2013 Moughataa de Ouadane :<\/p>\n<p>Hakem :<\/p>\n<p>Taleb Ahmed Mohamed Lemine, administrateur adjoint, pr\u00e9c\u00e9demment charg\u00e9 de mission au cabinet du Ministre.<\/p>\n<p>8. Wilaya de Dakhlet Nouadhibou:<\/p>\n<p>Wali :<\/p>\n<p>Tfeila Mohameden Haden, administrateur, pr\u00e9c\u00e9demment Wali de Nouakchott Nord.<\/p>\n<p>Moughataa de Chami :<\/p>\n<p>Hakem :<\/p>\n<p>Mohamed Abdallahi Zeine, Administrateur adjoint, pr\u00e9c\u00e9demment Hakem de Ouad Naga.<\/p>\n<p>Hakem Mou\u00e7aid :<\/p>\n<p>El Moustafa Mohamed Saleh, administrateur contractuel, pr\u00e9c\u00e9demment Hakem Mou\u00e7aid de Ouad Naga.<\/p>\n<p>9. Wilaya du Tagant :<\/p>\n<p>Wali :<\/p>\n<p>Ahmada Kelly, pr\u00e9c\u00e9demment Wali du Hodh El Gharbi.<\/p>\n<p>\u2013 Cabinet du Wali :<\/p>\n<p>Wali Mou\u00e7aid :<\/p>\n<p>Sidi Mohamed Abderrahmane, Administrateur adjoint, pr\u00e9c\u00e9demment Directeur de Cabinet du Wali du Hodh El Gharbi.<\/p>\n<p>Conseiller du Wali charg\u00e9 des affaires administratives et juridiques :<\/p>\n<p>Mohamed Amadou DIA, Administrateur adjoint, pr\u00e9c\u00e9demment Hakem de Djiguenni.<\/p>\n<p>Conseiller du Wali charg\u00e9 des affaires politiques et sociales :<\/p>\n<p>Ahmedou Tourad, Administrateur, pr\u00e9c\u00e9demment Hakem Mou\u00e7aid de Rosso.<\/p>\n<p>\u2013 Moughataa de Tichitt :<\/p>\n<p>Hakem :<\/p>\n<p>Mohamed Sa\u00efd Baguili, Administrateur contractuel, pr\u00e9c\u00e9demment Hakem de Tamchekett.<\/p>\n<p>Hakem Mou\u00e7aid :<\/p>\n<p>Mohameden Oumar FALL, Administrateur, pr\u00e9c\u00e9demment Secr\u00e9taire g\u00e9n\u00e9ral de la Moughataa de R\u2019kiz.<\/p>\n<p>10. Wilaya du Guidimagha :<\/p>\n<p>\u2013 Cabinet du Wali :<\/p>\n<p>Directeur de Cabinet du Wali :<\/p>\n<p>Mohamed Sid\u2019Ahmed El Bekaye, Administrateur adjoint, pr\u00e9c\u00e9demment Chef d\u2019Arrondissement de Hamed.<\/p>\n<p>\u2013 Moughataa de S\u00e9libabi :<\/p>\n<p>Arrondissement de Tachott :<\/p>\n<p>Chef d\u2019Arrondissement, Brahim Mohamed Ahmed T\u2019leymidi, Administrateur au niveau de l\u2019agence nationale du registre national des populations et des titres s\u00e9curis\u00e9s, pr\u00e9c\u00e9demment Hakem Mou\u00e7aid d\u2019Aioun.<\/p>\n<p>\u2013 Moughataa de Ould Yeng\u00e9 :<\/p>\n<p>Hakem :<\/p>\n<p>Zeidane Sidaty, Administrateur, pr\u00e9c\u00e9demment Directeur de Cabinet du Wali du Brakna.<\/p>\n<p>Hakem Mou\u00e7aid :<\/p>\n<p>Yaacoub Mohamed Ekhchoum, administrateur contractuel, pr\u00e9c\u00e9demment au Cabinet du Ministre.<\/p>\n<p>11. Wilaya du Tiris Zemmour :<\/p>\n<p>Wali :<\/p>\n<p>Idriss Damba Korera, pr\u00e9c\u00e9demment Wali de l\u2019Inchiri.<\/p>\n<p>\u2013 Cabinet du Wali :<\/p>\n<p>Wali Mou\u00e7aid :<\/p>\n<p>Ahmed Bezeid Ahmed Yacoub, Administrateur, pr\u00e9c\u00e9demment Wali Mou\u00e7aid du Gorgol.<\/p>\n<p>\u2013 Moughataa de Bir Moghrein :<\/p>\n<p>Hakem :<\/p>\n<p>Colonel Fah Cheikna T\u2019LAMID, pr\u00e9c\u00e9demment au Minist\u00e8re de la D\u00e9fense, des Affaires des Retrait\u00e9s et des Enfants des Martyrs.<\/p>\n<p>12. Wilaya de l\u2019Inchiri :<\/p>\n<p>Wali :<\/p>\n<p>Moulaye Idriss Guig, pr\u00e9c\u00e9demment inspecteur g\u00e9n\u00e9ral du Minist\u00e8re.<\/p>\n<p>\u2013 Cabinet du Wali :<\/p>\n<p>Conseiller du Wali charg\u00e9 des affaires juridiques et administratives :<\/p>\n<p>Yacoub Isma\u00efl, Administrateur, pr\u00e9c\u00e9demment Conseiller du Wali du Tagant charg\u00e9 des affaires politiques et sociales.<\/p>\n<p>Conseiller du Wali charg\u00e9 des affaires \u00e9conomiques et du d\u00e9veloppement local :<\/p>\n<p>Ahmedou Ahmed Mahmoud Bah, administrateur, pr\u00e9c\u00e9demment Conseiller du Wali de l\u2019Inchiri charg\u00e9 des affaires politiques et sociales.<\/p>\n<p>Conseiller du Wali charg\u00e9 des affaires politiques et sociales :<\/p>\n<p>Hamma Mohamed El Moustapha Seyidi, administrateur \u00e0 l\u2019Agence Nationale du Registre des Populations et des Titres S\u00e9curis\u00e9s, pr\u00e9c\u00e9demment au cabinet du Ministre.<\/p>\n<p>13. Wilaya de Nouakchott Ouest :<\/p>\n<p>Wali :<\/p>\n<p>Hamoud Ould M\u2019hamad, administrateur civil.<\/p>\n<p>\u2013 Cabinet du Wali :<\/p>\n<p>Conseiller du Wali charg\u00e9 des affaires juridiques et administratives :<\/p>\n<p>Mohamed Ahmed Mohamed Mahmoud, Administrateur contractuel, pr\u00e9c\u00e9demment Conseiller du Wali du Brakna charg\u00e9 des affaires \u00e9conomiques et du d\u00e9veloppement local.<\/p>\n<p>\u2013 Moughataa de Tevragh-Zeina :<\/p>\n<p>Hakem :<\/p>\n<p>Zeinebou Messoud, Administrateur, pr\u00e9c\u00e9demment Hakem de Ksar.<\/p>\n<p>\u2013 Moughataa de Ksar :<\/p>\n<p>Hakem :<\/p>\n<p>Aatika Taleb Mohamed Jidna, Administrateur, pr\u00e9c\u00e9demment Conseill\u00e8re du Wali de Nouakchott Ouest charg\u00e9e des affaires juridiques et administratives.<\/p>\n<p>Hakem Mou\u00e7aid :<\/p>\n<p>Vayza Mint Maaleynine, administrateur adjoint, pr\u00e9c\u00e9demment Hakem Mou\u00e7aid de Mederdra.<\/p>\n<p>14. Wilaya de Nouakchott Nord :<\/p>\n<p>Wali :<\/p>\n<p>Nagi khattry M\u2019beirick, pr\u00e9c\u00e9demment Secr\u00e9taire G\u00e9n\u00e9ral du Minist\u00e8re de l\u2019autonomisation des Jeunes, de L\u2019emploi, des Sports et du Service Civique.<\/p>\n<p>Cabinet du Wali :<\/p>\n<p>Wali Mou\u00e7aid :<\/p>\n<p>Mohamed Nami, Administrateur, pr\u00e9c\u00e9demment Hakem de Timbedra.<\/p>\n<p>Conseiller du wali charg\u00e9 des affaires \u00e9conomiques et du d\u00e9veloppement local.<\/p>\n<p>Mohamed Sid\u2019Ahmed Ely, administrateur contractuel, pr\u00e9c\u00e9demment conseiller du Wali de l\u2019Adrar charg\u00e9 des affaires politiques et sociales.<\/p>\n<p>\u2013 Moughataa de Toujounine :<\/p>\n<p>Hakem :<\/p>\n<p>Moussa GUEYE, Administrateur, pr\u00e9c\u00e9demment Hakem de Boumdeid.<\/p>\n<p>15. Wilaya de Nouakchott Sud :<\/p>\n<p>Wali :<\/p>\n<p>Guisset Dialel Abou, pr\u00e9c\u00e9demment Directeur des Etudes, de la Programmation et de la Coop\u00e9ration au Minist\u00e8re du Commerce et du Tourisme<\/p>\n<p>Cabinet du Wali :<\/p>\n<p>Conseiller du Wali charg\u00e9 des affaires juridiques et administratives :<\/p>\n<p>Lemine M\u2019bark, Administrateur, pr\u00e9c\u00e9demment Hakem d\u2019Aioun.<\/p>\n<p>\u2013 Moughataa d\u2019El Mina :<\/p>\n<p>Hakem :<\/p>\n<p>Ebi Mohamed M\u2019barek H\u2019meidi, Administrateur adjoint, pr\u00e9c\u00e9demment Hakem de Tevragh-Zeina.<br \/>\nAmi<\/p>\n","protected":false},"excerpt":{"rendered":"<p>Le Conseil des Ministres s\u2019est r\u00e9uni le mercredi 31 d\u00e9cembre 2025, sous la Pr\u00e9sidence de Son Excellence Monsieur Mohamed OULD CHEIKH EL-GHAZOUANI, Pr\u00e9sident de la R\u00e9publique. Le Conseil a examin\u00e9 et adopt\u00e9 les projets de textes suivants : \u2010 Projet de loi autorisant la ratification de la convention de cr\u00e9dit, sign\u00e9e le 15 d\u00e9cembre 2025, &hellip;<\/p>\n","protected":false},"author":2,"featured_media":19913,"comment_status":"open","ping_status":"open","sticky":false,"template":"","format":"standard","meta":{"footnotes":""},"categories":[18,31],"tags":[],"class_list":["post-19912","post","type-post","status-publish","format-standard","has-post-thumbnail","hentry","category-actualites","category-politique-et-reportages"],"_links":{"self":[{"href":"https:\/\/ladepeche.mr\/index.php?rest_route=\/wp\/v2\/posts\/19912","targetHints":{"allow":["GET"]}}],"collection":[{"href":"https:\/\/ladepeche.mr\/index.php?rest_route=\/wp\/v2\/posts"}],"about":[{"href":"https:\/\/ladepeche.mr\/index.php?rest_route=\/wp\/v2\/types\/post"}],"author":[{"embeddable":true,"href":"https:\/\/ladepeche.mr\/index.php?rest_route=\/wp\/v2\/users\/2"}],"replies":[{"embeddable":true,"href":"https:\/\/ladepeche.mr\/index.php?rest_route=%2Fwp%2Fv2%2Fcomments&post=19912"}],"version-history":[{"count":1,"href":"https:\/\/ladepeche.mr\/index.php?rest_route=\/wp\/v2\/posts\/19912\/revisions"}],"predecessor-version":[{"id":19914,"href":"https:\/\/ladepeche.mr\/index.php?rest_route=\/wp\/v2\/posts\/19912\/revisions\/19914"}],"wp:featuredmedia":[{"embeddable":true,"href":"https:\/\/ladepeche.mr\/index.php?rest_route=\/wp\/v2\/media\/19913"}],"wp:attachment":[{"href":"https:\/\/ladepeche.mr\/index.php?rest_route=%2Fwp%2Fv2%2Fmedia&parent=19912"}],"wp:term":[{"taxonomy":"category","embeddable":true,"href":"https:\/\/ladepeche.mr\/index.php?rest_route=%2Fwp%2Fv2%2Fcategories&post=19912"},{"taxonomy":"post_tag","embeddable":true,"href":"https:\/\/ladepeche.mr\/index.php?rest_route=%2Fwp%2Fv2%2Ftags&post=19912"}],"curies":[{"name":"wp","href":"https:\/\/api.w.org\/{rel}","templated":true}]}}