{"id":1992,"date":"2022-09-20T18:36:56","date_gmt":"2022-09-20T18:36:56","guid":{"rendered":"https:\/\/ladepeche.mr\/?p=1992"},"modified":"2022-09-20T18:36:56","modified_gmt":"2022-09-20T18:36:56","slug":"apres-le-retrait-de-ses-hommes-du-mali-le-chef-de-barkhane-fait-le-compte-rendu-au-president-ghazouani","status":"publish","type":"post","link":"https:\/\/ladepeche.mr\/?p=1992","title":{"rendered":"Apr\u00e8s le retrait de ses hommes du Mali : Le Chef de Barkhane fait le compte-rendu au pr\u00e9sident Ghazouani"},"content":{"rendered":"<p>Le pr\u00e9sident Mohamed Ould Cheikh El Ghazouani a re\u00e7u mardi en audience le g\u00e9n\u00e9ral de division, Bruno Baratz, commandant de la force Barkhane. Cette entrevue intervient \u00e0 quelques jours du retrait total, le 15 ao\u00fbt 2022, de la force fran\u00e7aise Barkhane du Mali apr\u00e8s \u00e0 la crise diplomatique intervenue entre Bamako et Paris suite au putsch militaire dans ce pays du G5 Sahel. La d\u00e9cision de se retirer du Mali avait \u00e9t\u00e9 annonc\u00e9e en f\u00e9vrier 2022 par le pr\u00e9sident fran\u00e7ais E. Macron.<\/p>\n<p>En fait, le g\u00e9n\u00e9ral de division, B. Baratz n\u2019a fait que prendre le train en marche de ce retrait en juillet 2022, succ\u00e9dant au GDI Laurent MICHON aux commandes de Barkhane dont le dernier d\u00e9tachement avait quitt\u00e9 la ville de Gao en direction du Tchad.<br \/>\nLe g\u00e9n\u00e9ral de division, B. Baratz, aurait \u00e9voqu\u00e9 avec le pr\u00e9sident Ghazouani la situation au Sahel et les implications du retrait fran\u00e7ais du Mali.<br \/>\nLe retrait de l\u2019Arm\u00e9e fran\u00e7aise et la pr\u00e9sence de mercenaires russes au Mali inqui\u00e8tent aussi bien les autres pays du G5Sahel que les forces de l\u2019Otan en conflit indirect avec les russes \u00e0 cause de l\u2019Ukraine.<br \/>\nTout en pr\u00e9servant ses relations avec les russes, la Mauritanie, qui subit le contrepoids de leur invasion en Ukraine, a r\u00e9it\u00e9r\u00e9 son soutien \u00e0 la souverainet\u00e9 de l\u2019Ukraine sur son territoire.<br \/>\nL\u2019audience accord\u00e9e par le pr\u00e9sident Ghazouani au commandant de Barkhane, s\u2019est d\u00e9roul\u00e9e en pr\u00e9sence de son directeur de cabinet, Ismail Ould Cheikh Ahmed, et de son chef d\u2019\u00e9tat-major particulier, l\u2019Amiral, Isselkou Ould Cheikh El Weli, et de Mme Catherine Disparti, charg\u00e9e d\u2019affaires par int\u00e9rim, du colonel Amaury Rostain, attach\u00e9 de d\u00e9fense, c\u00f4t\u00e9 fran\u00e7ais.<\/p>\n","protected":false},"excerpt":{"rendered":"<p>Le pr\u00e9sident Mohamed Ould Cheikh El Ghazouani a re\u00e7u mardi en audience le g\u00e9n\u00e9ral de division, Bruno Baratz, commandant de la force Barkhane. Cette entrevue intervient \u00e0 quelques jours du retrait total, le 15 ao\u00fbt 2022, de la force fran\u00e7aise Barkhane du Mali apr\u00e8s \u00e0 la crise diplomatique intervenue entre Bamako et Paris suite au &hellip;<\/p>\n","protected":false},"author":2,"featured_media":1993,"comment_status":"open","ping_status":"open","sticky":false,"template":"","format":"standard","meta":{"footnotes":""},"categories":[18,29,28],"tags":[],"class_list":["post-1992","post","type-post","status-publish","format-standard","has-post-thumbnail","hentry","category-actualites","category-monde","category-sahel"],"_links":{"self":[{"href":"https:\/\/ladepeche.mr\/index.php?rest_route=\/wp\/v2\/posts\/1992","targetHints":{"allow":["GET"]}}],"collection":[{"href":"https:\/\/ladepeche.mr\/index.php?rest_route=\/wp\/v2\/posts"}],"about":[{"href":"https:\/\/ladepeche.mr\/index.php?rest_route=\/wp\/v2\/types\/post"}],"author":[{"embeddable":true,"href":"https:\/\/ladepeche.mr\/index.php?rest_route=\/wp\/v2\/users\/2"}],"replies":[{"embeddable":true,"href":"https:\/\/ladepeche.mr\/index.php?rest_route=%2Fwp%2Fv2%2Fcomments&post=1992"}],"version-history":[{"count":1,"href":"https:\/\/ladepeche.mr\/index.php?rest_route=\/wp\/v2\/posts\/1992\/revisions"}],"predecessor-version":[{"id":1994,"href":"https:\/\/ladepeche.mr\/index.php?rest_route=\/wp\/v2\/posts\/1992\/revisions\/1994"}],"wp:featuredmedia":[{"embeddable":true,"href":"https:\/\/ladepeche.mr\/index.php?rest_route=\/wp\/v2\/media\/1993"}],"wp:attachment":[{"href":"https:\/\/ladepeche.mr\/index.php?rest_route=%2Fwp%2Fv2%2Fmedia&parent=1992"}],"wp:term":[{"taxonomy":"category","embeddable":true,"href":"https:\/\/ladepeche.mr\/index.php?rest_route=%2Fwp%2Fv2%2Fcategories&post=1992"},{"taxonomy":"post_tag","embeddable":true,"href":"https:\/\/ladepeche.mr\/index.php?rest_route=%2Fwp%2Fv2%2Ftags&post=1992"}],"curies":[{"name":"wp","href":"https:\/\/api.w.org\/{rel}","templated":true}]}}