{"id":19928,"date":"2026-01-02T15:35:43","date_gmt":"2026-01-02T15:35:43","guid":{"rendered":"https:\/\/ladepeche.mr\/?p=19928"},"modified":"2026-01-02T15:35:43","modified_gmt":"2026-01-02T15:35:43","slug":"travel-ban-assimi-goita-et-ibrahim-traore-repondent-a-donald-trump","status":"publish","type":"post","link":"https:\/\/ladepeche.mr\/?p=19928","title":{"rendered":"\u00ab Travel ban \u00bb : Assimi Go\u00efta et Ibrahim Traor\u00e9 r\u00e9pondent \u00e0 Donald Trump"},"content":{"rendered":"<p>Apr\u00e8s l\u2019annonce de restrictions de l\u2019acc\u00e8s des Sah\u00e9liens au territoire am\u00e9ricain, des communiqu\u00e9s officiels du Mali et du Burkina Faso ont annonc\u00e9, ce 30 septembre, des mesures imm\u00e9diates de r\u00e9ciprocit\u00e9 envers les \u00c9tats-Unis.<br \/>\nSi les pays de l\u2019Alliance des \u00c9tats du Sahel (AES) ont \u00e9mis le souhait, lors de la deuxi\u00e8me session ordinaire du Coll\u00e8ge de leurs chefs d\u2019\u00c9tat, d\u2019harmoniser davantage leurs actions, ils s\u2019expriment d\u00e9j\u00e0 r\u00e9guli\u00e8rement en st\u00e9r\u00e9o. Le m\u00eame jour, ce 30 d\u00e9cembre, ce sont deux communiqu\u00e9s quasiment jumeaux qui ont \u00e9t\u00e9 publi\u00e9s par Bamako et Ouagadougou. Dans les deux textes, les autorit\u00e9s nationales maliennes et burkinab\u00e8 indiquent avoir \u00ab pris acte \u00bb d\u2019une d\u00e9cision am\u00e9ricaine annonc\u00e9e le 16 d\u00e9cembre dernier.<br \/>\nWashington mettait alors \u00e0 jour son \u00ab travel ban \u00bb et le Burkina Faso, le Mali et le Niger faisaient leur entr\u00e9e dans la \u00ab liste noire \u00bb des pays aux ressortissants ind\u00e9sirables sur le sol des \u00c9tats-Unis, pour \u00ab d\u00e9ficiences persistantes et s\u00e9v\u00e8res \u00bb dans les syst\u00e8mes de contr\u00f4le, de v\u00e9rification et de partage d\u2019informations ou m\u00eame risque de nuisance \u00ab \u00e0 la culture, au gouvernement, aux institutions ou aux principes fondateurs \u00bb des \u00c9tats-Unis. N\u2019\u00e9chappaient \u00e0 la restriction que les r\u00e9sidents permanents l\u00e9gaux ou les titulaires de visas existants, de m\u00eame que certaines cat\u00e9gories de droits d\u2019entr\u00e9e.<\/p>\n<p>Une riposte sous vernis diplomatique<br \/>\nLe Mali et le Burkina Faso ont donc embouch\u00e9 la m\u00eame trompette logique des \u00ab mesures de r\u00e9ciprocit\u00e9 \u00bb consulaire, avec effet imm\u00e9diat, envers les demandeurs de visas originaires des \u00c9tats-Unis. Tout de m\u00eame fid\u00e8le au jargon diplomatique, le communiqu\u00e9 burkinab\u00e8 accorde \u00e0 la d\u00e9cision am\u00e9ricaine son caract\u00e8re \u00ab souverain \u00bb.<br \/>\nDe m\u00eame que les autorit\u00e9s maliennes r\u00e9affirment leur attachement \u00e0 des relations de coop\u00e9ration avec les \u00c9tats-Unis, mais \u00ab fond\u00e9es sur le respect mutuel \u00bb, celles du Burkina pr\u00e9cisent que les mesures \u00e9quivalentes n\u2019entament en rien leur volont\u00e9 de maintenir une coop\u00e9ration constructive avec Washington.<\/p>\n<p>La frilosit\u00e9 am\u00e9ricaine \u00e0 l\u2019\u00e9gard des pays sah\u00e9liens s\u2019\u00e9tait d\u00e9j\u00e0 manifest\u00e9e. D\u00e8s octobre 2025, les \u00c9tats-Unis avaient inclus le Mali dans un programme pilote imposant des cautions financi\u00e8res \u00e9lev\u00e9es \u00e0 certains demandeurs de visas de court s\u00e9jour. Plus r\u00e9cemment, lorsqu\u2019apparaissaient les signes de p\u00e9nurie de carburant dans la zone de Bamako, les autorit\u00e9s am\u00e9ricaines avaient recommand\u00e9 \u00e0 leurs ressortissants d\u2019\u00e9viter tout d\u00e9placement au Mali et \u00e0 ceux d\u00e9j\u00e0 pr\u00e9sents de quitter le pays.<\/p>\n<p>Alarmisme am\u00e9ricain ?<br \/>\nL\u2019\u00ab alarmisme \u00bb am\u00e9ricain est d\u00e9nonc\u00e9 au Sahel. Le minist\u00e8re malien des Affaires \u00e9trang\u00e8res conteste le diagnostic s\u00e9curitaire des Occidentaux qu\u2019il juge \u00ab en contradiction avec les \u00e9volutions r\u00e9elles sur le terrain \u00bb. En sus, les autorit\u00e9s maliennes regrettent que l\u2019actualisation du travel ban ait \u00e9t\u00e9 effectu\u00e9e \u00ab sans la moindre concertation pr\u00e9alable \u00bb.<\/p>\n<p>Si les communiqu\u00e9s du 30 d\u00e9cembre ne sont que malien et burkinab\u00e8, c\u2019est que le troisi\u00e8me membre de l\u2019AES a d\u00e9gain\u00e9 plus vite. Au lendemain de No\u00ebl d\u00e9j\u00e0, le Niger interdisait l\u2019entr\u00e9e sur son territoire aux citoyens am\u00e9ricains, \u00ab en guise de repr\u00e9sailles \u00bb.<br \/>\nhttps:\/\/www.msn.com\/fr-xl\/actualite\/other\/travel-ban-assimi-go%C3%AFta-et-ibrahim-traor%C3%A9-r%C3%A9pondent-%C3%A0-donald-trump\/ar-AA1Tmdsv?ocid=BingNewsSerp<\/p>\n","protected":false},"excerpt":{"rendered":"<p>Apr\u00e8s l\u2019annonce de restrictions de l\u2019acc\u00e8s des Sah\u00e9liens au territoire am\u00e9ricain, des communiqu\u00e9s officiels du Mali et du Burkina Faso ont annonc\u00e9, ce 30 septembre, des mesures imm\u00e9diates de r\u00e9ciprocit\u00e9 envers les \u00c9tats-Unis. Si les pays de l\u2019Alliance des \u00c9tats du Sahel (AES) ont \u00e9mis le souhait, lors de la deuxi\u00e8me session ordinaire du Coll\u00e8ge &hellip;<\/p>\n","protected":false},"author":2,"featured_media":19929,"comment_status":"open","ping_status":"open","sticky":false,"template":"","format":"standard","meta":{"footnotes":""},"categories":[18,29],"tags":[],"class_list":["post-19928","post","type-post","status-publish","format-standard","has-post-thumbnail","hentry","category-actualites","category-monde"],"_links":{"self":[{"href":"https:\/\/ladepeche.mr\/index.php?rest_route=\/wp\/v2\/posts\/19928","targetHints":{"allow":["GET"]}}],"collection":[{"href":"https:\/\/ladepeche.mr\/index.php?rest_route=\/wp\/v2\/posts"}],"about":[{"href":"https:\/\/ladepeche.mr\/index.php?rest_route=\/wp\/v2\/types\/post"}],"author":[{"embeddable":true,"href":"https:\/\/ladepeche.mr\/index.php?rest_route=\/wp\/v2\/users\/2"}],"replies":[{"embeddable":true,"href":"https:\/\/ladepeche.mr\/index.php?rest_route=%2Fwp%2Fv2%2Fcomments&post=19928"}],"version-history":[{"count":1,"href":"https:\/\/ladepeche.mr\/index.php?rest_route=\/wp\/v2\/posts\/19928\/revisions"}],"predecessor-version":[{"id":19930,"href":"https:\/\/ladepeche.mr\/index.php?rest_route=\/wp\/v2\/posts\/19928\/revisions\/19930"}],"wp:featuredmedia":[{"embeddable":true,"href":"https:\/\/ladepeche.mr\/index.php?rest_route=\/wp\/v2\/media\/19929"}],"wp:attachment":[{"href":"https:\/\/ladepeche.mr\/index.php?rest_route=%2Fwp%2Fv2%2Fmedia&parent=19928"}],"wp:term":[{"taxonomy":"category","embeddable":true,"href":"https:\/\/ladepeche.mr\/index.php?rest_route=%2Fwp%2Fv2%2Fcategories&post=19928"},{"taxonomy":"post_tag","embeddable":true,"href":"https:\/\/ladepeche.mr\/index.php?rest_route=%2Fwp%2Fv2%2Ftags&post=19928"}],"curies":[{"name":"wp","href":"https:\/\/api.w.org\/{rel}","templated":true}]}}