{"id":19931,"date":"2026-01-02T15:59:45","date_gmt":"2026-01-02T15:59:45","guid":{"rendered":"https:\/\/ladepeche.mr\/?p=19931"},"modified":"2026-01-02T15:59:45","modified_gmt":"2026-01-02T15:59:45","slug":"production-rizicole-le-pm-pour-un-plan-daction-definissant-une-strategie-agricole-a-long-terme","status":"publish","type":"post","link":"https:\/\/ladepeche.mr\/?p=19931","title":{"rendered":"Production rizicole: le PM pour un plan d\u2019action d\u00e9finissant une strat\u00e9gie agricole \u00e0 long terme"},"content":{"rendered":"<p>Le Premier ministre mauritanien, El Moctar Ould Djay, a pr\u00e9sid\u00e9 mercredi une r\u00e9union consacr\u00e9e \u00e0 la situation du riz local et \u00e0 ses perspectives de d\u00e9veloppement, dans un contexte o\u00f9 la Mauritanie couvre environ 90 % de ses besoins en riz de consommation locale, selon des donn\u00e9es officielles divulgu\u00e9es en en 2024 d\u00e9j\u00e0.<\/p>\n<p>En 2024, le directeur g\u00e9n\u00e9ral de la Soci\u00e9t\u00e9 nationale pour le d\u00e9veloppement rural (Sonader), Hamada Ould Didi,  avait en effet r\u00e9v\u00e9l\u00e9, lors des journ\u00e9es de concertation des acteurs de la fili\u00e8re, que le pays assure pr\u00e8s de 90 % du volume de la consommation nationale de riz, dans le cadre de sa strat\u00e9gie visant l\u2019autosuffisance en cultures de base. <\/p>\n<p>Lors de la r\u00e9union tenue au si\u00e8ge du Premier minist\u00e8re, Mokhtar Ould Djay a soulign\u00e9 que le soutien \u00e0 la production nationale et le renforcement de la s\u00e9curit\u00e9 alimentaire constituent un \u00ab choix strat\u00e9gique \u00bb, conform\u00e9ment aux orientations du pr\u00e9sident Mohamed Ould Cheikh El Ghazouani, visant \u00e0 consolider l\u2019autosuffisance alimentaire, am\u00e9liorer la comp\u00e9titivit\u00e9 du produit local et renforcer la souverainet\u00e9 alimentaire du pays.<\/p>\n<p>Le chef du gouvernement a appel\u00e9 les producteurs et les industriels \u00e0 redoubler d\u2019efforts pour am\u00e9liorer les rendements et augmenter les niveaux de production, afin de garantir la disponibilit\u00e9 du riz en quantit\u00e9 et en qualit\u00e9 suffisantes, tout en assurant sa commercialisation \u00e0 des prix comp\u00e9titifs et en pr\u00e9servant le pouvoir d\u2019achat des consommateurs.<\/p>\n<p>Il a \u00e9galement r\u00e9affirm\u00e9 l\u2019engagement de l\u2019\u00c9tat \u00e0 accompagner les producteurs pour surmonter les contraintes li\u00e9es \u00e0 la production et \u00e0 la commercialisation, en favorisant l\u2019emploi de la main-d\u2019\u0153uvre nationale et le partenariat avec le secteur priv\u00e9.<\/p>\n<p>\u00c0 l\u2019issue de la r\u00e9union, le Premier ministre a ordonn\u00e9 la cr\u00e9ation d\u2019un comit\u00e9 technique multisectoriel, avec la participation de la F\u00e9d\u00e9ration de l\u2019agriculture, charg\u00e9 d\u2019\u00e9laborer un plan d\u2019action d\u00e9finissant une strat\u00e9gie agricole \u00e0 long terme. Celle-ci portera notamment sur la stabilisation des prix, l\u2019\u00e9tude des sols, l\u2019am\u00e9lioration des semences, le d\u00e9veloppement des am\u00e9nagements agricoles, l\u2019acc\u00e8s \u00e0 l\u2019\u00e9lectricit\u00e9 et le d\u00e9senclavement des zones de production.<\/p>\n<p>Les autorit\u00e9s ont r\u00e9affirm\u00e9 leur d\u00e9termination \u00e0 soutenir le d\u00e9veloppement du produit local et \u00e0 lever les obstacles entravant son essor.<\/p>\n<p>(avec Ami)<\/p>\n","protected":false},"excerpt":{"rendered":"<p>Le Premier ministre mauritanien, El Moctar Ould Djay, a pr\u00e9sid\u00e9 mercredi une r\u00e9union consacr\u00e9e \u00e0 la situation du riz local et \u00e0 ses perspectives de d\u00e9veloppement, dans un contexte o\u00f9 la Mauritanie couvre environ 90 % de ses besoins en riz de consommation locale, selon des donn\u00e9es officielles divulgu\u00e9es en en 2024 d\u00e9j\u00e0. En 2024, &hellip;<\/p>\n","protected":false},"author":2,"featured_media":19932,"comment_status":"open","ping_status":"open","sticky":false,"template":"","format":"standard","meta":{"footnotes":""},"categories":[18,2],"tags":[],"class_list":["post-19931","post","type-post","status-publish","format-standard","has-post-thumbnail","hentry","category-actualites","category-economie"],"_links":{"self":[{"href":"https:\/\/ladepeche.mr\/index.php?rest_route=\/wp\/v2\/posts\/19931","targetHints":{"allow":["GET"]}}],"collection":[{"href":"https:\/\/ladepeche.mr\/index.php?rest_route=\/wp\/v2\/posts"}],"about":[{"href":"https:\/\/ladepeche.mr\/index.php?rest_route=\/wp\/v2\/types\/post"}],"author":[{"embeddable":true,"href":"https:\/\/ladepeche.mr\/index.php?rest_route=\/wp\/v2\/users\/2"}],"replies":[{"embeddable":true,"href":"https:\/\/ladepeche.mr\/index.php?rest_route=%2Fwp%2Fv2%2Fcomments&post=19931"}],"version-history":[{"count":1,"href":"https:\/\/ladepeche.mr\/index.php?rest_route=\/wp\/v2\/posts\/19931\/revisions"}],"predecessor-version":[{"id":19933,"href":"https:\/\/ladepeche.mr\/index.php?rest_route=\/wp\/v2\/posts\/19931\/revisions\/19933"}],"wp:featuredmedia":[{"embeddable":true,"href":"https:\/\/ladepeche.mr\/index.php?rest_route=\/wp\/v2\/media\/19932"}],"wp:attachment":[{"href":"https:\/\/ladepeche.mr\/index.php?rest_route=%2Fwp%2Fv2%2Fmedia&parent=19931"}],"wp:term":[{"taxonomy":"category","embeddable":true,"href":"https:\/\/ladepeche.mr\/index.php?rest_route=%2Fwp%2Fv2%2Fcategories&post=19931"},{"taxonomy":"post_tag","embeddable":true,"href":"https:\/\/ladepeche.mr\/index.php?rest_route=%2Fwp%2Fv2%2Ftags&post=19931"}],"curies":[{"name":"wp","href":"https:\/\/api.w.org\/{rel}","templated":true}]}}