{"id":19934,"date":"2026-01-02T16:33:24","date_gmt":"2026-01-02T16:33:24","guid":{"rendered":"https:\/\/ladepeche.mr\/?p=19934"},"modified":"2026-01-02T16:33:24","modified_gmt":"2026-01-02T16:33:24","slug":"production-miniere-la-snim-confirme-sa-dynamique-de-fer","status":"publish","type":"post","link":"https:\/\/ladepeche.mr\/?p=19934","title":{"rendered":"Production mini\u00e8re : La SNIM confirme sa dynamique de fer !"},"content":{"rendered":"<p>La Soci\u00e9t\u00e9 nationale industrielle et mini\u00e8re (SNIM) enregistre, pour la troisi\u00e8me ann\u00e9e cons\u00e9cutive, une production de minerai de fer sup\u00e9rieure au seuil des 14 millions de tonnes. Apr\u00e8s 14,1 millions de tonnes en 2023 et 14,2 millions en 2024, la production a atteint 14,7 millions de tonnes en 2025. Une performance remarquable qui, selon une source experte, \u00abconfirme la solidit\u00e9 et la pertinence de la strat\u00e9gie industrielle du groupe \u00bb.<br \/>\nCette mont\u00e9e en puissance t\u00e9moigne de la capacit\u00e9 de l\u2019entreprise \u00e0 r\u00e9pondre \u00e0 une demande internationale soutenue tout en optimisant ses capacit\u00e9s op\u00e9rationnelles les principales destinations de l\u2019exportation de sa production sont les march\u00e9s europ\u00e9en et chinois.<br \/>\nAu regard de cette trajectoire ascendante, la soci\u00e9t\u00e9 pourrait atteindre, voire d\u00e9passer, les 15,5 millions de tonnes de minerai de fer en 2026. Une perspective qui renforcerait davantage la pr\u00e9sence de la SNIM sur les march\u00e9s mondiaux et consoliderait sa position strat\u00e9gique dans l\u2019industrie mini\u00e8re et son statut de 2\u00e8me entreprise de production de fer sur le Continent.<br \/>\nCette progression continue des exportations s\u2019inscrit dans une dynamique de fer amorc\u00e9e depuis la nomination, en mars 2021, de l\u2019ing\u00e9nieur d\u2019\u00c9tat Mohamed Vall Ould Tleimidi au poste d\u2019administrateur directeur g\u00e9n\u00e9ral. Pur produit de la SNIM, il conna\u00eet parfaitement les rouages de l\u2019entreprise pour y avoir occup\u00e9 plusieurs fonctions cl\u00e9s, notamment celles de directeur commercial, directeur du si\u00e8ge d\u2019exploitation et conseiller du directeur g\u00e9n\u00e9ral, mettant \u00e0 profit une solide exp\u00e9rience interne.<br \/>\nEmployant pr\u00e8s de 6 000 travailleurs, la SNIM occupe aujourd\u2019hui le deuxi\u00e8me rang des producteurs africains de minerai de fer, confirmant ainsi son r\u00f4le central dans l\u2019\u00e9conomie nationale et son rayonnement sur le continent.<\/p>\n","protected":false},"excerpt":{"rendered":"<p>La Soci\u00e9t\u00e9 nationale industrielle et mini\u00e8re (SNIM) enregistre, pour la troisi\u00e8me ann\u00e9e cons\u00e9cutive, une production de minerai de fer sup\u00e9rieure au seuil des 14 millions de tonnes. Apr\u00e8s 14,1 millions de tonnes en 2023 et 14,2 millions en 2024, la production a atteint 14,7 millions de tonnes en 2025. Une performance remarquable qui, selon une &hellip;<\/p>\n","protected":false},"author":2,"featured_media":12388,"comment_status":"open","ping_status":"open","sticky":false,"template":"","format":"standard","meta":{"footnotes":""},"categories":[18,2],"tags":[],"class_list":["post-19934","post","type-post","status-publish","format-standard","has-post-thumbnail","hentry","category-actualites","category-economie"],"_links":{"self":[{"href":"https:\/\/ladepeche.mr\/index.php?rest_route=\/wp\/v2\/posts\/19934","targetHints":{"allow":["GET"]}}],"collection":[{"href":"https:\/\/ladepeche.mr\/index.php?rest_route=\/wp\/v2\/posts"}],"about":[{"href":"https:\/\/ladepeche.mr\/index.php?rest_route=\/wp\/v2\/types\/post"}],"author":[{"embeddable":true,"href":"https:\/\/ladepeche.mr\/index.php?rest_route=\/wp\/v2\/users\/2"}],"replies":[{"embeddable":true,"href":"https:\/\/ladepeche.mr\/index.php?rest_route=%2Fwp%2Fv2%2Fcomments&post=19934"}],"version-history":[{"count":1,"href":"https:\/\/ladepeche.mr\/index.php?rest_route=\/wp\/v2\/posts\/19934\/revisions"}],"predecessor-version":[{"id":19935,"href":"https:\/\/ladepeche.mr\/index.php?rest_route=\/wp\/v2\/posts\/19934\/revisions\/19935"}],"wp:featuredmedia":[{"embeddable":true,"href":"https:\/\/ladepeche.mr\/index.php?rest_route=\/wp\/v2\/media\/12388"}],"wp:attachment":[{"href":"https:\/\/ladepeche.mr\/index.php?rest_route=%2Fwp%2Fv2%2Fmedia&parent=19934"}],"wp:term":[{"taxonomy":"category","embeddable":true,"href":"https:\/\/ladepeche.mr\/index.php?rest_route=%2Fwp%2Fv2%2Fcategories&post=19934"},{"taxonomy":"post_tag","embeddable":true,"href":"https:\/\/ladepeche.mr\/index.php?rest_route=%2Fwp%2Fv2%2Ftags&post=19934"}],"curies":[{"name":"wp","href":"https:\/\/api.w.org\/{rel}","templated":true}]}}