{"id":19940,"date":"2026-01-03T14:38:00","date_gmt":"2026-01-03T14:38:00","guid":{"rendered":"https:\/\/ladepeche.mr\/?p=19940"},"modified":"2026-01-03T14:55:15","modified_gmt":"2026-01-03T14:55:15","slug":"les-etats-unis-attaquent-le-venezuela-et-capture-son-president-nicolas-maduro","status":"publish","type":"post","link":"https:\/\/ladepeche.mr\/?p=19940","title":{"rendered":"Les \u00c9tats-Unis attaquent le Venezuela et capturent son pr\u00e9sident, Nicolas Maduro"},"content":{"rendered":"<p><strong>Trump dit avoir regard\u00e9 en direct la capture de Maduro<\/strong><br \/>\nLe pr\u00e9sident am\u00e9ricain Donald Trump a affirm\u00e9 samedi avoir regard\u00e9 en direct l&#8217;op\u00e9ration de capture et d&#8217;exfiltration de son homologue v\u00e9n\u00e9zu\u00e9lien, Nicolas Maduro. Je l&#8217;ai regard\u00e9e litt\u00e9ralement comme j&#8217;aurais regard\u00e9 une \u00e9mission t\u00e9l\u00e9vis\u00e9e, a d\u00e9clar\u00e9 Donald Trump dans une entrevue \u00e0 Fox News. Nous l&#8217;avons regard\u00e9e dans une salle et nous en avons suivi tous les aspects, a-t-il ajout\u00e9, sans pr\u00e9ciser qui \u00e9tait \u00e9galement pr\u00e9sent avec lui.<br \/>\nLe pr\u00e9sident am\u00e9ricain a \u00e9galement affirm\u00e9 avoir parl\u00e9 avec Nicolas Maduro il y a une semaine et que ce dernier souhaitait n\u00e9gocier avec Washington, mais Donald Trump a refus\u00e9 cette offre. Je ne voulais pas n\u00e9gocier , a-t-il affirm\u00e9.<br \/>\nM. Trump a aussi assur\u00e9 qu&#8217;aucun Am\u00e9ricain n&#8217;a \u00e9t\u00e9 tu\u00e9 lors de la capture de M. Maduro, qui se trouvait dans une forteresse. Il \u00e9tait dans un endroit tr\u00e8s bien gard\u00e9, comme une forteresse, a d\u00e9clar\u00e9 le pr\u00e9sident am\u00e9ricain, joint par t\u00e9l\u00e9phone par Fox News. Le fait que personne n&#8217;ait \u00e9t\u00e9 tu\u00e9 est incroyable, a-t-il estim\u00e9, ajoutant que deux hommes ont \u00e9t\u00e9 touch\u00e9s, mais ils sont revenus et sont en bonne forme.<br \/>\n<strong>Avec des informations de l&#8217;AFP<\/strong><\/p>\n<p><strong>Lula d\u00e9nonce \u00ab une grave atteinte \u00e0 la souverainet\u00e9 du Venezuela \u00bb<\/strong><br \/>\nLe pr\u00e9sident br\u00e9silien Luiz Inacio Lula da Silva a condamn\u00e9 samedi une grave atteinte \u00e0 la souverainet\u00e9 du Venezuela apr\u00e8s les bombardements am\u00e9ricains sur Caracas t\u00f4t dans la matin\u00e9e et la capture du pr\u00e9sident Nicolas Maduro.<br \/>\nLes bombardements sur le territoire v\u00e9n\u00e9zu\u00e9lien et la capture de son pr\u00e9sident d\u00e9passent les limites de l&#8217;acceptable et menacent la pr\u00e9servation de la r\u00e9gion en tant que zone de paix, a d\u00e9clar\u00e9 Lula sur X.<br \/>\nIl a \u00e9galement exhort\u00e9 la communaut\u00e9 internationale, par l&#8217;interm\u00e9diaire des Nations unies, \u00e0 r\u00e9pondre vigoureusement \u00e0 ces attaques.<br \/>\nLors de ses premiers mandats (2003-2010), Lula fut un important alli\u00e9 d&#8217;Hugo Chavez (1999-2013), mentor de M. Maduro. Mais sa relation avec ce dernier, qui a succ\u00e9d\u00e9 \u00e0 M. Chavez en 2013 au d\u00e9c\u00e8s de celui-ci, s&#8217;est lentement d\u00e9t\u00e9rior\u00e9e au fil d&#8217;\u00e9lections \u00e0 l&#8217;impartialit\u00e9 condamn\u00e9e par une partie de la communaut\u00e9 internationale. Particuli\u00e8rement la troisi\u00e8me r\u00e9\u00e9lection de M. Maduro en 2024 que Lula n&#8217;a pas reconnue, sans pour autant qu&#8217;il admette la victoire du candidat de l&#8217;opposition de droite.<br \/>\nLe Br\u00e9sil et le Venezuela partagent plus de 2.000 km de fronti\u00e8res.<br \/>\n<strong>Source : AFP<\/strong><\/p>\n","protected":false},"excerpt":{"rendered":"<p>Trump dit avoir regard\u00e9 en direct la capture de Maduro Le pr\u00e9sident am\u00e9ricain Donald Trump a affirm\u00e9 samedi avoir regard\u00e9 en direct l&#8217;op\u00e9ration de capture et d&#8217;exfiltration de son homologue v\u00e9n\u00e9zu\u00e9lien, Nicolas Maduro. Je l&#8217;ai regard\u00e9e litt\u00e9ralement comme j&#8217;aurais regard\u00e9 une \u00e9mission t\u00e9l\u00e9vis\u00e9e, a d\u00e9clar\u00e9 Donald Trump dans une entrevue \u00e0 Fox News. Nous l&#8217;avons &hellip;<\/p>\n","protected":false},"author":2,"featured_media":19941,"comment_status":"open","ping_status":"open","sticky":false,"template":"","format":"standard","meta":{"footnotes":""},"categories":[18,29],"tags":[],"class_list":["post-19940","post","type-post","status-publish","format-standard","has-post-thumbnail","hentry","category-actualites","category-monde"],"_links":{"self":[{"href":"https:\/\/ladepeche.mr\/index.php?rest_route=\/wp\/v2\/posts\/19940","targetHints":{"allow":["GET"]}}],"collection":[{"href":"https:\/\/ladepeche.mr\/index.php?rest_route=\/wp\/v2\/posts"}],"about":[{"href":"https:\/\/ladepeche.mr\/index.php?rest_route=\/wp\/v2\/types\/post"}],"author":[{"embeddable":true,"href":"https:\/\/ladepeche.mr\/index.php?rest_route=\/wp\/v2\/users\/2"}],"replies":[{"embeddable":true,"href":"https:\/\/ladepeche.mr\/index.php?rest_route=%2Fwp%2Fv2%2Fcomments&post=19940"}],"version-history":[{"count":2,"href":"https:\/\/ladepeche.mr\/index.php?rest_route=\/wp\/v2\/posts\/19940\/revisions"}],"predecessor-version":[{"id":19945,"href":"https:\/\/ladepeche.mr\/index.php?rest_route=\/wp\/v2\/posts\/19940\/revisions\/19945"}],"wp:featuredmedia":[{"embeddable":true,"href":"https:\/\/ladepeche.mr\/index.php?rest_route=\/wp\/v2\/media\/19941"}],"wp:attachment":[{"href":"https:\/\/ladepeche.mr\/index.php?rest_route=%2Fwp%2Fv2%2Fmedia&parent=19940"}],"wp:term":[{"taxonomy":"category","embeddable":true,"href":"https:\/\/ladepeche.mr\/index.php?rest_route=%2Fwp%2Fv2%2Fcategories&post=19940"},{"taxonomy":"post_tag","embeddable":true,"href":"https:\/\/ladepeche.mr\/index.php?rest_route=%2Fwp%2Fv2%2Ftags&post=19940"}],"curies":[{"name":"wp","href":"https:\/\/api.w.org\/{rel}","templated":true}]}}