{"id":19962,"date":"2026-01-04T14:25:52","date_gmt":"2026-01-04T14:25:52","guid":{"rendered":"https:\/\/ladepeche.mr\/?p=19962"},"modified":"2026-01-04T14:26:53","modified_gmt":"2026-01-04T14:26:53","slug":"yemen-la-mauritanie-pour-le-maintien-de-lintegrite-territoriale-du-pays","status":"publish","type":"post","link":"https:\/\/ladepeche.mr\/?p=19962","title":{"rendered":"Yemen : la Mauritanie pour le maintien de l\u2019int\u00e9grit\u00e9 territoriale du pays"},"content":{"rendered":"<p>Le gouvernement mauritanien a r\u00e9affirm\u00e9, samedi, son soutien \u00e0 l\u2019unit\u00e9, \u00e0 la s\u00e9curit\u00e9 et \u00e0 la stabilit\u00e9 du Y\u00e9men, alors que le pays fait face \u00e0 de r\u00e9cents d\u00e9veloppements, notamment dans le sud, selon un communiqu\u00e9 officiel re\u00e7u samedi.<br \/>\nDans un communiqu\u00e9 du minist\u00e8re des Affaires \u00e9trang\u00e8res, le gouvernement a soulign\u00e9 la n\u00e9cessit\u00e9 de parvenir \u00e0 des solutions politiques consensuelles et \u00e0 des arrangements s\u00e9curitaires durables afin de pr\u00e9server l\u2019unit\u00e9 et l\u2019int\u00e9grit\u00e9 territoriale du Y\u00e9men.<br \/>\nLa Mauritanie a salu\u00e9, par ailleurs, l\u2019appel du pr\u00e9sident du Conseil de direction pr\u00e9sidentiel y\u00e9m\u00e9nite, Rachad Al-Alimi, \u00e0 l\u2019organisation d\u2019une conf\u00e9rence globale \u00e0 Riyad r\u00e9unissant l\u2019ensemble des composantes concern\u00e9es pour discuter des questions li\u00e9es au sud du pays.<br \/>\nElle a exprim\u00e9 l\u2019espoir d\u2019une participation active de toutes les parties dans un esprit national, estimant que cette rencontre pourrait contribuer \u00e0 rapprocher les positions, renforcer la s\u00e9curit\u00e9 et privil\u00e9gier le dialogue.<br \/>\nLe gouvernement dit enfin saluer la r\u00e9ponse de l\u2019Arabie saoudite \u00e0 la demande d\u2019accueil et de parrainage de cette conf\u00e9rence, jugeant que cette initiative servirait l\u2019unit\u00e9 du Y\u00e9men et renforcerait la stabilit\u00e9 dans la r\u00e9gion.<\/p>\n","protected":false},"excerpt":{"rendered":"<p>Le gouvernement mauritanien a r\u00e9affirm\u00e9, samedi, son soutien \u00e0 l\u2019unit\u00e9, \u00e0 la s\u00e9curit\u00e9 et \u00e0 la stabilit\u00e9 du Y\u00e9men, alors que le pays fait face \u00e0 de r\u00e9cents d\u00e9veloppements, notamment dans le sud, selon un communiqu\u00e9 officiel re\u00e7u samedi. Dans un communiqu\u00e9 du minist\u00e8re des Affaires \u00e9trang\u00e8res, le gouvernement a soulign\u00e9 la n\u00e9cessit\u00e9 de parvenir &hellip;<\/p>\n","protected":false},"author":2,"featured_media":12224,"comment_status":"open","ping_status":"open","sticky":false,"template":"","format":"standard","meta":{"footnotes":""},"categories":[18,29],"tags":[],"class_list":["post-19962","post","type-post","status-publish","format-standard","has-post-thumbnail","hentry","category-actualites","category-monde"],"_links":{"self":[{"href":"https:\/\/ladepeche.mr\/index.php?rest_route=\/wp\/v2\/posts\/19962","targetHints":{"allow":["GET"]}}],"collection":[{"href":"https:\/\/ladepeche.mr\/index.php?rest_route=\/wp\/v2\/posts"}],"about":[{"href":"https:\/\/ladepeche.mr\/index.php?rest_route=\/wp\/v2\/types\/post"}],"author":[{"embeddable":true,"href":"https:\/\/ladepeche.mr\/index.php?rest_route=\/wp\/v2\/users\/2"}],"replies":[{"embeddable":true,"href":"https:\/\/ladepeche.mr\/index.php?rest_route=%2Fwp%2Fv2%2Fcomments&post=19962"}],"version-history":[{"count":2,"href":"https:\/\/ladepeche.mr\/index.php?rest_route=\/wp\/v2\/posts\/19962\/revisions"}],"predecessor-version":[{"id":19964,"href":"https:\/\/ladepeche.mr\/index.php?rest_route=\/wp\/v2\/posts\/19962\/revisions\/19964"}],"wp:featuredmedia":[{"embeddable":true,"href":"https:\/\/ladepeche.mr\/index.php?rest_route=\/wp\/v2\/media\/12224"}],"wp:attachment":[{"href":"https:\/\/ladepeche.mr\/index.php?rest_route=%2Fwp%2Fv2%2Fmedia&parent=19962"}],"wp:term":[{"taxonomy":"category","embeddable":true,"href":"https:\/\/ladepeche.mr\/index.php?rest_route=%2Fwp%2Fv2%2Fcategories&post=19962"},{"taxonomy":"post_tag","embeddable":true,"href":"https:\/\/ladepeche.mr\/index.php?rest_route=%2Fwp%2Fv2%2Ftags&post=19962"}],"curies":[{"name":"wp","href":"https:\/\/api.w.org\/{rel}","templated":true}]}}