{"id":19981,"date":"2026-01-05T21:08:36","date_gmt":"2026-01-05T21:08:36","guid":{"rendered":"https:\/\/ladepeche.mr\/?p=19981"},"modified":"2026-01-05T21:08:36","modified_gmt":"2026-01-05T21:08:36","slug":"plaidoyer-pour-la-patrie-un-appel-a-la-raison-et-au-dialogue-national","status":"publish","type":"post","link":"https:\/\/ladepeche.mr\/?p=19981","title":{"rendered":"Plaidoyer pour la Patrie : Un Appel \u00e0 la Raison et au Dialogue National"},"content":{"rendered":"<p>\u00c0 l\u2019attention de nos fr\u00e8res et concitoyens de l\u2019opposition dite radicale,<br \/>\nEn ma qualit\u00e9 de Pr\u00e9sident de l\u2019ONG El Afia Mownka, d\u00e9di\u00e9e \u00e0 la concorde et \u00e0 la paix sociale, et en tant qu\u2019acteur engag\u00e9 dans la vie politique de notre nation, je m&#8217;adresse \u00e0 vous au nom de l&#8217;int\u00e9r\u00eat sup\u00e9rieur de la Mauritanie.<\/p>\n<p><strong>1. Une opportunit\u00e9 historique sans pr\u00e9c\u00e9dent<\/strong><br \/>\nLe dialogue national qui s\u2019annonce est une main tendue. Le Pr\u00e9sident de la R\u00e9publique, reconnu pour sa mod\u00e9ration, son sens profond de la d\u00e9mocratie et son respect constant envers tous les acteurs, a \u00e9t\u00e9 clair : ce dialogue sera inclusif, sans tabou et sans exclusion. En confiant ce processus \u00e0 une personnalit\u00e9 consensuelle et d&#8217;exp\u00e9rience, l&#8217;\u00c9tat garantit la cr\u00e9dibilit\u00e9 des d\u00e9bats.<\/p>\n<p><strong>2. Les le\u00e7ons du pass\u00e9 : Le risque de l&#8217;effacement<\/strong><br \/>\nL\u2019histoire politique r\u00e9cente de notre pays est un t\u00e9moin implacable. Sous l\u2019ancien r\u00e9gime, la strat\u00e9gie du boycott et de la &#8220;chaise vide&#8221; a montr\u00e9 ses limites destructrices. Les r\u00e9sultats sont l\u00e0, chiffr\u00e9s et indiscutables :<br \/>\n Des partis historiques ont presque disparu du paysage institutionnel.<br \/>\n * Z\u00e9ro d\u00e9put\u00e9, z\u00e9ro mairie, z\u00e9ro conseil r\u00e9gional : voil\u00e0 le prix pay\u00e9 par ceux qui ont refus\u00e9 de si\u00e9ger \u00e0 la table des n\u00e9gociations.<br \/>\n   S\u2019isoler, c\u2019est s\u2019auto-exclure de la gestion du pays et abandonner les populations que vous pr\u00e9tendez d\u00e9fendre.<\/p>\n<p><strong>3. La sinc\u00e9rit\u00e9 \u00e0 l&#8217;\u00e9preuve des faits<\/strong><br \/>\nSi votre ambition est r\u00e9ellement d&#8217;all\u00e9ger les souffrances des populations et de r\u00e9gler les probl\u00e8mes structurels de notre soci\u00e9t\u00e9, votre place est \u00e0 la table du dialogue. Poser des conditions pr\u00e9alables sans arguments cr\u00e9dibles, alors que l&#8217;agenda est ouvert, ressemble davantage \u00e0 une fuite en avant qu&#8217;\u00e0 une d\u00e9marche patriotique.<br \/>\n> &#8220;On ne construit pas la paix en restant sur le rivage, mais en acceptant de naviguer ensemble malgr\u00e9 les divergences.&#8221;<\/p>\n<p><strong>4. Le verdict du Peuple est souverain<\/strong><br \/>\nLe peuple mauritanien aspire profond\u00e9ment \u00e0 la stabilit\u00e9, \u00e0 la s\u00e9r\u00e9nit\u00e9 et au vivre-ensemble. Il observe. Il attend des solutions, pas des blocages. Sachez que si cette occasion historique est manqu\u00e9e par votre refus de participer, la sentence du peuple lors des prochaines \u00e9ch\u00e9ances sera rude et d\u00e9finitive.<br \/>\nConclusion :<br \/>\nLe dialogue sera lanc\u00e9 de mani\u00e8re imminente. Saisissez cette opportunit\u00e9 pour faire valoir vos id\u00e9es dans le respect et la fraternit\u00e9. La porte est ouverte. Ne soyez pas les grands absents de l\u2019histoire que nous \u00e9crivons aujourd\u2019hui pour les g\u00e9n\u00e9rations futures.<br \/>\nPour la paix, pour la stabilit\u00e9, pour la Mauritanie.<br \/>\n<strong>Ahmed KHATTRY<br \/>\nPr\u00e9sident El Avia Mownka<\/strong><\/p>\n","protected":false},"excerpt":{"rendered":"<p>\u00c0 l\u2019attention de nos fr\u00e8res et concitoyens de l\u2019opposition dite radicale, En ma qualit\u00e9 de Pr\u00e9sident de l\u2019ONG El Afia Mownka, d\u00e9di\u00e9e \u00e0 la concorde et \u00e0 la paix sociale, et en tant qu\u2019acteur engag\u00e9 dans la vie politique de notre nation, je m&#8217;adresse \u00e0 vous au nom de l&#8217;int\u00e9r\u00eat sup\u00e9rieur de la Mauritanie. 1. &hellip;<\/p>\n","protected":false},"author":2,"featured_media":19982,"comment_status":"open","ping_status":"open","sticky":false,"template":"","format":"standard","meta":{"footnotes":""},"categories":[18,31,19],"tags":[],"class_list":["post-19981","post","type-post","status-publish","format-standard","has-post-thumbnail","hentry","category-actualites","category-politique-et-reportages","category-tribune"],"_links":{"self":[{"href":"https:\/\/ladepeche.mr\/index.php?rest_route=\/wp\/v2\/posts\/19981","targetHints":{"allow":["GET"]}}],"collection":[{"href":"https:\/\/ladepeche.mr\/index.php?rest_route=\/wp\/v2\/posts"}],"about":[{"href":"https:\/\/ladepeche.mr\/index.php?rest_route=\/wp\/v2\/types\/post"}],"author":[{"embeddable":true,"href":"https:\/\/ladepeche.mr\/index.php?rest_route=\/wp\/v2\/users\/2"}],"replies":[{"embeddable":true,"href":"https:\/\/ladepeche.mr\/index.php?rest_route=%2Fwp%2Fv2%2Fcomments&post=19981"}],"version-history":[{"count":1,"href":"https:\/\/ladepeche.mr\/index.php?rest_route=\/wp\/v2\/posts\/19981\/revisions"}],"predecessor-version":[{"id":19983,"href":"https:\/\/ladepeche.mr\/index.php?rest_route=\/wp\/v2\/posts\/19981\/revisions\/19983"}],"wp:featuredmedia":[{"embeddable":true,"href":"https:\/\/ladepeche.mr\/index.php?rest_route=\/wp\/v2\/media\/19982"}],"wp:attachment":[{"href":"https:\/\/ladepeche.mr\/index.php?rest_route=%2Fwp%2Fv2%2Fmedia&parent=19981"}],"wp:term":[{"taxonomy":"category","embeddable":true,"href":"https:\/\/ladepeche.mr\/index.php?rest_route=%2Fwp%2Fv2%2Fcategories&post=19981"},{"taxonomy":"post_tag","embeddable":true,"href":"https:\/\/ladepeche.mr\/index.php?rest_route=%2Fwp%2Fv2%2Ftags&post=19981"}],"curies":[{"name":"wp","href":"https:\/\/api.w.org\/{rel}","templated":true}]}}