{"id":19999,"date":"2026-01-07T11:53:23","date_gmt":"2026-01-07T11:53:23","guid":{"rendered":"https:\/\/ladepeche.mr\/?p=19999"},"modified":"2026-01-07T11:53:23","modified_gmt":"2026-01-07T11:53:23","slug":"reforme-des-marches-publics-le-pm-a-la-baguette","status":"publish","type":"post","link":"https:\/\/ladepeche.mr\/?p=19999","title":{"rendered":"R\u00e9forme des march\u00e9s publics: le PM \u00e0 la baguette!"},"content":{"rendered":"<p>La question de la transparence dans la gestion des fonds publics demeure au c\u0153ur de l\u2019action gouvernementale. C\u2019est dans ce cadre qu\u2019une r\u00e9union de haut niveau s\u2019est tenue sous la supervision du premier Ministre, Mokhtar Ould Djaye, illustrant la volont\u00e9 des autorit\u00e9s de traduire dans les faits les directives du pr\u00e9sident de la R\u00e9publique, Mohamed Ould Ghazouani, en mati\u00e8re de bonne gouvernance, de transparence et d\u2019efficacit\u00e9 de l\u2019action publique.<br \/>\nCette rencontre sur la r\u00e9forme des march\u00e9s publics s\u2019inscrit dans un contexte o\u00f9 ces derniers apparaissent comme l\u2019un des principaux points de vuln\u00e9rabilit\u00e9 du syst\u00e8me de gestion publique. Malgr\u00e9 les efforts engag\u00e9s ces derni\u00e8res ann\u00e9es, ce secteur continue de constituer un v\u00e9ritable goulot d\u2019\u00e9tranglement, concentrant \u00e0 la fois des enjeux financiers majeurs et des risques persistants de dysfonctionnements.<br \/>\nAu cours de la r\u00e9union, le comit\u00e9 charg\u00e9 du suivi a pr\u00e9sent\u00e9 les r\u00e9sultats du diagnostic approfondi du syst\u00e8me actuel des march\u00e9s publics. Les conclusions et recommandations issues de cette \u00e9valuation ont mis en lumi\u00e8re aussi bien les avanc\u00e9es r\u00e9alis\u00e9es que les insuffisances structurelles qui freinent encore l\u2019atteinte d\u2019un niveau optimal de transparence et de performance.<br \/>\nLes participants ont \u00e9galement examin\u00e9 les m\u00e9canismes propos\u00e9s pour am\u00e9liorer les proc\u00e9dures existantes et renforcer leur mise en \u0153uvre. L\u2019objectif affich\u00e9 est clair : instaurer une concurrence loyale, garantir une meilleure transparence \u00e0 toutes les \u00e9tapes de la commande publique et am\u00e9liorer durablement la qualit\u00e9 des projets publics ex\u00e9cut\u00e9s.<br \/>\nLe Premier ministre a, pour sa part, insist\u00e9 sur la n\u00e9cessit\u00e9 d\u2019acc\u00e9l\u00e9rer le processus de r\u00e9vision et de r\u00e9forme du syst\u00e8me des march\u00e9s publics. Il a rappel\u00e9 que cette r\u00e9forme constitue un levier essentiel pour une allocation plus rationnelle et plus \u00e9quitable des ressources publiques, en coh\u00e9rence avec les priorit\u00e9s gouvernementales et les attentes croissantes des citoyens en mati\u00e8re de services publics efficaces, int\u00e8gres et de qualit\u00e9.<br \/>\nEnfin, la r\u00e9union a soulign\u00e9 l\u2019importance de tirer pleinement parti des r\u00e9sultats du diagnostic et des recommandations formul\u00e9es, notamment \u00e0 travers l\u2019adoption de m\u00e9canismes de contr\u00f4le plus rigoureux. Ces outils sont appel\u00e9s \u00e0 jouer un r\u00f4le central dans la pr\u00e9vention des d\u00e9rives, la correction des dysfonctionnements et l\u2019am\u00e9lioration globale de la performance du syst\u00e8me des march\u00e9s publics, pierre angulaire des efforts de transparence de l\u2019\u00c9tat.<br \/>\n(avec Ami)<\/p>\n","protected":false},"excerpt":{"rendered":"<p>La question de la transparence dans la gestion des fonds publics demeure au c\u0153ur de l\u2019action gouvernementale. C\u2019est dans ce cadre qu\u2019une r\u00e9union de haut niveau s\u2019est tenue sous la supervision du premier Ministre, Mokhtar Ould Djaye, illustrant la volont\u00e9 des autorit\u00e9s de traduire dans les faits les directives du pr\u00e9sident de la R\u00e9publique, Mohamed &hellip;<\/p>\n","protected":false},"author":2,"featured_media":20000,"comment_status":"open","ping_status":"open","sticky":false,"template":"","format":"standard","meta":{"footnotes":""},"categories":[18,2],"tags":[],"class_list":["post-19999","post","type-post","status-publish","format-standard","has-post-thumbnail","hentry","category-actualites","category-economie"],"_links":{"self":[{"href":"https:\/\/ladepeche.mr\/index.php?rest_route=\/wp\/v2\/posts\/19999","targetHints":{"allow":["GET"]}}],"collection":[{"href":"https:\/\/ladepeche.mr\/index.php?rest_route=\/wp\/v2\/posts"}],"about":[{"href":"https:\/\/ladepeche.mr\/index.php?rest_route=\/wp\/v2\/types\/post"}],"author":[{"embeddable":true,"href":"https:\/\/ladepeche.mr\/index.php?rest_route=\/wp\/v2\/users\/2"}],"replies":[{"embeddable":true,"href":"https:\/\/ladepeche.mr\/index.php?rest_route=%2Fwp%2Fv2%2Fcomments&post=19999"}],"version-history":[{"count":1,"href":"https:\/\/ladepeche.mr\/index.php?rest_route=\/wp\/v2\/posts\/19999\/revisions"}],"predecessor-version":[{"id":20001,"href":"https:\/\/ladepeche.mr\/index.php?rest_route=\/wp\/v2\/posts\/19999\/revisions\/20001"}],"wp:featuredmedia":[{"embeddable":true,"href":"https:\/\/ladepeche.mr\/index.php?rest_route=\/wp\/v2\/media\/20000"}],"wp:attachment":[{"href":"https:\/\/ladepeche.mr\/index.php?rest_route=%2Fwp%2Fv2%2Fmedia&parent=19999"}],"wp:term":[{"taxonomy":"category","embeddable":true,"href":"https:\/\/ladepeche.mr\/index.php?rest_route=%2Fwp%2Fv2%2Fcategories&post=19999"},{"taxonomy":"post_tag","embeddable":true,"href":"https:\/\/ladepeche.mr\/index.php?rest_route=%2Fwp%2Fv2%2Ftags&post=19999"}],"curies":[{"name":"wp","href":"https:\/\/api.w.org\/{rel}","templated":true}]}}