{"id":20002,"date":"2026-01-07T12:03:37","date_gmt":"2026-01-07T12:03:37","guid":{"rendered":"https:\/\/ladepeche.mr\/?p=20002"},"modified":"2026-01-07T12:03:37","modified_gmt":"2026-01-07T12:03:37","slug":"linauguration-de-lambassade-de-palestine-a-londres-un-rappel-solennel-au-droit-international","status":"publish","type":"post","link":"https:\/\/ladepeche.mr\/?p=20002","title":{"rendered":"L\u2019inauguration de l\u2019ambassade de Palestine \u00e0 Londres : un rappel solennel au droit international"},"content":{"rendered":"<p>L\u2019ouverture officielle de l\u2019ambassade de l\u2019\u00c9tat de Palestine au Royaume-Uni d\u00e9passe le simple cadre diplomatique. Elle constitue un acte politique et juridique fort, rappelant que la question palestinienne rel\u00e8ve avant tout du droit international et non d\u2019un rapport de force impos\u00e9 par l\u2019occupation.<\/p>\n<p>En apposant la plaque \u00ab Ambassade de l\u2019\u00c9tat de Palestine \u00bb sur un b\u00e2timent londonien, le Royaume-Uni reconna\u00eet formellement une r\u00e9alit\u00e9 consacr\u00e9e par de nombreuses r\u00e9solutions des Nations unies : le peuple palestinien dispose d\u2019un droit imprescriptible \u00e0 l\u2019autod\u00e9termination, reconnu notamment par la Charte de l\u2019ONU et le Pacte international relatif aux droits civils et politiques.<\/p>\n<p>Pour les Palestiniens vivant sous occupation \u00e0 Gaza, en Cisjordanie et \u00e0 J\u00e9rusalem-Est, cette ambassade incarne une reconnaissance juridique face \u00e0 des d\u00e9cennies de violations syst\u00e9matiques du droit international humanitaire. Blocus prolong\u00e9, colonisation ill\u00e9gale, d\u00e9placements forc\u00e9s, punitions collectives et attaques contre les civils ont \u00e9t\u00e9 largement document\u00e9s par les Nations unies, la Cour internationale de Justice et de nombreuses organisations de d\u00e9fense des droits humains.<\/p>\n<p>Lors de la c\u00e9r\u00e9monie, l\u2019ambassadeur Husam Zomlot a soulign\u00e9 que cette repr\u00e9sentation diplomatique \u00e0 part enti\u00e8re confirme que l\u2019existence juridique de la Palestine ne peut \u00eatre effac\u00e9e par l\u2019occupation. En droit international, la reconnaissance d\u2019un \u00c9tat ne d\u00e9pend pas du consentement de la puissance occupante, mais du respect de crit\u00e8res objectifs et du droit des peuples \u00e0 disposer d\u2019eux-m\u00eames.<\/p>\n<p>Cette inauguration intervient apr\u00e8s la reconnaissance officielle de l\u2019\u00c9tat de Palestine par le Royaume-Uni, une d\u00e9cision pr\u00e9sent\u00e9e par Londres comme une tentative de r\u00e9affirmer le cadre l\u00e9gal d\u2019une solution politique fond\u00e9e sur deux \u00c9tats. En reconnaissant la Palestine, le Royaume-Uni rappelle que l\u2019occupation des territoires palestiniens, d\u00e9but\u00e9e en 1967, est ill\u00e9gale au regard du droit international, comme l\u2019a confirm\u00e9 la Cour internationale de Justice dans plusieurs avis.<\/p>\n<p>L\u2019ambassade devient ainsi un espace de plaidoyer juridique : pour l\u2019application des Conventions de Gen\u00e8ve, pour la protection des civils en temps de conflit arm\u00e9, pour la fin de la colonisation qualifi\u00e9e de crime de guerre par le Statut de Rome de la Cour p\u00e9nale internationale.<\/p>\n<p>La r\u00e9action hostile d\u2019Isra\u00ebl \u00e0 cette reconnaissance illustre la fracture persistante entre le droit international et la r\u00e9alit\u00e9 sur le terrain. Pourtant, la reconnaissance de la Palestine ne constitue pas une \u00ab r\u00e9compense \u00bb, mais l\u2019application tardive d\u2019un principe juridique fondamental : aucun peuple ne peut \u00eatre priv\u00e9 ind\u00e9finiment de ses droits en raison de l\u2019usage de la force.<\/p>\n<p>Pour les r\u00e9fugi\u00e9s palestiniens dispers\u00e9s depuis 1948, pour les familles vivant sous blocus ou sous occupation militaire, cette ambassade repr\u00e9sente une continuit\u00e9 juridique et politique. Elle affirme que leur cause n\u2019est pas humanitaire uniquement, mais profond\u00e9ment l\u00e9gale : celle de droits viol\u00e9s et de responsabilit\u00e9s internationales longtemps ignor\u00e9es.<\/p>\n<p>\u00c0 Londres, l\u2019ambassade de Palestine se dresse d\u00e9sormais comme un rappel permanent que la paix ne pourra \u00eatre durable que si elle repose sur le respect du droit international, la fin de l\u2019occupation et la reconnaissance pleine et enti\u00e8re des droits du peuple palestinien.<br \/>\n(avec m\u00e9dias)<\/p>\n","protected":false},"excerpt":{"rendered":"<p>L\u2019ouverture officielle de l\u2019ambassade de l\u2019\u00c9tat de Palestine au Royaume-Uni d\u00e9passe le simple cadre diplomatique. Elle constitue un acte politique et juridique fort, rappelant que la question palestinienne rel\u00e8ve avant tout du droit international et non d\u2019un rapport de force impos\u00e9 par l\u2019occupation. En apposant la plaque \u00ab Ambassade de l\u2019\u00c9tat de Palestine \u00bb sur &hellip;<\/p>\n","protected":false},"author":2,"featured_media":20003,"comment_status":"open","ping_status":"open","sticky":false,"template":"","format":"standard","meta":{"footnotes":""},"categories":[18,29],"tags":[],"class_list":["post-20002","post","type-post","status-publish","format-standard","has-post-thumbnail","hentry","category-actualites","category-monde"],"_links":{"self":[{"href":"https:\/\/ladepeche.mr\/index.php?rest_route=\/wp\/v2\/posts\/20002","targetHints":{"allow":["GET"]}}],"collection":[{"href":"https:\/\/ladepeche.mr\/index.php?rest_route=\/wp\/v2\/posts"}],"about":[{"href":"https:\/\/ladepeche.mr\/index.php?rest_route=\/wp\/v2\/types\/post"}],"author":[{"embeddable":true,"href":"https:\/\/ladepeche.mr\/index.php?rest_route=\/wp\/v2\/users\/2"}],"replies":[{"embeddable":true,"href":"https:\/\/ladepeche.mr\/index.php?rest_route=%2Fwp%2Fv2%2Fcomments&post=20002"}],"version-history":[{"count":1,"href":"https:\/\/ladepeche.mr\/index.php?rest_route=\/wp\/v2\/posts\/20002\/revisions"}],"predecessor-version":[{"id":20004,"href":"https:\/\/ladepeche.mr\/index.php?rest_route=\/wp\/v2\/posts\/20002\/revisions\/20004"}],"wp:featuredmedia":[{"embeddable":true,"href":"https:\/\/ladepeche.mr\/index.php?rest_route=\/wp\/v2\/media\/20003"}],"wp:attachment":[{"href":"https:\/\/ladepeche.mr\/index.php?rest_route=%2Fwp%2Fv2%2Fmedia&parent=20002"}],"wp:term":[{"taxonomy":"category","embeddable":true,"href":"https:\/\/ladepeche.mr\/index.php?rest_route=%2Fwp%2Fv2%2Fcategories&post=20002"},{"taxonomy":"post_tag","embeddable":true,"href":"https:\/\/ladepeche.mr\/index.php?rest_route=%2Fwp%2Fv2%2Ftags&post=20002"}],"curies":[{"name":"wp","href":"https:\/\/api.w.org\/{rel}","templated":true}]}}