{"id":20005,"date":"2026-01-07T21:20:54","date_gmt":"2026-01-07T21:20:54","guid":{"rendered":"https:\/\/ladepeche.mr\/?p=20005"},"modified":"2026-01-07T21:20:54","modified_gmt":"2026-01-07T21:20:54","slug":"mauritanie-senegal-deux-etats-mais-un-seul-peuple-malick-ndiaye","status":"publish","type":"post","link":"https:\/\/ladepeche.mr\/?p=20005","title":{"rendered":"Mauritanie-S\u00e9n\u00e9gal : \u00ab\u2026deux \u00c9tats mais un seul peuple \u00bb (Malick Ndiaye)"},"content":{"rendered":"<p>La relation s\u00e9n\u00e9galo-mauritanienne a franchi un nouveau cap ce mercredi avec l\u2019audience accord\u00e9e par le Pr\u00e9sident de la R\u00e9publique, Mohamed Ould Ghazouani, au Pr\u00e9sident de l\u2019Assembl\u00e9e nationale du S\u00e9n\u00e9gal, Malick Ndiaye. Une rencontre \u00e0 haute port\u00e9e politique et symbolique, inscrite dans une dynamique de rapprochement durable entre deux pays li\u00e9s par l\u2019histoire, la culture et les peuples.<br \/>\nEn visite officielle en Mauritanie depuis 48 heures, \u00e0 l&#8217;invitation de son homologue pr\u00e9sident de l&#8217;Assembl\u00e9e nationale mauritanien, Ould Meguett, Malick Ndiaye a soulign\u00e9 que cette mission r\u00e9pond \u00e0 la volont\u00e9 de renforcer la coop\u00e9ration parlementaire mais surtout de consolider le dialogue entre les populations. \u00ab Le S\u00e9n\u00e9gal et la Mauritanie, ce sont deux \u00c9tats mais un seul peuple \u00bb, a-t-il affirm\u00e9, rappelant la profondeur des liens religieux, familiaux et \u00e9conomiques qui unissent les deux rives du fleuve.<br \/>\nAu c\u0153ur des \u00e9changes : les relations bilat\u00e9rales, la coop\u00e9ration institutionnelle, les questions sociales transfrontali\u00e8res et les attentes concr\u00e8tes des citoyens. Le responsable s\u00e9n\u00e9galais s\u2019est dit particuli\u00e8rement satisfait de la qualit\u00e9 des discussions et des avanc\u00e9es r\u00e9alis\u00e9es par la Mauritanie ces derni\u00e8res ann\u00e9es, saluant \u00ab les grands bonds \u00bb accomplis par le pays.<br \/>\nLe Pr\u00e9sident de l\u2019Assembl\u00e9e nationale du S\u00e9n\u00e9gal a \u00e9galement transmis au Chef de l\u2019\u00c9tat mauritanien les salutations du Pr\u00e9sident Bassirou Diomaye Faye, du Premier ministre Ousmane Sonko et du gouvernement s\u00e9n\u00e9galais, r\u00e9affirmant la convergence de vues entre Dakar et Nouakchott.<br \/>\nLes deux parties ont insist\u00e9 sur la n\u00e9cessit\u00e9 de faire de cette relation exemplaire un mod\u00e8le pour l\u2019Afrique de l\u2019Ouest, au service de la paix, de la stabilit\u00e9 et d\u2019un d\u00e9veloppement endog\u00e8ne partag\u00e9. Une ambition commune port\u00e9e au plus haut niveau.<\/p>\n","protected":false},"excerpt":{"rendered":"<p>La relation s\u00e9n\u00e9galo-mauritanienne a franchi un nouveau cap ce mercredi avec l\u2019audience accord\u00e9e par le Pr\u00e9sident de la R\u00e9publique, Mohamed Ould Ghazouani, au Pr\u00e9sident de l\u2019Assembl\u00e9e nationale du S\u00e9n\u00e9gal, Malick Ndiaye. Une rencontre \u00e0 haute port\u00e9e politique et symbolique, inscrite dans une dynamique de rapprochement durable entre deux pays li\u00e9s par l\u2019histoire, la culture et &hellip;<\/p>\n","protected":false},"author":2,"featured_media":20006,"comment_status":"open","ping_status":"open","sticky":false,"template":"","format":"standard","meta":{"footnotes":""},"categories":[18,29],"tags":[],"class_list":["post-20005","post","type-post","status-publish","format-standard","has-post-thumbnail","hentry","category-actualites","category-monde"],"_links":{"self":[{"href":"https:\/\/ladepeche.mr\/index.php?rest_route=\/wp\/v2\/posts\/20005","targetHints":{"allow":["GET"]}}],"collection":[{"href":"https:\/\/ladepeche.mr\/index.php?rest_route=\/wp\/v2\/posts"}],"about":[{"href":"https:\/\/ladepeche.mr\/index.php?rest_route=\/wp\/v2\/types\/post"}],"author":[{"embeddable":true,"href":"https:\/\/ladepeche.mr\/index.php?rest_route=\/wp\/v2\/users\/2"}],"replies":[{"embeddable":true,"href":"https:\/\/ladepeche.mr\/index.php?rest_route=%2Fwp%2Fv2%2Fcomments&post=20005"}],"version-history":[{"count":1,"href":"https:\/\/ladepeche.mr\/index.php?rest_route=\/wp\/v2\/posts\/20005\/revisions"}],"predecessor-version":[{"id":20007,"href":"https:\/\/ladepeche.mr\/index.php?rest_route=\/wp\/v2\/posts\/20005\/revisions\/20007"}],"wp:featuredmedia":[{"embeddable":true,"href":"https:\/\/ladepeche.mr\/index.php?rest_route=\/wp\/v2\/media\/20006"}],"wp:attachment":[{"href":"https:\/\/ladepeche.mr\/index.php?rest_route=%2Fwp%2Fv2%2Fmedia&parent=20005"}],"wp:term":[{"taxonomy":"category","embeddable":true,"href":"https:\/\/ladepeche.mr\/index.php?rest_route=%2Fwp%2Fv2%2Fcategories&post=20005"},{"taxonomy":"post_tag","embeddable":true,"href":"https:\/\/ladepeche.mr\/index.php?rest_route=%2Fwp%2Fv2%2Ftags&post=20005"}],"curies":[{"name":"wp","href":"https:\/\/api.w.org\/{rel}","templated":true}]}}