{"id":20020,"date":"2026-01-08T11:06:30","date_gmt":"2026-01-08T11:06:30","guid":{"rendered":"https:\/\/ladepeche.mr\/?p=20020"},"modified":"2026-01-15T11:08:03","modified_gmt":"2026-01-15T11:08:03","slug":"reforme-du-mecanisme-de-fixation-des-prix-des-produits-petroliers-liquides-les-avantages","status":"publish","type":"post","link":"https:\/\/ladepeche.mr\/?p=20020","title":{"rendered":"R\u00e9forme du m\u00e9canisme de fixation des prix des produits p\u00e9troliers liquides: les avantages."},"content":{"rendered":"<p>Explications de la R\u00e9forme du m\u00e9canisme de fixation des prix des produits p\u00e9troliers liquides et cr\u00e9ation du M\u00e9canisme National de Compensation \u00ab Tassanoud \u00bb.<\/p>\n<p><strong>1. Contexte<\/strong><\/p>\n<p>Le m\u00e9canisme en vigueur depuis 2014 repose sur un prix fixe \u00e0 la pompe, l\u2019\u00c9tat supportant les \u00e9carts avec les prix r\u00e9els. La hausse prolong\u00e9e des prix de l\u2019\u00e9nergie a g\u00e9n\u00e9r\u00e9 des charges budg\u00e9taires importantes. Les pr\u00e9visions pour 2026 indiquent une baisse des prix internationaux.<\/p>\n<p><strong>2. Objet de la r\u00e9forme<\/strong><\/p>\n<p>Sur instructions de Son Excellence le Pr\u00e9sident de la R\u00e9publique, le Gouvernement introduit un m\u00e9canisme flexible permettant :<\/p>\n<p>&#8211; aux citoyens de b\u00e9n\u00e9ficier directement des baisses de prix ;<\/p>\n<p>&#8211; \u00e0 l\u2019\u00c9tat d\u2019intervenir de mani\u00e8re cibl\u00e9e en cas de hausse.<\/p>\n<p><strong>3. Gaz domestique<\/strong><\/p>\n<p>Le m\u00e9canisme actuel est maintenu en raison de son caract\u00e8re social sensible. L\u2019\u00c9tat continue de supporter l\u2019\u00e9cart de prix afin de prot\u00e9ger les m\u00e9nages.<\/p>\n<p><strong>4.  M\u00e9canisme \u00ab Tassanoud \u00bb<\/strong><\/p>\n<p>Cr\u00e9ation d\u2019un m\u00e9canisme national de compensation cibl\u00e9e, activ\u00e9 lorsque le prix du gasoil d\u00e9passe un seuil pr\u00e9d\u00e9fini, fond\u00e9 sur le Registre social national, des param\u00e8tres ajustables et une coordination intersectorielle.<\/p>\n<p><strong>5. Port\u00e9e de la r\u00e9forme<\/strong><\/p>\n<p>Justice sociale : fin des subventions aveugles, protection cibl\u00e9e des plus vuln\u00e9rables.<\/p>\n<p>+Pouvoir d\u2019achat : r\u00e9percussion des baisses au profit des citoyens.<\/p>\n<p>+Gouvernance : ma\u00eetrise budg\u00e9taire et transparence.<\/p>\n<p><strong>6. Message cl\u00e9<\/strong><\/p>\n<p>L\u2019\u00c9tat n\u2019abandonne pas : il intervient mieux.<br \/>\nIl prot\u00e8ge les citoyens sans fragiliser les finances publiques.<\/p>\n<p><strong>Ahmed KHATTRY<br \/>\n\u00c9conomiste<br \/>\nMembre du bureau politique de l&#8217;insaf<\/strong><\/p>\n","protected":false},"excerpt":{"rendered":"<p>Explications de la R\u00e9forme du m\u00e9canisme de fixation des prix des produits p\u00e9troliers liquides et cr\u00e9ation du M\u00e9canisme National de Compensation \u00ab Tassanoud \u00bb. 1. Contexte Le m\u00e9canisme en vigueur depuis 2014 repose sur un prix fixe \u00e0 la pompe, l\u2019\u00c9tat supportant les \u00e9carts avec les prix r\u00e9els. La hausse prolong\u00e9e des prix de l\u2019\u00e9nergie &hellip;<\/p>\n","protected":false},"author":2,"featured_media":20021,"comment_status":"open","ping_status":"open","sticky":false,"template":"","format":"standard","meta":{"footnotes":""},"categories":[18,2,19],"tags":[],"class_list":["post-20020","post","type-post","status-publish","format-standard","has-post-thumbnail","hentry","category-actualites","category-economie","category-tribune"],"_links":{"self":[{"href":"https:\/\/ladepeche.mr\/index.php?rest_route=\/wp\/v2\/posts\/20020","targetHints":{"allow":["GET"]}}],"collection":[{"href":"https:\/\/ladepeche.mr\/index.php?rest_route=\/wp\/v2\/posts"}],"about":[{"href":"https:\/\/ladepeche.mr\/index.php?rest_route=\/wp\/v2\/types\/post"}],"author":[{"embeddable":true,"href":"https:\/\/ladepeche.mr\/index.php?rest_route=\/wp\/v2\/users\/2"}],"replies":[{"embeddable":true,"href":"https:\/\/ladepeche.mr\/index.php?rest_route=%2Fwp%2Fv2%2Fcomments&post=20020"}],"version-history":[{"count":1,"href":"https:\/\/ladepeche.mr\/index.php?rest_route=\/wp\/v2\/posts\/20020\/revisions"}],"predecessor-version":[{"id":20022,"href":"https:\/\/ladepeche.mr\/index.php?rest_route=\/wp\/v2\/posts\/20020\/revisions\/20022"}],"wp:featuredmedia":[{"embeddable":true,"href":"https:\/\/ladepeche.mr\/index.php?rest_route=\/wp\/v2\/media\/20021"}],"wp:attachment":[{"href":"https:\/\/ladepeche.mr\/index.php?rest_route=%2Fwp%2Fv2%2Fmedia&parent=20020"}],"wp:term":[{"taxonomy":"category","embeddable":true,"href":"https:\/\/ladepeche.mr\/index.php?rest_route=%2Fwp%2Fv2%2Fcategories&post=20020"},{"taxonomy":"post_tag","embeddable":true,"href":"https:\/\/ladepeche.mr\/index.php?rest_route=%2Fwp%2Fv2%2Ftags&post=20020"}],"curies":[{"name":"wp","href":"https:\/\/api.w.org\/{rel}","templated":true}]}}