{"id":20035,"date":"2026-01-08T19:31:58","date_gmt":"2026-01-08T19:31:58","guid":{"rendered":"https:\/\/ladepeche.mr\/?p=20035"},"modified":"2026-01-08T19:33:27","modified_gmt":"2026-01-08T19:33:27","slug":"dialogue-politique-ghazouani-rassemble-des-leaders-politiques","status":"publish","type":"post","link":"https:\/\/ladepeche.mr\/?p=20035","title":{"rendered":"Pr\u00e9lude au Dialogue politique: Ghazouani rassemble des leaders politiques"},"content":{"rendered":"<p>Le pr\u00e9sident mauritanien Mohamed Ould Ghazouani a r\u00e9uni jeudi soir des responsables de partis politiques de la majorit\u00e9 et de l\u2019opposition afin de poursuivre les consultations en vue du lancement d\u2019un dialogue national inclusif sur les grandes questions du pays.<\/p>\n<p>Selon la pr\u00e9sidence, cette rencontre s\u2019inscrit dans le cadre de la phase pr\u00e9paratoire du dialogue national, dont l\u2019objectif est de parvenir \u00e0 une feuille de route consensuelle d\u00e9finissant les th\u00e8mes \u00e0 d\u00e9battre, les acteurs concern\u00e9s et les m\u00e9canismes d\u2019organisation.<\/p>\n<p>Le chef de l\u2019\u00c9tat a indiqu\u00e9 que le coordinateur du dialogue pr\u00e9sentera prochainement une vision d\u00e9taill\u00e9e de cette feuille de route, \u00e9labor\u00e9e \u00e0 partir des r\u00e9ponses des partis politiques \u00e0 un questionnaire, ainsi que des propositions recueillies lors des consultations pr\u00e9c\u00e9dentes.<\/p>\n<p>M. Ghazouani a rappel\u00e9 que la phase pr\u00e9paratoire du dialogue avait \u00e9t\u00e9 lanc\u00e9e lors d\u2019une r\u00e9union tenue durant le mois de Ramadan de l\u2019an dernier, afin de fixer le cadre de r\u00e9f\u00e9rence, les modalit\u00e9s de participation et les m\u00e9canismes de suivi de la mise en \u0153uvre des conclusions.<\/p>\n<p>Soulignant que le pays se trouve \u00e0 une \u00e9tape \u00ab d\u00e9cisive \u00bb du processus, le pr\u00e9sident a appel\u00e9 les acteurs politiques \u00e0 s\u2019accorder sur une feuille de route \u00ab globale et d\u00e9taill\u00e9e \u00bb, condition essentielle, selon lui, au succ\u00e8s du dialogue.<\/p>\n<p>Il a enfin r\u00e9affirm\u00e9 son engagement \u00e0 mettre en \u0153uvre l\u2019ensemble des recommandations issues du dialogue national d\u00e8s lors qu\u2019elles feront l\u2019objet d\u2019un consensus.<br \/>\n(avec Ami)<\/p>\n","protected":false},"excerpt":{"rendered":"<p>Le pr\u00e9sident mauritanien Mohamed Ould Ghazouani a r\u00e9uni jeudi soir des responsables de partis politiques de la majorit\u00e9 et de l\u2019opposition afin de poursuivre les consultations en vue du lancement d\u2019un dialogue national inclusif sur les grandes questions du pays. Selon la pr\u00e9sidence, cette rencontre s\u2019inscrit dans le cadre de la phase pr\u00e9paratoire du dialogue &hellip;<\/p>\n","protected":false},"author":2,"featured_media":20036,"comment_status":"open","ping_status":"open","sticky":false,"template":"","format":"standard","meta":{"footnotes":""},"categories":[18,2],"tags":[],"class_list":["post-20035","post","type-post","status-publish","format-standard","has-post-thumbnail","hentry","category-actualites","category-economie"],"_links":{"self":[{"href":"https:\/\/ladepeche.mr\/index.php?rest_route=\/wp\/v2\/posts\/20035","targetHints":{"allow":["GET"]}}],"collection":[{"href":"https:\/\/ladepeche.mr\/index.php?rest_route=\/wp\/v2\/posts"}],"about":[{"href":"https:\/\/ladepeche.mr\/index.php?rest_route=\/wp\/v2\/types\/post"}],"author":[{"embeddable":true,"href":"https:\/\/ladepeche.mr\/index.php?rest_route=\/wp\/v2\/users\/2"}],"replies":[{"embeddable":true,"href":"https:\/\/ladepeche.mr\/index.php?rest_route=%2Fwp%2Fv2%2Fcomments&post=20035"}],"version-history":[{"count":2,"href":"https:\/\/ladepeche.mr\/index.php?rest_route=\/wp\/v2\/posts\/20035\/revisions"}],"predecessor-version":[{"id":20038,"href":"https:\/\/ladepeche.mr\/index.php?rest_route=\/wp\/v2\/posts\/20035\/revisions\/20038"}],"wp:featuredmedia":[{"embeddable":true,"href":"https:\/\/ladepeche.mr\/index.php?rest_route=\/wp\/v2\/media\/20036"}],"wp:attachment":[{"href":"https:\/\/ladepeche.mr\/index.php?rest_route=%2Fwp%2Fv2%2Fmedia&parent=20035"}],"wp:term":[{"taxonomy":"category","embeddable":true,"href":"https:\/\/ladepeche.mr\/index.php?rest_route=%2Fwp%2Fv2%2Fcategories&post=20035"},{"taxonomy":"post_tag","embeddable":true,"href":"https:\/\/ladepeche.mr\/index.php?rest_route=%2Fwp%2Fv2%2Ftags&post=20035"}],"curies":[{"name":"wp","href":"https:\/\/api.w.org\/{rel}","templated":true}]}}