{"id":20050,"date":"2026-01-10T19:33:30","date_gmt":"2026-01-10T19:33:30","guid":{"rendered":"https:\/\/ladepeche.mr\/?p=20050"},"modified":"2026-01-10T19:33:30","modified_gmt":"2026-01-10T19:33:30","slug":"cooperation-bilaterale-quatre-accords-signes-entre-le-senegal-et-la-mauritanie","status":"publish","type":"post","link":"https:\/\/ladepeche.mr\/?p=20050","title":{"rendered":"Coop\u00e9ration bilat\u00e9rale: quatre accords sign\u00e9s entre le S\u00e9n\u00e9gal et la Mauritanie"},"content":{"rendered":"<p>Le S\u00e9n\u00e9gal et la Mauritanie ont renforc\u00e9 leur coop\u00e9ration bilat\u00e9rale jeudi \u00e0 Dakar \u00e0 travers la signature de plusieurs accords dans les domaines scientifique, industriel et minier, dans le cadre du partenariat strat\u00e9gique historique entre les deux pays voisins.<\/p>\n<p>Le Premier ministre s\u00e9n\u00e9galais, Ousmane Sonko, et son homologue mauritanien, El Moctar Ould Djay, ont conduit une s\u00e9ance de travail conjointe au Building administratif Pr\u00e9sident Mamadou Dia, suivie d&#8217;un point de presse.<\/p>\n<p>Les discussions ont permis de formaliser plusieurs engagements cl\u00e9s, rapporte Le Soleil.<br \/>\nUn accord de coop\u00e9ration pour l&#8217;\u00e9change de publications, de recherches et d&#8217;\u00e9tudes scientifiques a \u00e9t\u00e9 sign\u00e9, renfor\u00e7ant la collaboration dans les domaines des archives, de la documentation et de l&#8217;histoire.<\/p>\n<p>Un protocole d&#8217;accord sur la coop\u00e9ration industrielle vise \u00e0 stimuler les \u00e9changes technologiques et le d\u00e9veloppement du secteur manufacturier.<\/p>\n<p>Un protocole d&#8217;entente dans le domaine des min\u00e9raux t\u00e9moigne de la volont\u00e9 des deux pays d&#8217;exploiter de mani\u00e8re concert\u00e9e et durable leurs ressources naturelles.<\/p>\n<p>Un m\u00e9morandum d&#8217;accord sur le fonctionnement du Cadre r\u00e9gional de coordination des activit\u00e9s du Projet r\u00e9gional de d\u00e9veloppement local du fleuve S\u00e9n\u00e9gal a \u00e9galement \u00e9t\u00e9 sign\u00e9, visant \u00e0 promouvoir le d\u00e9veloppement local et l&#8217;int\u00e9gration r\u00e9gionale.<\/p>\n<p>Lors de la rencontre, les deux chefs de gouvernement ont magnifi\u00e9 la qualit\u00e9 des relations historiques entre Dakar et Nouakchott et soulign\u00e9 l&#8217;importance de ces accords pour renforcer la coop\u00e9ration \u00e9conomique, scientifique et r\u00e9gionale.<\/p>\n<p>Selon les d\u00e9clarations officielles, ces nouveaux engagements traduisent la volont\u00e9 des deux pays de b\u00e2tir un partenariat durable au service du d\u00e9veloppement des populations.<\/p>\n<p>\u00c0 travers ces initiatives, le S\u00e9n\u00e9gal et la Mauritanie affirment leur ambition commune de consolider un axe strat\u00e9gique r\u00e9gional, o\u00f9 science, industrie et ressources naturelles sont des leviers essentiels pour la croissance et l&#8217;int\u00e9gration r\u00e9gionale.<\/p>\n<p>MS\/CSS\/NDARINFO<\/p>\n<p>https:\/\/www.ndarinfo.com\/Cooperation-bilaterale-quatre-accords-signes-entre-le-Senegal-et-la-Mauritanie_a42399.html<\/p>\n","protected":false},"excerpt":{"rendered":"<p>Le S\u00e9n\u00e9gal et la Mauritanie ont renforc\u00e9 leur coop\u00e9ration bilat\u00e9rale jeudi \u00e0 Dakar \u00e0 travers la signature de plusieurs accords dans les domaines scientifique, industriel et minier, dans le cadre du partenariat strat\u00e9gique historique entre les deux pays voisins. Le Premier ministre s\u00e9n\u00e9galais, Ousmane Sonko, et son homologue mauritanien, El Moctar Ould Djay, ont conduit &hellip;<\/p>\n","protected":false},"author":2,"featured_media":20051,"comment_status":"open","ping_status":"open","sticky":false,"template":"","format":"standard","meta":{"footnotes":""},"categories":[18,2,29],"tags":[],"class_list":["post-20050","post","type-post","status-publish","format-standard","has-post-thumbnail","hentry","category-actualites","category-economie","category-monde"],"_links":{"self":[{"href":"https:\/\/ladepeche.mr\/index.php?rest_route=\/wp\/v2\/posts\/20050","targetHints":{"allow":["GET"]}}],"collection":[{"href":"https:\/\/ladepeche.mr\/index.php?rest_route=\/wp\/v2\/posts"}],"about":[{"href":"https:\/\/ladepeche.mr\/index.php?rest_route=\/wp\/v2\/types\/post"}],"author":[{"embeddable":true,"href":"https:\/\/ladepeche.mr\/index.php?rest_route=\/wp\/v2\/users\/2"}],"replies":[{"embeddable":true,"href":"https:\/\/ladepeche.mr\/index.php?rest_route=%2Fwp%2Fv2%2Fcomments&post=20050"}],"version-history":[{"count":1,"href":"https:\/\/ladepeche.mr\/index.php?rest_route=\/wp\/v2\/posts\/20050\/revisions"}],"predecessor-version":[{"id":20052,"href":"https:\/\/ladepeche.mr\/index.php?rest_route=\/wp\/v2\/posts\/20050\/revisions\/20052"}],"wp:featuredmedia":[{"embeddable":true,"href":"https:\/\/ladepeche.mr\/index.php?rest_route=\/wp\/v2\/media\/20051"}],"wp:attachment":[{"href":"https:\/\/ladepeche.mr\/index.php?rest_route=%2Fwp%2Fv2%2Fmedia&parent=20050"}],"wp:term":[{"taxonomy":"category","embeddable":true,"href":"https:\/\/ladepeche.mr\/index.php?rest_route=%2Fwp%2Fv2%2Fcategories&post=20050"},{"taxonomy":"post_tag","embeddable":true,"href":"https:\/\/ladepeche.mr\/index.php?rest_route=%2Fwp%2Fv2%2Ftags&post=20050"}],"curies":[{"name":"wp","href":"https:\/\/api.w.org\/{rel}","templated":true}]}}