{"id":20054,"date":"2026-01-12T10:03:38","date_gmt":"2026-01-12T10:03:38","guid":{"rendered":"https:\/\/ladepeche.mr\/?p=20054"},"modified":"2026-01-12T10:04:18","modified_gmt":"2026-01-12T10:04:18","slug":"menaces-de-mort-contre-le-depute-biram-dah-abeid-une-alerte-internationale-lancee","status":"publish","type":"post","link":"https:\/\/ladepeche.mr\/?p=20054","title":{"rendered":"Menaces de mort contre le d\u00e9put\u00e9 Biram Dah Abeid: Une alerte internationale lanc\u00e9e"},"content":{"rendered":"<p>L\u2019Union Parlementaire Internationale (UPI) et les sections europ\u00e9ennes de l\u2019IRA alertent sur une recrudescence de menaces de mort &#8220;explicites&#8221; visant le d\u00e9put\u00e9 mauritanien et d\u00e9fenseur des droits humains Biram Dah Abeid.<br \/>\nFace au silence des autorit\u00e9s mauritaniennes, l\u2019UPI inscrit le dossier \u00e0 l\u2019ordre du jour de sa session de f\u00e9vrier 2026.<br \/>\nLes organisations signataires d\u00e9noncent une passivit\u00e9 institutionnelle dangereuse et appellent la communaut\u00e9 internationale \u00e0 une vigilance renforc\u00e9e, au regard des risques pour les droits humains, la paix civile et la stabilit\u00e9 r\u00e9gionale.<\/p>\n<p>Ci-apr\u00e8s le communiqu\u00e9 rendu public par ces organisations<\/p>\n<p>Communiqu\u00e9 conjoint<\/p>\n<p>L\u2019Union Parlementaire Internationale (UPI), dont le si\u00e8ge est \u00e0 Gen\u00e8ve (Suisse), s\u2019inqui\u00e8te de ce face \u00e0 la recrudescence des actes de harc\u00e8lement, d\u2019intimidation et de menaces visant le d\u00e9put\u00e9 de l\u2019opposition mauritanienne Biram Dah Abeid.<\/p>\n<p>Institution internationale charg\u00e9e de la protection des parlementaires \u00e0 travers le monde, l\u2019UPI suit ce dossier depuis juillet 2018, date \u00e0 laquelle elle s\u2019est saisie du cas du d\u00e9put\u00e9 mauritanien engag\u00e9 dans la lutte contre l\u2019esclavage, laur\u00e9at du Prix des Nations Unies pour les droits de l\u2019homme en 2013, alors incarc\u00e9r\u00e9 pour la \u00e9ni\u00e8me fois par le r\u00e9gime domin\u00e9 par une oligarchie raciste en Mauritanie.<\/p>\n<p>Depuis le 25 d\u00e9cembre 2025, de nouvelles menaces de mort, publiques et explicites, ont \u00e9t\u00e9 prof\u00e9r\u00e9es \u00e0 l\u2019encontre du d\u00e9put\u00e9 Biram Dah Abeid. Alert\u00e9e de la gravit\u00e9 de ces faits, l\u2019Union Parlementaire Internationale entend inscrire ce dossier, lourd de dangers, \u00e0 l\u2019ordre du jour de sa session de f\u00e9vrier 2026.<\/p>\n<p>Ces menaces suscitent une inqui\u00e9tude croissante au sein de la communaut\u00e9 internationale des droits de l\u2019Homme, ainsi que parmi les acteurs de la soci\u00e9t\u00e9 civile et de la classe politique mauritaniennes. Cette inqui\u00e9tude est renforc\u00e9e par le silence assourdissant des pouvoirs ex\u00e9cutif, l\u00e9gislatif et judiciaire mauritaniens face \u00e0 des faits d\u2019une gravit\u00e9 exceptionnelle : des menaces de mort visant un parlementaire en exercice et une figure de renomm\u00e9e internationale, pr\u00e9sident de l\u2019Initiative pour la R\u00e9surgence du mouvement Abolitionniste (IRA).<\/p>\n<p>Les sections europ\u00e9ennes du r\u00e9seau IRA d\u00e9noncent avec fermet\u00e9 et condamnent le silence complice des autorit\u00e9s politiques, l\u00e9gislatives et judiciaires mauritaniennes face \u00e0 ces agissements criminels, qui auraient \u00e9t\u00e9 perp\u00e9tr\u00e9s par des proches du dictateur mauritanien, le g\u00e9n\u00e9ral Mohamed Ould Ghazouani.<\/p>\n<p>Les sections de l\u2019IRA en Europe d\u00e9noncent \u00e9galement le mutisme de l\u2019institution officielle de l\u2019opposition mauritanienne face \u00e0 ces faits graves. Elles saluent toutefois les partis de l\u2019opposition qui ont pris leurs responsabilit\u00e9s en condamnant publiquement ces menaces de mort et en d\u00e9non\u00e7ant la passivit\u00e9, voire la complicit\u00e9 silencieuse, des diff\u00e9rents pouvoirs en place.<\/p>\n<p>Enfin, les sections de l\u2019IRA en Europe appellent la communaut\u00e9 internationale \u00e0 une vigilance renforc\u00e9e face \u00e0 des comportements irresponsables, violents et hors-la-loi, aux cons\u00e9quences potentiellement dramatiques pour les droits humains, les droits du peuple mauritanien, la paix civile en Mauritanie et la stabilit\u00e9 de l\u2019ensemble de la r\u00e9gion sah\u00e9lienne.<\/p>\n<p>Bruxelles le 11 Janvier 2026<\/p>\n<p>IRA-France-Mauritanie<br \/>\nIRA-Belgique<br \/>\nIRA-Italie<br \/>\nIRA-Allemagne<\/p>\n","protected":false},"excerpt":{"rendered":"<p>L\u2019Union Parlementaire Internationale (UPI) et les sections europ\u00e9ennes de l\u2019IRA alertent sur une recrudescence de menaces de mort &#8220;explicites&#8221; visant le d\u00e9put\u00e9 mauritanien et d\u00e9fenseur des droits humains Biram Dah Abeid. Face au silence des autorit\u00e9s mauritaniennes, l\u2019UPI inscrit le dossier \u00e0 l\u2019ordre du jour de sa session de f\u00e9vrier 2026. Les organisations signataires d\u00e9noncent &hellip;<\/p>\n","protected":false},"author":2,"featured_media":5171,"comment_status":"open","ping_status":"open","sticky":false,"template":"","format":"standard","meta":{"footnotes":""},"categories":[18,31],"tags":[],"class_list":["post-20054","post","type-post","status-publish","format-standard","has-post-thumbnail","hentry","category-actualites","category-politique-et-reportages"],"_links":{"self":[{"href":"https:\/\/ladepeche.mr\/index.php?rest_route=\/wp\/v2\/posts\/20054","targetHints":{"allow":["GET"]}}],"collection":[{"href":"https:\/\/ladepeche.mr\/index.php?rest_route=\/wp\/v2\/posts"}],"about":[{"href":"https:\/\/ladepeche.mr\/index.php?rest_route=\/wp\/v2\/types\/post"}],"author":[{"embeddable":true,"href":"https:\/\/ladepeche.mr\/index.php?rest_route=\/wp\/v2\/users\/2"}],"replies":[{"embeddable":true,"href":"https:\/\/ladepeche.mr\/index.php?rest_route=%2Fwp%2Fv2%2Fcomments&post=20054"}],"version-history":[{"count":2,"href":"https:\/\/ladepeche.mr\/index.php?rest_route=\/wp\/v2\/posts\/20054\/revisions"}],"predecessor-version":[{"id":20056,"href":"https:\/\/ladepeche.mr\/index.php?rest_route=\/wp\/v2\/posts\/20054\/revisions\/20056"}],"wp:featuredmedia":[{"embeddable":true,"href":"https:\/\/ladepeche.mr\/index.php?rest_route=\/wp\/v2\/media\/5171"}],"wp:attachment":[{"href":"https:\/\/ladepeche.mr\/index.php?rest_route=%2Fwp%2Fv2%2Fmedia&parent=20054"}],"wp:term":[{"taxonomy":"category","embeddable":true,"href":"https:\/\/ladepeche.mr\/index.php?rest_route=%2Fwp%2Fv2%2Fcategories&post=20054"},{"taxonomy":"post_tag","embeddable":true,"href":"https:\/\/ladepeche.mr\/index.php?rest_route=%2Fwp%2Fv2%2Ftags&post=20054"}],"curies":[{"name":"wp","href":"https:\/\/api.w.org\/{rel}","templated":true}]}}