{"id":20058,"date":"2026-01-12T10:16:37","date_gmt":"2026-01-12T10:16:37","guid":{"rendered":"https:\/\/ladepeche.mr\/?p=20058"},"modified":"2026-01-12T10:16:37","modified_gmt":"2026-01-12T10:16:37","slug":"groenland-la-france-exhorte-washington-a-cesser-le-chantage-face-aux-ambitions-de-trump","status":"publish","type":"post","link":"https:\/\/ladepeche.mr\/?p=20058","title":{"rendered":"Groenland : la France exhorte Washington \u00e0 \u00ab cesser le chantage \u00bb face aux ambitions de Trump"},"content":{"rendered":"<p>\u00ab Le Groenland est un territoire europ\u00e9en plac\u00e9 sous la protection de l\u2019Otan. Ce chantage doit cesser \u00bb, affirme le chef de la diplomatie fran\u00e7aise Jean-No\u00ebl Barrot.<br \/>\nLe ministre fran\u00e7ais des Affaires \u00e9trang\u00e8res, Jean-No\u00ebl Barrot, a appel\u00e9 les \u00c9tats-Unis \u00e0 \u00ab cesser le chantage \u00bb visant \u00e0 obtenir un contr\u00f4le direct du Groenland, territoire autonome relevant de la souverainet\u00e9 du Danemark, selon une interview diffus\u00e9e samedi par plusieurs m\u00e9dias europ\u00e9ens.<\/p>\n<p>S\u2019exprimant notamment dans le quotidien fran\u00e7ais Ouest-France, Jean-No\u00ebl Barrot a affirm\u00e9 ne \u00ab pas croire \u00bb \u00e0 une intervention militaire am\u00e9ricaine pour s\u2019emparer du Groenland, \u00e9voqu\u00e9e \u00e0 plusieurs reprises par le pr\u00e9sident am\u00e9ricain Donald Trump. \u00ab Rien ne saurait le justifier \u00bb, a-t-il insist\u00e9.<\/p>\n<p>\u00ab Le Groenland est un territoire europ\u00e9en, plac\u00e9 sous la protection de l\u2019Otan. J\u2019ajoute que les Europ\u00e9ens disposent de moyens tr\u00e8s puissants pour d\u00e9fendre leurs int\u00e9r\u00eats. Ce chantage doit cesser \u00bb, a poursuivi le ministre dans cet entretien \u00e9galement publi\u00e9 par les m\u00e9dias allemands Funke et le journal polonais Gazeta Wyborcza.<\/p>\n<p>Donald Trump est revenu sur le sujet vendredi, affirmant que la Russie ou la Chine pourraient \u00ab occuper le Groenland \u00bb. \u00ab C\u2019est ce qu\u2019ils vont faire si nous ne le faisons pas. Donc nous allons agir, soit de mani\u00e8re douce, soit de mani\u00e8re forte \u00bb, a-t-il d\u00e9clar\u00e9.<\/p>\n<p>En r\u00e9action, les dirigeants des cinq partis groenlandais repr\u00e9sent\u00e9s au Parlement local ont rejet\u00e9 toute ing\u00e9rence \u00e9trang\u00e8re. \u00ab Nous ne voulons pas \u00eatre am\u00e9ricains, nous ne voulons pas \u00eatre danois, nous voulons \u00eatre groenlandais \u00bb, ont-ils affirm\u00e9 dans une d\u00e9claration commune, soulignant que \u00ab l\u2019avenir du Groenland doit \u00eatre d\u00e9cid\u00e9 par le peuple groenlandais \u00bb.<\/p>\n<p>Depuis 1951, un accord de d\u00e9fense lie les \u00c9tats-Unis, le Danemark et le Groenland, accord qui accorde une large libert\u00e9 d\u2019action aux forces arm\u00e9es am\u00e9ricaines sur le territoire groenlandais, sous r\u00e9serve d\u2019une information pr\u00e9alable des autorit\u00e9s locales.<br \/>\naa.com.tr<\/p>\n","protected":false},"excerpt":{"rendered":"<p>\u00ab Le Groenland est un territoire europ\u00e9en plac\u00e9 sous la protection de l\u2019Otan. Ce chantage doit cesser \u00bb, affirme le chef de la diplomatie fran\u00e7aise Jean-No\u00ebl Barrot. Le ministre fran\u00e7ais des Affaires \u00e9trang\u00e8res, Jean-No\u00ebl Barrot, a appel\u00e9 les \u00c9tats-Unis \u00e0 \u00ab cesser le chantage \u00bb visant \u00e0 obtenir un contr\u00f4le direct du Groenland, territoire autonome &hellip;<\/p>\n","protected":false},"author":2,"featured_media":20059,"comment_status":"open","ping_status":"open","sticky":false,"template":"","format":"standard","meta":{"footnotes":""},"categories":[18,29],"tags":[],"class_list":["post-20058","post","type-post","status-publish","format-standard","has-post-thumbnail","hentry","category-actualites","category-monde"],"_links":{"self":[{"href":"https:\/\/ladepeche.mr\/index.php?rest_route=\/wp\/v2\/posts\/20058","targetHints":{"allow":["GET"]}}],"collection":[{"href":"https:\/\/ladepeche.mr\/index.php?rest_route=\/wp\/v2\/posts"}],"about":[{"href":"https:\/\/ladepeche.mr\/index.php?rest_route=\/wp\/v2\/types\/post"}],"author":[{"embeddable":true,"href":"https:\/\/ladepeche.mr\/index.php?rest_route=\/wp\/v2\/users\/2"}],"replies":[{"embeddable":true,"href":"https:\/\/ladepeche.mr\/index.php?rest_route=%2Fwp%2Fv2%2Fcomments&post=20058"}],"version-history":[{"count":1,"href":"https:\/\/ladepeche.mr\/index.php?rest_route=\/wp\/v2\/posts\/20058\/revisions"}],"predecessor-version":[{"id":20060,"href":"https:\/\/ladepeche.mr\/index.php?rest_route=\/wp\/v2\/posts\/20058\/revisions\/20060"}],"wp:featuredmedia":[{"embeddable":true,"href":"https:\/\/ladepeche.mr\/index.php?rest_route=\/wp\/v2\/media\/20059"}],"wp:attachment":[{"href":"https:\/\/ladepeche.mr\/index.php?rest_route=%2Fwp%2Fv2%2Fmedia&parent=20058"}],"wp:term":[{"taxonomy":"category","embeddable":true,"href":"https:\/\/ladepeche.mr\/index.php?rest_route=%2Fwp%2Fv2%2Fcategories&post=20058"},{"taxonomy":"post_tag","embeddable":true,"href":"https:\/\/ladepeche.mr\/index.php?rest_route=%2Fwp%2Fv2%2Ftags&post=20058"}],"curies":[{"name":"wp","href":"https:\/\/api.w.org\/{rel}","templated":true}]}}