{"id":2006,"date":"2022-09-22T09:11:30","date_gmt":"2022-09-22T09:11:30","guid":{"rendered":"https:\/\/ladepeche.mr\/?p=2006"},"modified":"2022-09-22T05:20:37","modified_gmt":"2022-09-22T05:20:37","slug":"mauritanie-union-europeenne-raffermir-la-cooperation","status":"publish","type":"post","link":"https:\/\/ladepeche.mr\/?p=2006","title":{"rendered":"Mauritanie-Union Europ\u00e9enne: Raffermir la coop\u00e9ration bilat\u00e9rale"},"content":{"rendered":"<p>Le ministre de l\u2019Int\u00e9rieur et de la D\u00e9centralisation, Mohamed Ahmed Ould Mohamed Lemine, a \u00e9voqu\u00e9 mardi, \u00e0 l&#8217;occasion d&#8217;une rencontre avec une d\u00e9l\u00e9gation de l\u2019Union Europ\u00e9enne de la coop\u00e9ration entre les deux parties, des moyens d\u00e9ploy\u00e9s et ceux susceptibles de la raffermir davantage.<br \/>\nLa d\u00e9l\u00e9gation de l&#8217;Ue \u00e9tait conduite par Anne Fran\u00e7oise Paradis, chef de la section politique de la D\u00e9l\u00e9gation europ\u00e9enne et responsable de la coop\u00e9ration et comprenait \u00e9galement Mme Monica Pambianco, responsable des relations ext\u00e9rieures et Mustafa Ameyahid, chef de la coop\u00e9ration internationale.<br \/>\nAu centre de ces entretiens indique-t-on de source officielle, la coop\u00e9ration dans le domaine de la migration.<\/p>\n","protected":false},"excerpt":{"rendered":"<p>Le ministre de l\u2019Int\u00e9rieur et de la D\u00e9centralisation, Mohamed Ahmed Ould Mohamed Lemine, a \u00e9voqu\u00e9 mardi, \u00e0 l&#8217;occasion d&#8217;une rencontre avec une d\u00e9l\u00e9gation de l\u2019Union Europ\u00e9enne de la coop\u00e9ration entre les deux parties, des moyens d\u00e9ploy\u00e9s et ceux susceptibles de la raffermir davantage. La d\u00e9l\u00e9gation de l&#8217;Ue \u00e9tait conduite par Anne Fran\u00e7oise Paradis, chef de &hellip;<\/p>\n","protected":false},"author":2,"featured_media":2007,"comment_status":"open","ping_status":"open","sticky":false,"template":"","format":"standard","meta":{"footnotes":""},"categories":[1],"tags":[],"class_list":["post-2006","post","type-post","status-publish","format-standard","has-post-thumbnail","hentry","category-uncategorized"],"_links":{"self":[{"href":"https:\/\/ladepeche.mr\/index.php?rest_route=\/wp\/v2\/posts\/2006","targetHints":{"allow":["GET"]}}],"collection":[{"href":"https:\/\/ladepeche.mr\/index.php?rest_route=\/wp\/v2\/posts"}],"about":[{"href":"https:\/\/ladepeche.mr\/index.php?rest_route=\/wp\/v2\/types\/post"}],"author":[{"embeddable":true,"href":"https:\/\/ladepeche.mr\/index.php?rest_route=\/wp\/v2\/users\/2"}],"replies":[{"embeddable":true,"href":"https:\/\/ladepeche.mr\/index.php?rest_route=%2Fwp%2Fv2%2Fcomments&post=2006"}],"version-history":[{"count":2,"href":"https:\/\/ladepeche.mr\/index.php?rest_route=\/wp\/v2\/posts\/2006\/revisions"}],"predecessor-version":[{"id":2009,"href":"https:\/\/ladepeche.mr\/index.php?rest_route=\/wp\/v2\/posts\/2006\/revisions\/2009"}],"wp:featuredmedia":[{"embeddable":true,"href":"https:\/\/ladepeche.mr\/index.php?rest_route=\/wp\/v2\/media\/2007"}],"wp:attachment":[{"href":"https:\/\/ladepeche.mr\/index.php?rest_route=%2Fwp%2Fv2%2Fmedia&parent=2006"}],"wp:term":[{"taxonomy":"category","embeddable":true,"href":"https:\/\/ladepeche.mr\/index.php?rest_route=%2Fwp%2Fv2%2Fcategories&post=2006"},{"taxonomy":"post_tag","embeddable":true,"href":"https:\/\/ladepeche.mr\/index.php?rest_route=%2Fwp%2Fv2%2Ftags&post=2006"}],"curies":[{"name":"wp","href":"https:\/\/api.w.org\/{rel}","templated":true}]}}