{"id":20061,"date":"2026-01-12T11:30:32","date_gmt":"2026-01-12T11:30:32","guid":{"rendered":"https:\/\/ladepeche.mr\/?p=20061"},"modified":"2026-01-12T10:34:52","modified_gmt":"2026-01-12T10:34:52","slug":"cuba-personne-ne-peut-nous-dicter-quoi-faire-repond-diaz-canel-a-lappel-de-trump-pour-un-accord","status":"publish","type":"post","link":"https:\/\/ladepeche.mr\/?p=20061","title":{"rendered":"Cuba : \u00ab Personne ne peut nous dicter quoi faire \u00bb, r\u00e9pond D\u00edaz-Canel \u00e0 l\u2019appel de Trump pour un \u00ab accord \u00bb"},"content":{"rendered":"<p>Le pr\u00e9sident cubain Miguel D\u00edaz-Canel a rejet\u00e9 l\u2019appel du pr\u00e9sident am\u00e9ricain Donald Trump \u00e0 conclure un accord avec Washington, affirmant que Cuba est un pays \u00ab libre, ind\u00e9pendant et souverain \u00bb.<br \/>\nLe pr\u00e9sident cubain Miguel D\u00edaz-Canel a r\u00e9pondu \u00e0 l\u2019appel du pr\u00e9sident am\u00e9ricain Donald Trump invitant La Havane \u00e0 conclure un \u00ab accord \u00bb avec Washington, en d\u00e9clarant que \u00ab personne ne peut nous dicter quoi faire \u00bb.<\/p>\n<p>Dans un message publi\u00e9 sur la plateforme sociale de la soci\u00e9t\u00e9 X, bas\u00e9e aux \u00c9tats-Unis, D\u00edaz-Canel a r\u00e9agi aux propos de Trump exhortant les autorit\u00e9s cubaines \u00e0 \u00ab conclure un accord avant qu\u2019il ne soit trop tard \u00bb.<\/p>\n<p>Soulignant que Cuba n\u2019est pas un \u00c9tat \u00ab agressif \u00bb, le pr\u00e9sident cubain a rappel\u00e9 que le pays est expos\u00e9 depuis 66 ans aux agressions des \u00c9tats-Unis.<\/p>\n<p>\u00ab Cuba est un pays libre, ind\u00e9pendant et souverain. Personne ne peut nous dicter quoi faire \u00bb, a-t-il d\u00e9clar\u00e9.<\/p>\n<p>Indiquant que le peuple cubain est pr\u00eat \u00e0 d\u00e9fendre sa patrie jusqu\u2019\u00e0 la derni\u00e8re goutte de son sang, D\u00edaz-Canel a affirm\u00e9 que personne ne pouvait \u00ab menacer \u00bb le pays.<\/p>\n<p>Trump avait affirm\u00e9, dans un message publi\u00e9 le 11 janvier sur les r\u00e9seaux sociaux, que Cuba vivait depuis des ann\u00e9es gr\u00e2ce \u00e0 \u00ab d\u2019importantes quantit\u00e9s de p\u00e9trole et d\u2019argent \u00bb en provenance du Venezuela.<\/p>\n<p>Soutenant que Cuba fournissait en contrepartie des \u00ab services de s\u00e9curit\u00e9 \u00bb au Venezuela, mais que cela avait d\u00e9sormais cess\u00e9, Trump avait d\u00e9clar\u00e9 : \u00ab La plupart de ces Cubains ont \u00e9t\u00e9 tu\u00e9s lors de l\u2019attaque am\u00e9ricaine de la semaine derni\u00e8re. \u00bb<\/p>\n<p>Trump avait ajout\u00e9 : \u00ab Le Venezuela b\u00e9n\u00e9ficie d\u00e9sormais de la protection des \u00c9tats-Unis, qui disposent de loin de l\u2019arm\u00e9e la plus puissante au monde. Nous les prot\u00e9gerons. Il n\u2019y aura d\u00e9sormais plus de p\u00e9trole ni d\u2019argent envoy\u00e9s \u00e0 Cuba. Je leur recommande vivement de conclure un accord avant qu\u2019il ne soit trop tard. \u00bb<\/p>\n<p>Pour rappel, des explosions et des avions avaient \u00e9t\u00e9 entendus dans la capitale v\u00e9n\u00e9zu\u00e9lienne Caracas, le 3 janvier vers 02h00 heure locale.<\/p>\n<p>\u00c0 la suite de ces explosions, les autorit\u00e9s v\u00e9n\u00e9zu\u00e9liennes avaient accus\u00e9 les \u00c9tats-Unis d\u2019avoir men\u00e9 des attaques contre des installations civiles et militaires dans plusieurs r\u00e9gions du pays.<\/p>\n<p>Le pr\u00e9sident am\u00e9ricain Trump avait annonc\u00e9 qu\u2019une attaque de grande ampleur avait \u00e9t\u00e9 men\u00e9e contre le pr\u00e9sident v\u00e9n\u00e9zu\u00e9lien Nicolas Maduro et que ce dernier, ainsi que son \u00e9pouse, avaient \u00e9t\u00e9 emmen\u00e9s hors du pays.<\/p>\n<p>La ministre am\u00e9ricaine de la Justice, Pam Bondi, avait \u00e9galement annonc\u00e9 le d\u00e9p\u00f4t de plaintes aux \u00c9tats-Unis contre Maduro et son \u00e9pouse Cilia Flores, \u00e9voquant des accusations de \u00ab narco-terrorisme, trafic de coca\u00efne et possession de mitrailleuses et d\u2019engins destructeurs contre les \u00c9tats-Unis \u00bb.<\/p>\n<p>Le Venezuela avait appel\u00e9 la communaut\u00e9 internationale \u00e0 condamner les \u00c9tats-Unis. Si certains pays ont critiqu\u00e9 l\u2019attaque, d\u2019autres ont exprim\u00e9 leur soutien \u00e0 Washington.<\/p>\n<p>&#8211; Rodriguez a pr\u00eat\u00e9 serment au Parlement<\/p>\n<p>\u00c0 la suite de la d\u00e9tention de Maduro lors des frappes a\u00e9riennes am\u00e9ricaines contre le Venezuela, sa vice-pr\u00e9sidente Delcy Rodriguez a pr\u00eat\u00e9 serment au Parlement et a officiellement assum\u00e9 les fonctions de pr\u00e9sidente par int\u00e9rim le 5 janvier.<\/p>\n<p>Dans son discours, Rodriguez a d\u00e9clar\u00e9 : \u00ab Je suis ici avec la tristesse provoqu\u00e9e par l\u2019enl\u00e8vement de notre pr\u00e9sident Nicolas Maduro et de son \u00e9pouse Cilia Flores, retenus en otage aux \u00c9tats-Unis. \u00bb<\/p>\n<p>aa.com.tr<\/p>\n","protected":false},"excerpt":{"rendered":"<p>Le pr\u00e9sident cubain Miguel D\u00edaz-Canel a rejet\u00e9 l\u2019appel du pr\u00e9sident am\u00e9ricain Donald Trump \u00e0 conclure un accord avec Washington, affirmant que Cuba est un pays \u00ab libre, ind\u00e9pendant et souverain \u00bb. Le pr\u00e9sident cubain Miguel D\u00edaz-Canel a r\u00e9pondu \u00e0 l\u2019appel du pr\u00e9sident am\u00e9ricain Donald Trump invitant La Havane \u00e0 conclure un \u00ab accord \u00bb avec &hellip;<\/p>\n","protected":false},"author":2,"featured_media":20062,"comment_status":"open","ping_status":"open","sticky":false,"template":"","format":"standard","meta":{"footnotes":""},"categories":[18,29],"tags":[],"class_list":["post-20061","post","type-post","status-publish","format-standard","has-post-thumbnail","hentry","category-actualites","category-monde"],"_links":{"self":[{"href":"https:\/\/ladepeche.mr\/index.php?rest_route=\/wp\/v2\/posts\/20061","targetHints":{"allow":["GET"]}}],"collection":[{"href":"https:\/\/ladepeche.mr\/index.php?rest_route=\/wp\/v2\/posts"}],"about":[{"href":"https:\/\/ladepeche.mr\/index.php?rest_route=\/wp\/v2\/types\/post"}],"author":[{"embeddable":true,"href":"https:\/\/ladepeche.mr\/index.php?rest_route=\/wp\/v2\/users\/2"}],"replies":[{"embeddable":true,"href":"https:\/\/ladepeche.mr\/index.php?rest_route=%2Fwp%2Fv2%2Fcomments&post=20061"}],"version-history":[{"count":1,"href":"https:\/\/ladepeche.mr\/index.php?rest_route=\/wp\/v2\/posts\/20061\/revisions"}],"predecessor-version":[{"id":20063,"href":"https:\/\/ladepeche.mr\/index.php?rest_route=\/wp\/v2\/posts\/20061\/revisions\/20063"}],"wp:featuredmedia":[{"embeddable":true,"href":"https:\/\/ladepeche.mr\/index.php?rest_route=\/wp\/v2\/media\/20062"}],"wp:attachment":[{"href":"https:\/\/ladepeche.mr\/index.php?rest_route=%2Fwp%2Fv2%2Fmedia&parent=20061"}],"wp:term":[{"taxonomy":"category","embeddable":true,"href":"https:\/\/ladepeche.mr\/index.php?rest_route=%2Fwp%2Fv2%2Fcategories&post=20061"},{"taxonomy":"post_tag","embeddable":true,"href":"https:\/\/ladepeche.mr\/index.php?rest_route=%2Fwp%2Fv2%2Ftags&post=20061"}],"curies":[{"name":"wp","href":"https:\/\/api.w.org\/{rel}","templated":true}]}}