{"id":20064,"date":"2026-01-12T11:05:03","date_gmt":"2026-01-12T11:05:03","guid":{"rendered":"https:\/\/ladepeche.mr\/?p=20064"},"modified":"2026-01-12T11:06:49","modified_gmt":"2026-01-12T11:06:49","slug":"la-coupe-du-monde-2026-en-crise-la-fifa-ose-t-elle-exclure-les-etats-unis-apres-linvasion-du-venezuela","status":"publish","type":"post","link":"https:\/\/ladepeche.mr\/?p=20064","title":{"rendered":"La Coupe du Monde 2026 EN CRISE : la FIFA ose-t-elle exclure les Etats-Unis apr\u00e8s l&#8217;invasion du V\u00e9n\u00e9zu\u00e9la?"},"content":{"rendered":"<p>Alors que le monde entier se pr\u00e9pare \u00e0 c\u00e9l\u00e9brer le football sous les projecteurs des stades am\u00e9ricains, une question d\u2019une gravit\u00e9 sans pr\u00e9c\u00e9dent \u00e9branle l\u2019univers sportif : la Coupe du Monde 2026 peut-elle l\u00e9gitimement se tenir aux \u00c9tats-Unis apr\u00e8s une agression militaire unilat\u00e9rale contre le Venezuela ? Loin d\u2019\u00eatre un simple d\u00e9bat de ballon, ce dossier plonge la FIFA, et avec elle tout le sport mondial, au c\u0153ur d\u2019un dilemme moral et juridique de port\u00e9e historique.<\/p>\n<p><strong>Les r\u00e8gles de la FIFA confront\u00e9es \u00e0 la r\u00e9alit\u00e9<\/strong><br \/>\nLa F\u00e9d\u00e9ration Internationale de Football, dans ses statuts, se veut garante du fair-play et de la paix entre nations. Elle pr\u00e9voit que tout \u00c9tat membre impliqu\u00e9 dans une agression militaire violant la souverainet\u00e9 d\u2019un autre pays peut faire l\u2019objet de sanctions, allant jusqu\u2019\u00e0 la suspension de sa f\u00e9d\u00e9ration ou au retrait de l\u2019organisation d\u2019un tournoi international.<br \/>\nLe pr\u00e9c\u00e9dent russe est \u00e9loquent : en 2022, la Russie fut exclue de toutes les comp\u00e9titions internationales en raison de son intervention en Ukraine, un geste unanimement salu\u00e9 comme coh\u00e9rent avec la doctrine de l\u2019organisation.<br \/>\nAujourd\u2019hui, la situation am\u00e9ricaine face au Venezuela semble en tout point similaire. Les bombardements unilat\u00e9raux et l\u2019enl\u00e8vement du pr\u00e9sident Nicol\u00e1s Maduro repr\u00e9sentent une violation flagrante des principes de paix universels. Pourtant, la FIFA semble rester silencieuse, oscillant entre prudence diplomatique et int\u00e9r\u00eats financiers colossaux.<\/p>\n<p><strong>Deux poids, deux mesures ?<\/strong><br \/>\nCe silence alimente une controverse majeure : la FIFA applique-t-elle ses propres r\u00e8gles avec impartialit\u00e9 ? Si les \u00c9tats-Unis, auteurs d\u2019une intervention militaire directe sur un pays souverain, conservent l\u2019organisation de la Coupe du Monde, l\u2019instance sportive s\u2019expose \u00e0 une accusation grave de partialit\u00e9 et de complicit\u00e9 morale.<br \/>\nLes r\u00e9seaux sociaux et les chancelleries s\u2019enflamment : des voix s\u2019\u00e9l\u00e8vent pour d\u00e9noncer une in\u00e9galit\u00e9 flagrante. Plusieurs nations proches du Venezuela \u2013 Russie, Chine, Iran, et certains pays d\u2019Am\u00e9rique latine \u2013 menacent de boycotter le tournoi, transformant la Coupe du Monde en un \u00e9v\u00e9nement tronqu\u00e9, politiquement biais\u00e9 et diplomatiquement dangereux.<br \/>\nLoin d\u2019\u00eatre un simple enjeu sportif, cette situation r\u00e9v\u00e8le une fracture g\u00e9opolitique o\u00f9 le football devient un instrument de soft power, voire d\u2019influence strat\u00e9gique.<\/p>\n<p><strong>Suspension ou renoncement : quel choix pour la FIFA ?<\/strong><br \/>\nTechniquement, la FIFA dispose de l\u2019autorit\u00e9 n\u00e9cessaire pour suspendre une f\u00e9d\u00e9ration ou retirer l\u2019organisation d\u2019un tournoi. Mais face aux \u00c9tats-Unis, puissance \u00e9conomique et militaire, la question devient br\u00fblante : l\u2019instance osera-t-elle affronter Washington et renoncer aux milliards de dollars g\u00e9n\u00e9r\u00e9s par les droits t\u00e9l\u00e9vis\u00e9s et les sponsors ?<br \/>\nSi la FIFA choisit de fermer les yeux, elle risque non seulement de ternir sa cr\u00e9dibilit\u00e9, mais aussi de d\u00e9montrer que ses sanctions ne s\u2019appliquent qu\u2019aux adversaires des grandes puissances occidentales. Dans ce contexte, le sport, cens\u00e9 unir les peuples, devient un r\u00e9v\u00e9lateur cruel des hi\u00e9rarchies mondiales et de l\u2019influence politique sur le terrain.<\/p>\n<p><strong>Football et g\u00e9opolitique : un duo explosif<\/strong><br \/>\nLa Coupe du Monde 2026 ne sera pas qu\u2019un tournoi de football. Elle sera un test historique de l\u2019int\u00e9grit\u00e9 du sport international. Dans un monde o\u00f9 le sang coule au Venezuela, peut-on encore c\u00e9l\u00e9brer la beaut\u00e9 du jeu aux \u00c9tats-Unis ? Peut-on dissocier le sport des choix g\u00e9opolitiques et des violations des droits internationaux ?<br \/>\nL\u2019exclusion de la Russie avait envoy\u00e9 un message clair : la paix prime sur le jeu. Aujourd\u2019hui, la FIFA se trouve face \u00e0 son moment de v\u00e9rit\u00e9. Si elle renonce \u00e0 appliquer les m\u00eames standards aux \u00c9tats-Unis, le monde entier saura que la justice sportive n\u2019est qu\u2019un outil \u00e0 g\u00e9om\u00e9trie variable, subordonn\u00e9 aux puissances dominantes.<br \/>\nConclusion : la FIFA au pied du mur<br \/>\nChaque minute qui passe rapproche le coup d\u2019envoi de la Coupe du Monde 2026. Chaque silence de la FIFA alimente les soup\u00e7ons de partialit\u00e9. La balle est dans le camp de l\u2019instance internationale : imposer la coh\u00e9rence, ou cautionner un double standard qui pourrait hanter le football mondial pour des d\u00e9cennies.<br \/>\nComme le disait un ancien slogan du fair-play : \u00ab Si le sang coule au Venezuela, le ballon ne peut pas rouler sereinement aux \u00c9tats-Unis. \u00bb<br \/>\nLa FIFA doit d\u00e9cider : sera-t-elle fid\u00e8le \u00e0 ses principes ou complice d\u2019une injustice internationale ? L\u2019avenir de la cr\u00e9dibilit\u00e9 du sport est en jeu, et le monde regarde.<\/p>\n<p><strong>Par Sidi Mohamed Taleb Brahim<\/strong><\/p>\n","protected":false},"excerpt":{"rendered":"<p>Alors que le monde entier se pr\u00e9pare \u00e0 c\u00e9l\u00e9brer le football sous les projecteurs des stades am\u00e9ricains, une question d\u2019une gravit\u00e9 sans pr\u00e9c\u00e9dent \u00e9branle l\u2019univers sportif : la Coupe du Monde 2026 peut-elle l\u00e9gitimement se tenir aux \u00c9tats-Unis apr\u00e8s une agression militaire unilat\u00e9rale contre le Venezuela ? Loin d\u2019\u00eatre un simple d\u00e9bat de ballon, ce &hellip;<\/p>\n","protected":false},"author":2,"featured_media":19957,"comment_status":"open","ping_status":"open","sticky":false,"template":"","format":"standard","meta":{"footnotes":""},"categories":[18,29,17,19],"tags":[],"class_list":["post-20064","post","type-post","status-publish","format-standard","has-post-thumbnail","hentry","category-actualites","category-monde","category-sports","category-tribune"],"_links":{"self":[{"href":"https:\/\/ladepeche.mr\/index.php?rest_route=\/wp\/v2\/posts\/20064","targetHints":{"allow":["GET"]}}],"collection":[{"href":"https:\/\/ladepeche.mr\/index.php?rest_route=\/wp\/v2\/posts"}],"about":[{"href":"https:\/\/ladepeche.mr\/index.php?rest_route=\/wp\/v2\/types\/post"}],"author":[{"embeddable":true,"href":"https:\/\/ladepeche.mr\/index.php?rest_route=\/wp\/v2\/users\/2"}],"replies":[{"embeddable":true,"href":"https:\/\/ladepeche.mr\/index.php?rest_route=%2Fwp%2Fv2%2Fcomments&post=20064"}],"version-history":[{"count":3,"href":"https:\/\/ladepeche.mr\/index.php?rest_route=\/wp\/v2\/posts\/20064\/revisions"}],"predecessor-version":[{"id":20067,"href":"https:\/\/ladepeche.mr\/index.php?rest_route=\/wp\/v2\/posts\/20064\/revisions\/20067"}],"wp:featuredmedia":[{"embeddable":true,"href":"https:\/\/ladepeche.mr\/index.php?rest_route=\/wp\/v2\/media\/19957"}],"wp:attachment":[{"href":"https:\/\/ladepeche.mr\/index.php?rest_route=%2Fwp%2Fv2%2Fmedia&parent=20064"}],"wp:term":[{"taxonomy":"category","embeddable":true,"href":"https:\/\/ladepeche.mr\/index.php?rest_route=%2Fwp%2Fv2%2Fcategories&post=20064"},{"taxonomy":"post_tag","embeddable":true,"href":"https:\/\/ladepeche.mr\/index.php?rest_route=%2Fwp%2Fv2%2Ftags&post=20064"}],"curies":[{"name":"wp","href":"https:\/\/api.w.org\/{rel}","templated":true}]}}