{"id":20079,"date":"2026-01-14T10:41:21","date_gmt":"2026-01-14T10:41:21","guid":{"rendered":"https:\/\/ladepeche.mr\/?p=20079"},"modified":"2026-01-14T10:41:46","modified_gmt":"2026-01-14T10:41:46","slug":"mineurs-en-conflit-avec-la-loi-accord-pour-la-rehabilitation-du-centre-daccueil-et-dintegration-sociale","status":"publish","type":"post","link":"https:\/\/ladepeche.mr\/?p=20079","title":{"rendered":"Mineurs en conflit avec la loi: accord pour la r\u00e9habilitation du centre d\u2019accueil et d\u2019int\u00e9gration sociale"},"content":{"rendered":"<p>La Mauritanie a sign\u00e9 mardi \u00e0 Nouakchott un accord pour la r\u00e9habilitation du Centre d\u2019accueil et d\u2019int\u00e9gration sociale des mineurs en conflit avec la loi, dans le cadre d\u2019un partenariat entre le minist\u00e8re de la Justice, la D\u00e9l\u00e9gation g\u00e9n\u00e9rale \u00e0 la solidarit\u00e9 nationale et \u00e0 la lutte contre l\u2019exclusion (Taazour) et le Fonds des Nations unies pour l\u2019enfance (UNICEF).<\/p>\n<p>Le cahier des charges a \u00e9t\u00e9 sign\u00e9 lors d\u2019une c\u00e9r\u00e9monie pr\u00e9sid\u00e9e par le ministre de la Justice, Mohamed Ould Soueidatt, en pr\u00e9sence du d\u00e9l\u00e9gu\u00e9 g\u00e9n\u00e9ral de Taazour, Sidi Ould Moulay Zeine, et du repr\u00e9sentant de l\u2019UNICEF en Mauritanie, El Kebir Alaoui.<\/p>\n<p>Le projet pr\u00e9voit la r\u00e9habilitation des infrastructures du centre, le renforcement des ressources humaines ainsi que des programmes d\u2019\u00e9ducation, de formation et d\u2019int\u00e9gration sociale en faveur des mineurs concern\u00e9s.<\/p>\n<p>Selon l\u2019UNICEF, l\u2019accord vise \u00e0 renforcer le syst\u00e8me de protection des enfants en conflit avec la loi et \u00e0 favoriser leur r\u00e9int\u00e9gration familiale et communautaire.<\/p>\n<p>D\u2019apr\u00e8s El Kebir Alaoui, le centre de r\u00e9int\u00e9gration sociale de Nouakchott devrait devenir, dans un d\u00e9lai d\u2019un an, l\u2019un des \u00e9tablissements de r\u00e9f\u00e9rence pour la protection des droits de l\u2019enfant, conform\u00e9ment aux normes internationales.<br \/>\n(avec Ami)<\/p>\n","protected":false},"excerpt":{"rendered":"<p>La Mauritanie a sign\u00e9 mardi \u00e0 Nouakchott un accord pour la r\u00e9habilitation du Centre d\u2019accueil et d\u2019int\u00e9gration sociale des mineurs en conflit avec la loi, dans le cadre d\u2019un partenariat entre le minist\u00e8re de la Justice, la D\u00e9l\u00e9gation g\u00e9n\u00e9rale \u00e0 la solidarit\u00e9 nationale et \u00e0 la lutte contre l\u2019exclusion (Taazour) et le Fonds des Nations &hellip;<\/p>\n","protected":false},"author":2,"featured_media":20080,"comment_status":"open","ping_status":"open","sticky":false,"template":"","format":"standard","meta":{"footnotes":""},"categories":[18],"tags":[],"class_list":["post-20079","post","type-post","status-publish","format-standard","has-post-thumbnail","hentry","category-actualites"],"_links":{"self":[{"href":"https:\/\/ladepeche.mr\/index.php?rest_route=\/wp\/v2\/posts\/20079","targetHints":{"allow":["GET"]}}],"collection":[{"href":"https:\/\/ladepeche.mr\/index.php?rest_route=\/wp\/v2\/posts"}],"about":[{"href":"https:\/\/ladepeche.mr\/index.php?rest_route=\/wp\/v2\/types\/post"}],"author":[{"embeddable":true,"href":"https:\/\/ladepeche.mr\/index.php?rest_route=\/wp\/v2\/users\/2"}],"replies":[{"embeddable":true,"href":"https:\/\/ladepeche.mr\/index.php?rest_route=%2Fwp%2Fv2%2Fcomments&post=20079"}],"version-history":[{"count":2,"href":"https:\/\/ladepeche.mr\/index.php?rest_route=\/wp\/v2\/posts\/20079\/revisions"}],"predecessor-version":[{"id":20082,"href":"https:\/\/ladepeche.mr\/index.php?rest_route=\/wp\/v2\/posts\/20079\/revisions\/20082"}],"wp:featuredmedia":[{"embeddable":true,"href":"https:\/\/ladepeche.mr\/index.php?rest_route=\/wp\/v2\/media\/20080"}],"wp:attachment":[{"href":"https:\/\/ladepeche.mr\/index.php?rest_route=%2Fwp%2Fv2%2Fmedia&parent=20079"}],"wp:term":[{"taxonomy":"category","embeddable":true,"href":"https:\/\/ladepeche.mr\/index.php?rest_route=%2Fwp%2Fv2%2Fcategories&post=20079"},{"taxonomy":"post_tag","embeddable":true,"href":"https:\/\/ladepeche.mr\/index.php?rest_route=%2Fwp%2Fv2%2Ftags&post=20079"}],"curies":[{"name":"wp","href":"https:\/\/api.w.org\/{rel}","templated":true}]}}