{"id":20091,"date":"2026-01-14T18:59:15","date_gmt":"2026-01-14T18:59:15","guid":{"rendered":"https:\/\/ladepeche.mr\/?p=20091"},"modified":"2026-01-14T18:59:15","modified_gmt":"2026-01-14T18:59:15","slug":"cybersecurite-la-rim-cherche-un-bouclier-us","status":"publish","type":"post","link":"https:\/\/ladepeche.mr\/?p=20091","title":{"rendered":"Cybers\u00e9curit\u00e9 : La RIM cherche un bouclier Us."},"content":{"rendered":"<p>La coop\u00e9ration num\u00e9rique entre la Mauritanie et les \u00c9tats-Unis s\u2019inscrit dans une dynamique d\u00e9j\u00e0 amorc\u00e9e. En novembre dernier, r\u00e9v\u00e8le nos confr\u00e8res de \u00ab \u00e9cofin.com \u00bb cit\u00e9s par l\u2019\u00e9conomiste-maghr\u00e9bin, une premi\u00e8re d\u00e9l\u00e9gation am\u00e9ricaine aurait \u00e9chang\u00e9 avec les autorit\u00e9s mauritaniennes autour de plusieurs axes strat\u00e9giques, notamment le d\u00e9veloppement des infrastructures num\u00e9riques, le commerce \u00e9lectronique, le renforcement des capacit\u00e9s nationales et la cybers\u00e9curit\u00e9.<br \/>\nAujourd\u2019hui, Nouakchott affiche une volont\u00e9 affirm\u00e9e d\u2019acc\u00e9l\u00e9rer la modernisation de son administration gr\u00e2ce au num\u00e9rique, avec pour objectifs l\u2019am\u00e9lioration des services publics, une plus grande transparence administrative et un soutien accru au d\u00e9veloppement \u00e9conomique et social.<br \/>\nDes pistes de partenariat avec les \u00c9tats-Unis afin de consolider la cybers\u00e9curit\u00e9 et de s\u00e9curiser les infrastructures num\u00e9riques critiques du pays sont \u00e9bauch\u00e9es. Selon \u00c9confin, cit\u00e9 par L\u2019\u00c9conomiste Maghr\u00e9bin, ces perspectives ont \u00e9t\u00e9 au c\u0153ur d\u2019une rencontre tenue le lundi 12 janvier entre le ministre de la Transformation num\u00e9rique et de la Modernisation de l\u2019administration, Ahmed Salem Ould Bedde, et la charg\u00e9e d\u2019affaires de l\u2019ambassade am\u00e9ricaine \u00e0 Nouakchott, Corina R. Sanders. Cette derni\u00e8re \u00e9tait accompagn\u00e9e d\u2019une d\u00e9l\u00e9gation de l\u2019entreprise am\u00e9ricaine Cybastion, sp\u00e9cialis\u00e9e dans les solutions num\u00e9riques et la cybers\u00e9curit\u00e9.<br \/>\nLa Mauritanie souhaite notamment b\u00e9n\u00e9ficier de l\u2019expertise am\u00e9ricaine pour la mise en place d\u2019une \u00e9quipe nationale de r\u00e9ponse aux incidents de s\u00e9curit\u00e9 informatique (CSIRT), ainsi que d\u2019un centre des op\u00e9rations de s\u00e9curit\u00e9 (SOC), pr\u00e9cise le m\u00e9dia.<br \/>\nCette ambition s\u2019appuie d\u00e9j\u00e0 sur des bases institutionnelles. En avril 2024, les autorit\u00e9s ont cr\u00e9\u00e9, par d\u00e9cret, l\u2019Agence nationale de cybers\u00e9curit\u00e9 et de certification \u00e9lectronique (ANCCE), charg\u00e9e de la protection du cyberespace national et du renforcement de la gouvernance en mati\u00e8re de cybers\u00e9curit\u00e9.<br \/>\nLa Mauritanie s\u2019est dot\u00e9e, par ailleurs, d\u2019une Strat\u00e9gie nationale de s\u00e9curit\u00e9 num\u00e9rique pour la p\u00e9riode 2022-2026. Celle-ci repose sur six piliers majeurs : la gouvernance, la protection des infrastructures critiques, la lutte contre la cybercriminalit\u00e9, la sensibilisation et le d\u00e9veloppement des comp\u00e9tences, ainsi que la coop\u00e9ration aux niveaux national et international, rappelle \u00c9confin.<br \/>\nPour les autorit\u00e9s mauritaniennes, la cybers\u00e9curit\u00e9 constitue un pr\u00e9alable indispensable \u00e0 la r\u00e9ussite de la transformation num\u00e9rique, consid\u00e9r\u00e9e comme un moteur essentiel du d\u00e9veloppement socio-\u00e9conomique. Cette priorit\u00e9 s\u2019explique d\u2019autant plus par la multiplication des cybermenaces visant les syst\u00e8mes publics, priv\u00e9s et financiers sur le continent. \u00c0 ce titre, Interpol estime \u00e0 plus de 3 milliards de dollars les pertes financi\u00e8res li\u00e9es \u00e0 la cybercriminalit\u00e9 en Afrique entre 2019 et 2025.<br \/>\n(avec m\u00e9dias)<\/p>\n","protected":false},"excerpt":{"rendered":"<p>La coop\u00e9ration num\u00e9rique entre la Mauritanie et les \u00c9tats-Unis s\u2019inscrit dans une dynamique d\u00e9j\u00e0 amorc\u00e9e. En novembre dernier, r\u00e9v\u00e8le nos confr\u00e8res de \u00ab \u00e9cofin.com \u00bb cit\u00e9s par l\u2019\u00e9conomiste-maghr\u00e9bin, une premi\u00e8re d\u00e9l\u00e9gation am\u00e9ricaine aurait \u00e9chang\u00e9 avec les autorit\u00e9s mauritaniennes autour de plusieurs axes strat\u00e9giques, notamment le d\u00e9veloppement des infrastructures num\u00e9riques, le commerce \u00e9lectronique, le renforcement des &hellip;<\/p>\n","protected":false},"author":2,"featured_media":20092,"comment_status":"open","ping_status":"open","sticky":false,"template":"","format":"standard","meta":{"footnotes":""},"categories":[18,2,29],"tags":[],"class_list":["post-20091","post","type-post","status-publish","format-standard","has-post-thumbnail","hentry","category-actualites","category-economie","category-monde"],"_links":{"self":[{"href":"https:\/\/ladepeche.mr\/index.php?rest_route=\/wp\/v2\/posts\/20091","targetHints":{"allow":["GET"]}}],"collection":[{"href":"https:\/\/ladepeche.mr\/index.php?rest_route=\/wp\/v2\/posts"}],"about":[{"href":"https:\/\/ladepeche.mr\/index.php?rest_route=\/wp\/v2\/types\/post"}],"author":[{"embeddable":true,"href":"https:\/\/ladepeche.mr\/index.php?rest_route=\/wp\/v2\/users\/2"}],"replies":[{"embeddable":true,"href":"https:\/\/ladepeche.mr\/index.php?rest_route=%2Fwp%2Fv2%2Fcomments&post=20091"}],"version-history":[{"count":1,"href":"https:\/\/ladepeche.mr\/index.php?rest_route=\/wp\/v2\/posts\/20091\/revisions"}],"predecessor-version":[{"id":20093,"href":"https:\/\/ladepeche.mr\/index.php?rest_route=\/wp\/v2\/posts\/20091\/revisions\/20093"}],"wp:featuredmedia":[{"embeddable":true,"href":"https:\/\/ladepeche.mr\/index.php?rest_route=\/wp\/v2\/media\/20092"}],"wp:attachment":[{"href":"https:\/\/ladepeche.mr\/index.php?rest_route=%2Fwp%2Fv2%2Fmedia&parent=20091"}],"wp:term":[{"taxonomy":"category","embeddable":true,"href":"https:\/\/ladepeche.mr\/index.php?rest_route=%2Fwp%2Fv2%2Fcategories&post=20091"},{"taxonomy":"post_tag","embeddable":true,"href":"https:\/\/ladepeche.mr\/index.php?rest_route=%2Fwp%2Fv2%2Ftags&post=20091"}],"curies":[{"name":"wp","href":"https:\/\/api.w.org\/{rel}","templated":true}]}}