{"id":20105,"date":"2026-01-14T21:56:55","date_gmt":"2026-01-14T21:56:55","guid":{"rendered":"https:\/\/ladepeche.mr\/?p=20105"},"modified":"2026-01-23T10:30:08","modified_gmt":"2026-01-23T10:30:08","slug":"au-conseil-des-ministres-le-premier-ministre-presente-une-communication-relative-aux-grandes-lignes-du-bilan-de-laction-gouvernementale-durant-lexercice-2025-et-les-perspectives-de","status":"publish","type":"post","link":"https:\/\/ladepeche.mr\/?p=20105","title":{"rendered":"CDM: Communication du Premier Ministre sur les grandes lignes du bilan de l\u2019action gouvernementale durant l\u2019exercice 2025 et les perspectives de l\u2019ann\u00e9e 2026"},"content":{"rendered":"<p>Le Conseil des Ministres s\u2019est r\u00e9uni le mercredi 14 janvier 2026, sous la Pr\u00e9sidence de Son Excellence Monsieur Mohamed OULD CHEIKH EL-GHAZOUANI, Pr\u00e9sident de la R\u00e9publique.<\/p>\n<p>Le Conseil a examin\u00e9 et adopt\u00e9 les projets de textes suivants :<\/p>\n<p>\u2010 Projet de loi autorisant la ratification par la R\u00e9publique Islamique de Mauritanie de la convention des Nations Unies sur les effets internationaux des ventes judiciaires des navires adopt\u00e9e le 07 d\u00e9cembre 2022.<\/p>\n<p>L\u2019adoption de cette convention offre une protection juridique aux acqu\u00e9reurs de navires vendus par voie judiciaire, tout en pr\u00e9servant les int\u00e9r\u00eats des propri\u00e9taires de navires et des cr\u00e9anciers. Son r\u00e8glement d\u2019application pr\u00e9voit des r\u00e8gles suppl\u00e9mentaires qui d\u00e9finissent les proc\u00e9dures \u00e0 suivre afin de donner effet \u00e0 une vente judiciaire.<\/p>\n<p>\u2010 Projet de loi autorisant la ratification par la R\u00e9publique Islamique de Mauritanie de la convention internationale de Nairobi sur l\u2019enl\u00e8vement des \u00e9paves, adopt\u00e9e le 18 mai 2007<\/p>\n<p>La Convention de Nairobi, adopt\u00e9e le 18 mai 2007, a \u00e9t\u00e9 \u00e9labor\u00e9e pour \u00e9tendre le droit d\u2019intervention des \u00c9tats \u00e0 la totalit\u00e9 de la zone \u00e9conomique exclusive (ZEE) et garantir le remboursement des frais engag\u00e9s pour l\u2019enl\u00e8vement des \u00e9paves.<\/p>\n<p>Cette convention repr\u00e9sente un instrument juridique international qui couvre les navires de tout type \u00e0 l\u2019exclusion des navires de guerre, des navires des \u00c9tats utilis\u00e9s \u00e0 des fins non commerciales et des plates formes flottantes quand elles se livrent \u00e0 des activit\u00e9s d\u2019exploration, d\u2019exploitation ou de production des ressources min\u00e9rales des fonds marins.<\/p>\n<p>La ratification de la Convention permettra \u00e0 la Mauritanie de mieux prot\u00e9ger son espace maritime, d\u2019agir efficacement contre les dangers li\u00e9s aux \u00e9paves et de s\u00e9curiser juridiquement le remboursement des d\u00e9penses engag\u00e9es.<\/p>\n<p>\u2010 Projet de d\u00e9cret portant cr\u00e9ation d\u2019un Etablissement Public Administratif (EPA), d\u00e9nomm\u00e9 \u00ab Agence Nationale de Promotion de l\u2019Artisanat \u00bb en abr\u00e9g\u00e9 : Agence \u00ab Targhiya \u00bb.<\/p>\n<p>Ce projet de d\u00e9cret vise \u00e0 cr\u00e9er une agence de promotion de l\u2019artisanat, charg\u00e9e de la mise en \u0153uvre concr\u00e8te de la politique nationale dans ces domaines. Il d\u00e9finit le cadre r\u00e9glementaire et institutionnel de l\u2019Agence ainsi que les modalit\u00e9s de dissolution du Programme National de Promotion de l\u2019Artisanat. \u00c0 l\u2019issue de cette dissolution, l\u2019Agence assumera l\u2019ensemble des droits et obligations du programme et h\u00e9ritera de tous ses biens mobiliers et immobiliers.<\/p>\n<p>Ce Projet de d\u00e9cret fixe \u00e9galement les modalit\u00e9s de gestion et de fonctionnement du Fonds d\u2019Appui \u00e0 l\u2019artisanat, qui fait partie int\u00e9grante de l\u2019Agence.<\/p>\n<p>\u2010 Projet de d\u00e9cret portant nomination du Pr\u00e9sident et des membres du Conseil d\u2019Administration de l\u2019Acad\u00e9mie Diplomatique de Mauritanie.<\/p>\n<p>\u2010 Projet de d\u00e9cret portant cr\u00e9ation d\u2019une zone industrielle dans la Wilaya du Trarza, Mougataa d\u2019Ouad Naga, commune d\u2019El Ariya.<\/p>\n<p>Le pr\u00e9sent projet de d\u00e9cret a pour objet de cr\u00e9er une zone industrielle moderne, am\u00e9nag\u00e9e et bien \u00e9quip\u00e9e, d\u2019une superficie de huit cent hectares (800 Ha), au PK 22 au Sud de Nouakchott qui concentre une part importante de l\u2019activit\u00e9 \u00e9conomique nationale et ce, en application des dispositions de la loi n\u00b0 2025-034 portant organisation de l\u2019activit\u00e9 industrielle.<\/p>\n<p>Cette zone offrira un cadre propice \u00e0 l\u2019implantation d\u2019activit\u00e9s industrielles modernes et comp\u00e9titives, encouragera la transformation locale des mati\u00e8res premi\u00e8res nationales, cr\u00e9era des emplois durables pour les jeunes et les femmes, renforcera les exportations \u00e0 valeur ajout\u00e9e, r\u00e9duira les importations de produits transform\u00e9s et am\u00e9liorera l\u2019environnement des affaires gr\u00e2ce \u00e0 une meilleure r\u00e9glementation du secteur industriel.<\/p>\n<p>Le Premier Ministre a pr\u00e9sent\u00e9 une communication relative aux grandes lignes du bilan de l\u2019action gouvernementale durant l\u2019exercice 2025 et les perspectives de l\u2019ann\u00e9e 2026.<\/p>\n<p>Cette communication est structur\u00e9e autour des cinq axes du Programme \u00e9lectoral \u00ab Mon ambition pour la Patrie \u00bb de SEM le Pr\u00e9sident de la R\u00e9publique Mohamed Ould Cheikh El Ghazouani, \u00e0 savoir :<\/p>\n<p>\u2013 B\u00e2tir un \u00c9tat de droit et des institutions fortes, avec une bonne gouvernance moderne.<\/p>\n<p>\u2013 Construire une \u00e9conomie performante, r\u00e9siliente et \u00e9co-durable.<\/p>\n<p>\u2013 Promouvoir un capital humain bien form\u00e9 et qualifi\u00e9, en particulier parmi les jeunes.<\/p>\n<p>\u2013 R\u00e9unir les conditions d\u2019une unit\u00e9 nationale solide et d\u2019une int\u00e9gration sociale compl\u00e8te.<\/p>\n<p>\u2013 Assurer la s\u00e9curit\u00e9 et la stabilit\u00e9 de notre pays et renforcer sa pr\u00e9sence et son r\u00f4le r\u00e9gional et international.<\/p>\n<p>Elle constitue \u00e9galement le r\u00e9sum\u00e9 du rapport annuel du bilan de l\u2019action gouvernementale durant l\u2019exercice 2025 et les perspectives de l\u2019ann\u00e9e 2026 que SEM le Premier Ministre pr\u00e9sentera les prochains jours devant l\u2019Assembl\u00e9e Nationale en application de l\u2019article 73 de la Constitution.<\/p>\n<p>Le Ministre des Affaires Etrang\u00e8res, de la Coop\u00e9ration Africaine et des Mauritaniens de l\u2019Ext\u00e9rieur a pr\u00e9sent\u00e9 une communication relative \u00e0 la situation internationale.<\/p>\n<p>Le Ministre de l\u2019Int\u00e9rieur, de la Promotion de la D\u00e9centralisation et du D\u00e9veloppement Local a pr\u00e9sent\u00e9 une communication relative \u00e0 la situation int\u00e9rieure.<\/p>\n<p>Enfin, le Conseil a pris les mesures individuelles suivantes :<\/p>\n<p>Secr\u00e9tariat G\u00e9n\u00e9ral de la Pr\u00e9sidence de la R\u00e9publique :<\/p>\n<p>Autorit\u00e9 de la Zone Franche de Nouadhibou :<\/p>\n<p>Secr\u00e9tariat G\u00e9n\u00e9ral :<\/p>\n<p>\u2013 Secr\u00e9taire G\u00e9n\u00e9ral : D\u00e9chagh Ould Sid El Moctar, pr\u00e9c\u00e9demment charg\u00e9 de mission au Cabinet du Premier Ministre.<\/p>\n<p>Minist\u00e8re de l\u2019Autonomisation des jeunes, de l\u2019Emploi, des Sports et du Service Civique<\/p>\n<p>Secr\u00e9tariat G\u00e9n\u00e9ral :<\/p>\n<p>\u2013 Secr\u00e9taire G\u00e9n\u00e9ral : Gaye Amadou El Hadj, pr\u00e9c\u00e9demment Secr\u00e9taire G\u00e9n\u00e9ral du Minist\u00e8re du Commerce et du Tourisme.<\/p>\n<p>Minist\u00e8re des Affaires Economiques et du D\u00e9veloppement :<\/p>\n<p>Secr\u00e9tariat G\u00e9n\u00e9ral :<\/p>\n<p>\u2013 Secr\u00e9taire G\u00e9n\u00e9ral : Yacoub Ahmed Aicha, pr\u00e9c\u00e9demment Secr\u00e9taire G\u00e9n\u00e9ral du Minist\u00e8re de l\u2019\u00c9conomie et des Finances.<\/p>\n<p>Minist\u00e8re de l\u2019Education et de la R\u00e9forme du Syst\u00e8me d\u2019Enseignement :<\/p>\n<p>Secr\u00e9tariat G\u00e9n\u00e9ral :<\/p>\n<p>\u2013 Secr\u00e9taire G\u00e9n\u00e9ral : Sadvi Ould Sidi Mohamed<\/p>\n<p>Minist\u00e8re de la Fonction Publique et du Travail :<\/p>\n<p>Secr\u00e9tariat G\u00e9n\u00e9ral :<\/p>\n<p>\u2013 Secr\u00e9taire G\u00e9n\u00e9ral : Mohamed El Moctar Ould Babe Ould El Moustapha<\/p>\n<p>Minist\u00e8re de l\u2019\u00c9nergie et du P\u00e9trole :<\/p>\n<p>Etablissements Publics :<\/p>\n<p>Soci\u00e9t\u00e9 Mauritanienne d\u2019Electricit\u00e9 (SOMELEC) :<\/p>\n<p>\u2013 Directeur G\u00e9n\u00e9ral Adjoint : Ahmed Ramdane Sylla<\/p>\n<p>Minist\u00e8re de la P\u00eache, des Infrastructures Maritimes et Portuaires \u00c9tablissements publics :<\/p>\n<p>Port Autonome de Nouakchott, dit Port de l\u2019Amiti\u00e9 :<\/p>\n<p>\u2013 Directeur g\u00e9n\u00e9ral : Lemrabott Benahi, pr\u00e9c\u00e9demment Conseiller \u00e0 la Pr\u00e9sidence de R\u00e9publique.<\/p>\n<p>Minist\u00e8re du Commerce et du Tourisme :<\/p>\n<p>Secr\u00e9tariat G\u00e9n\u00e9ral :<\/p>\n<p>\u2013 Secr\u00e9taire G\u00e9n\u00e9ral : Yahya Ould Taleb Ely, pr\u00e9c\u00e9demment Secr\u00e9taire G\u00e9n\u00e9ral du Minist\u00e8re de l\u2019Education et de la R\u00e9forme du Syst\u00e8me d\u2019Enseignement.<\/p>\n<p>Minist\u00e8re de l\u2019Hydraulique et de l\u2019Assainissement :<\/p>\n<p>\u00c9tablissements Publics :<\/p>\n<p>Soci\u00e9t\u00e9 Nationale d\u2019Eau (SNDE) :<\/p>\n<p>\u2013 Directrice G\u00e9n\u00e9rale Adjointe : Fatma Michel<br \/>\nAmi<\/p>\n","protected":false},"excerpt":{"rendered":"<p>Le Conseil des Ministres s\u2019est r\u00e9uni le mercredi 14 janvier 2026, sous la Pr\u00e9sidence de Son Excellence Monsieur Mohamed OULD CHEIKH EL-GHAZOUANI, Pr\u00e9sident de la R\u00e9publique. Le Conseil a examin\u00e9 et adopt\u00e9 les projets de textes suivants : \u2010 Projet de loi autorisant la ratification par la R\u00e9publique Islamique de Mauritanie de la convention des &hellip;<\/p>\n","protected":false},"author":2,"featured_media":19549,"comment_status":"open","ping_status":"open","sticky":false,"template":"","format":"standard","meta":{"footnotes":""},"categories":[18,31],"tags":[],"class_list":["post-20105","post","type-post","status-publish","format-standard","has-post-thumbnail","hentry","category-actualites","category-politique-et-reportages"],"_links":{"self":[{"href":"https:\/\/ladepeche.mr\/index.php?rest_route=\/wp\/v2\/posts\/20105","targetHints":{"allow":["GET"]}}],"collection":[{"href":"https:\/\/ladepeche.mr\/index.php?rest_route=\/wp\/v2\/posts"}],"about":[{"href":"https:\/\/ladepeche.mr\/index.php?rest_route=\/wp\/v2\/types\/post"}],"author":[{"embeddable":true,"href":"https:\/\/ladepeche.mr\/index.php?rest_route=\/wp\/v2\/users\/2"}],"replies":[{"embeddable":true,"href":"https:\/\/ladepeche.mr\/index.php?rest_route=%2Fwp%2Fv2%2Fcomments&post=20105"}],"version-history":[{"count":2,"href":"https:\/\/ladepeche.mr\/index.php?rest_route=\/wp\/v2\/posts\/20105\/revisions"}],"predecessor-version":[{"id":20189,"href":"https:\/\/ladepeche.mr\/index.php?rest_route=\/wp\/v2\/posts\/20105\/revisions\/20189"}],"wp:featuredmedia":[{"embeddable":true,"href":"https:\/\/ladepeche.mr\/index.php?rest_route=\/wp\/v2\/media\/19549"}],"wp:attachment":[{"href":"https:\/\/ladepeche.mr\/index.php?rest_route=%2Fwp%2Fv2%2Fmedia&parent=20105"}],"wp:term":[{"taxonomy":"category","embeddable":true,"href":"https:\/\/ladepeche.mr\/index.php?rest_route=%2Fwp%2Fv2%2Fcategories&post=20105"},{"taxonomy":"post_tag","embeddable":true,"href":"https:\/\/ladepeche.mr\/index.php?rest_route=%2Fwp%2Fv2%2Ftags&post=20105"}],"curies":[{"name":"wp","href":"https:\/\/api.w.org\/{rel}","templated":true}]}}