{"id":20108,"date":"2026-01-15T08:57:28","date_gmt":"2026-01-15T08:57:28","guid":{"rendered":"https:\/\/ladepeche.mr\/?p=20108"},"modified":"2026-01-15T08:58:10","modified_gmt":"2026-01-15T08:58:10","slug":"mauritanie-maroc-signature-dun-accord-un-accord-de-cooperation-dans-le-domaine-de-la-protection-des-donnees-a-caractere-personnel","status":"publish","type":"post","link":"https:\/\/ladepeche.mr\/?p=20108","title":{"rendered":"Mauritanie-Maroc: Signature d&#8217;un accord de coop\u00e9ration dans le domaine de la protection des donn\u00e9es \u00e0 caract\u00e8re personnel"},"content":{"rendered":"<p>Le pr\u00e9sident de l\u2019Autorit\u00e9 de protection des donn\u00e9es \u00e0 caract\u00e8re personnel, Mohamed Lemine Ould Sidi, a sign\u00e9 mercredi \u00e0 Marrakech un accord de coop\u00e9ration avec le pr\u00e9sident de la Commission nationale de contr\u00f4le de la protection des donn\u00e9es \u00e0 caract\u00e8re personnel du Maroc, Omar Seghrouchni, visant \u00e0 renforcer la collaboration dans le domaine de la protection des donn\u00e9es personnelles.<\/p>\n<p>Cet accord a \u00e9t\u00e9 conclu dans le cadre d\u2019une visite de travail effectu\u00e9e par le pr\u00e9sident de l\u2019Autorit\u00e9 aupr\u00e8s de son homologue marocain, du 11 au 15 janvier 2026. Cette visite avait pour objectif de consolider la coop\u00e9ration institutionnelle et de favoriser l\u2019\u00e9change d\u2019exp\u00e9riences entre les deux organismes.<\/p>\n<p>Mohamed Lemine Ould Sidi \u00e9tait accompagn\u00e9 lors de ce d\u00e9placement par le conseiller charg\u00e9 de la coop\u00e9ration, de la planification, du suivi et de l\u2019\u00e9valuation, Samam El Mokhtar Emmou.<br \/>\n(avec Ami)<\/p>\n","protected":false},"excerpt":{"rendered":"<p>Le pr\u00e9sident de l\u2019Autorit\u00e9 de protection des donn\u00e9es \u00e0 caract\u00e8re personnel, Mohamed Lemine Ould Sidi, a sign\u00e9 mercredi \u00e0 Marrakech un accord de coop\u00e9ration avec le pr\u00e9sident de la Commission nationale de contr\u00f4le de la protection des donn\u00e9es \u00e0 caract\u00e8re personnel du Maroc, Omar Seghrouchni, visant \u00e0 renforcer la collaboration dans le domaine de la &hellip;<\/p>\n","protected":false},"author":2,"featured_media":20109,"comment_status":"open","ping_status":"open","sticky":false,"template":"","format":"standard","meta":{"footnotes":""},"categories":[18,29],"tags":[],"class_list":["post-20108","post","type-post","status-publish","format-standard","has-post-thumbnail","hentry","category-actualites","category-monde"],"_links":{"self":[{"href":"https:\/\/ladepeche.mr\/index.php?rest_route=\/wp\/v2\/posts\/20108","targetHints":{"allow":["GET"]}}],"collection":[{"href":"https:\/\/ladepeche.mr\/index.php?rest_route=\/wp\/v2\/posts"}],"about":[{"href":"https:\/\/ladepeche.mr\/index.php?rest_route=\/wp\/v2\/types\/post"}],"author":[{"embeddable":true,"href":"https:\/\/ladepeche.mr\/index.php?rest_route=\/wp\/v2\/users\/2"}],"replies":[{"embeddable":true,"href":"https:\/\/ladepeche.mr\/index.php?rest_route=%2Fwp%2Fv2%2Fcomments&post=20108"}],"version-history":[{"count":2,"href":"https:\/\/ladepeche.mr\/index.php?rest_route=\/wp\/v2\/posts\/20108\/revisions"}],"predecessor-version":[{"id":20111,"href":"https:\/\/ladepeche.mr\/index.php?rest_route=\/wp\/v2\/posts\/20108\/revisions\/20111"}],"wp:featuredmedia":[{"embeddable":true,"href":"https:\/\/ladepeche.mr\/index.php?rest_route=\/wp\/v2\/media\/20109"}],"wp:attachment":[{"href":"https:\/\/ladepeche.mr\/index.php?rest_route=%2Fwp%2Fv2%2Fmedia&parent=20108"}],"wp:term":[{"taxonomy":"category","embeddable":true,"href":"https:\/\/ladepeche.mr\/index.php?rest_route=%2Fwp%2Fv2%2Fcategories&post=20108"},{"taxonomy":"post_tag","embeddable":true,"href":"https:\/\/ladepeche.mr\/index.php?rest_route=%2Fwp%2Fv2%2Ftags&post=20108"}],"curies":[{"name":"wp","href":"https:\/\/api.w.org\/{rel}","templated":true}]}}