{"id":20118,"date":"2026-01-15T12:30:49","date_gmt":"2026-01-15T12:30:49","guid":{"rendered":"https:\/\/ladepeche.mr\/?p=20118"},"modified":"2026-01-15T11:46:22","modified_gmt":"2026-01-15T11:46:22","slug":"les-europeens-veulent-montrer-a-donald-trump-quils-defendent-le-groenland","status":"publish","type":"post","link":"https:\/\/ladepeche.mr\/?p=20118","title":{"rendered":"Les Europ\u00e9ens veulent montrer \u00e0 Donald Trump qu&#8217;ils d\u00e9fendent le Groenland"},"content":{"rendered":"<p>La tension monte encore d&#8217;un cran entre Europ\u00e9ens et Am\u00e9ricains au sujet du Groenland, territoire danois semi-autonome dont le pr\u00e9sident am\u00e9ricain veut prendre possession pour des raisons de s\u00e9curit\u00e9, y compris par des moyens militaires s&#8217;il le faut.   <\/p>\n<p>\u00ab Tr\u00e8s intense \u00bb, ce sont les mots employ\u00e9s par la ministre groenlandaise des Affaires \u00e9trang\u00e8res pour qualifier sa rencontre, en compagnie de son homologue danois avec le vice-pr\u00e9sident am\u00e9ricain JD Vance et le secr\u00e9taire d\u2019\u00c9tat am\u00e9ricain Marco Rubio, hier, \u00e0 la Maison Blanche. A part \u00e7a, elle s\u2019est tr\u00e8s bien d\u00e9roul\u00e9e, ajoute-t-elle.<\/p>\n<p>C\u2019est une vision sans doute optimiste, parce que le chef de la diplomatie danoise admet qu\u2019il y a un d\u00e9saccord fondamental : c\u2019est que Donald Trump veut s\u2019emparer du Groenland. Mais lui aussi est optimiste. Il souligne que les deux parties \u00e9taient d\u2019accord pour \u00eatre en d\u00e9saccord.<\/p>\n<p>Marco Rubio et JD Vance ne se sont pas exprim\u00e9s. Ils n\u2019avaient pas \u00e0 le faire. Leur patron l\u2019avait fait avant eux. Donald Trump r\u00e9affirmant que les \u00c9tats-Unis avaient besoin du Groenland pour des raisons de s\u00e9curit\u00e9 et, la r\u00e9f\u00e9rence est nouvelle, pour mettre en place leur \u00ab Golden Dome \u00bb, leur d\u00f4me d\u2019or, le syst\u00e8me antimissiles destin\u00e9 \u00e0 prot\u00e9ger le ciel de l\u2019ensemble de l\u2019Am\u00e9rique du Nord. Et le pr\u00e9sident am\u00e9ricain redit qu\u2019il ne suffit pas de deux tra\u00eeneaux \u00e0 chiens pour d\u00e9fendre ce territoire.<\/p>\n<p>Garantie de s\u00e9curit\u00e9<br \/>\nEt c\u2019est justement pour r\u00e9pondre \u00e0 ces accusations de faiblesse de leur engagement \u00e0 d\u00e9fendre le Groenland que le Danemark et les Europ\u00e9ens s\u2019organisent. Le ministre danois de la D\u00e9fense annonce que le pays va renforcer sa pr\u00e9sence militaire sur place. Il va \u00eatre aid\u00e9 par des alli\u00e9s europ\u00e9ens. La Su\u00e8de, l\u2019Allemagne et la France ont d\u00e9j\u00e0 annonc\u00e9 qu\u2019ils allaient participer \u00e0 l&#8217;exercice \u00ab Arctic Endurance \u00bb. Une mission de reconnaissance \u00ab en vue d&#8217;\u00e9ventuelles contributions militaires destin\u00e9es \u00e0 soutenir le Danemark dans la garantie de la s\u00e9curit\u00e9 dans la r\u00e9gion \u00bb, explique le minist\u00e8re allemand de la D\u00e9fense.<br \/>\nlire la suite sur https:\/\/www.rfi.fr\/fr\/podcasts\/la-fabrique-du-monde\/20260115-groenland-europ%C3%A9ens-montrer-trump-qu-ils-le-d%C3%A9fendent?utm_medium=email&#038;utm_campaign=newsletter&#038;utm_source=rfi-nl-afrique-fr&#038;utm_email_send_date=%2020260115&#038;utm_email_recipient=245770&#038;utm_email_link=contenus&#038;_ope=eyJndWlkIjoiOTMwMjIwNGY3ZmZhNzMxODU0NDI3OTA1ZjdiOTc4NGUifQ%3D%3D<\/p>\n","protected":false},"excerpt":{"rendered":"<p>La tension monte encore d&#8217;un cran entre Europ\u00e9ens et Am\u00e9ricains au sujet du Groenland, territoire danois semi-autonome dont le pr\u00e9sident am\u00e9ricain veut prendre possession pour des raisons de s\u00e9curit\u00e9, y compris par des moyens militaires s&#8217;il le faut. \u00ab Tr\u00e8s intense \u00bb, ce sont les mots employ\u00e9s par la ministre groenlandaise des Affaires \u00e9trang\u00e8res pour &hellip;<\/p>\n","protected":false},"author":2,"featured_media":20119,"comment_status":"open","ping_status":"open","sticky":false,"template":"","format":"standard","meta":{"footnotes":""},"categories":[18,29],"tags":[],"class_list":["post-20118","post","type-post","status-publish","format-standard","has-post-thumbnail","hentry","category-actualites","category-monde"],"_links":{"self":[{"href":"https:\/\/ladepeche.mr\/index.php?rest_route=\/wp\/v2\/posts\/20118","targetHints":{"allow":["GET"]}}],"collection":[{"href":"https:\/\/ladepeche.mr\/index.php?rest_route=\/wp\/v2\/posts"}],"about":[{"href":"https:\/\/ladepeche.mr\/index.php?rest_route=\/wp\/v2\/types\/post"}],"author":[{"embeddable":true,"href":"https:\/\/ladepeche.mr\/index.php?rest_route=\/wp\/v2\/users\/2"}],"replies":[{"embeddable":true,"href":"https:\/\/ladepeche.mr\/index.php?rest_route=%2Fwp%2Fv2%2Fcomments&post=20118"}],"version-history":[{"count":1,"href":"https:\/\/ladepeche.mr\/index.php?rest_route=\/wp\/v2\/posts\/20118\/revisions"}],"predecessor-version":[{"id":20120,"href":"https:\/\/ladepeche.mr\/index.php?rest_route=\/wp\/v2\/posts\/20118\/revisions\/20120"}],"wp:featuredmedia":[{"embeddable":true,"href":"https:\/\/ladepeche.mr\/index.php?rest_route=\/wp\/v2\/media\/20119"}],"wp:attachment":[{"href":"https:\/\/ladepeche.mr\/index.php?rest_route=%2Fwp%2Fv2%2Fmedia&parent=20118"}],"wp:term":[{"taxonomy":"category","embeddable":true,"href":"https:\/\/ladepeche.mr\/index.php?rest_route=%2Fwp%2Fv2%2Fcategories&post=20118"},{"taxonomy":"post_tag","embeddable":true,"href":"https:\/\/ladepeche.mr\/index.php?rest_route=%2Fwp%2Fv2%2Ftags&post=20118"}],"curies":[{"name":"wp","href":"https:\/\/api.w.org\/{rel}","templated":true}]}}