{"id":20121,"date":"2026-01-15T11:56:56","date_gmt":"2026-01-15T11:56:56","guid":{"rendered":"https:\/\/ladepeche.mr\/?p=20121"},"modified":"2026-01-15T11:58:01","modified_gmt":"2026-01-15T11:58:01","slug":"france-une-proposition-de-loi-contre-l-antisemitisme-renouvele-suscite-une-controverse-sur-les-libertes-publiques","status":"publish","type":"post","link":"https:\/\/ladepeche.mr\/?p=20121","title":{"rendered":"France : une proposition de loi contre \u00abl&#8217;antis\u00e9mitisme renouvel\u00e9\u00bb suscite une controverse sur les libert\u00e9s publiques"},"content":{"rendered":"<p>Une large coalition associative d\u00e9nonce une instrumentalisation de la lutte contre l\u2019antis\u00e9mitisme visant \u00e0 \u00ab r\u00e9primer les critiques de la politique isra\u00e9lienne \u00bb.<\/p>\n<p>Une controverse entoure l&#8217;examen \u00e0 l&#8217;Assembl\u00e9e nationale de la proposition de loi n\u00b0575 \u00ab visant \u00e0 lutter contre les formes renouvel\u00e9es de l\u2019antis\u00e9mitisme \u00bb. Une large coalition d\u2019organisations non gouvernementales et de militants d\u00e9nonce une menace pour la libert\u00e9 d&#8217;expression, tandis qu&#8217;une p\u00e9tition citoyenne r\u00e9clame des sanctions contre l&#8217;\u00e9lue.<\/p>\n<p>&#8211; Un texte pour \u00ab nommer avec clart\u00e9 \u00bb l&#8217;antis\u00e9mitisme<\/p>\n<p>D\u00e9pos\u00e9e le 19 novembre 2024, la proposition de loi port\u00e9e par la d\u00e9put\u00e9e de la 8e circonscription des Fran\u00e7ais \u00e9tablis hors de France, Caroline Yadan, a \u00e9t\u00e9 inscrite \u00e0 l\u2019ordre du jour de l\u2019Assembl\u00e9e nationale au cours de la semaine du 12 janvier 2026.<\/p>\n<p>Sur le r\u00e9seau social am\u00e9rcain X, Yadan s&#8217;est dite \u00ab honor\u00e9e d\u2019avoir \u00e9t\u00e9 nomm\u00e9e rapporteure \u00bb de ce texte, fruit d&#8217;\u00ab un an et demi de travail \u00bb. Selon la d\u00e9put\u00e9e, les parlementaires ont \u00ab la responsabilit\u00e9 de nommer avec clart\u00e9 cet antis\u00e9mitisme contemporain pour mieux le combattre \u00bb, affirmant que \u00ab c\u00e9der \u00e0 l\u2019inaction, c\u2019est accepter la banalisation de la haine \u00bb. Elle \u00e9voque notamment des \u00ab \u00e9v\u00e9nements r\u00e9cents en Australie \u00bb comme signal d&#8217;alerte.<\/p>\n<p>Le texte entend, selon son expos\u00e9 des motifs cit\u00e9 par la Ligue des droits de l&#8217;Homme (LDH), lutter contre une \u00ab haine obsessionnelle \u00e0 l\u2019\u00e9gard d\u2019Isra\u00ebl \u00bb qualifi\u00e9e d&#8217;\u00ab antis\u00e9mitisme r\u00e9invent\u00e9 \u00bb ou \u00ab g\u00e9opolitique \u00bb. Il s&#8217;appuie explicitement sur la d\u00e9finition de l&#8217;antis\u00e9mitisme de l\u2019Alliance internationale pour la m\u00e9moire de l\u2019Holocauste (IHRA), ciblant notamment les comparaisons entre la politique isra\u00e9lienne et celle des nazis.<\/p>\n<p>&#8211; Extension des inqui\u00e9tudes sur les libert\u00e9s publiques<\/p>\n<p>L&#8217;analyse juridique fournie par la LDH et la Plateforme des ONG fran\u00e7aises pour la Palestine d\u00e9taille plusieurs dispositions cl\u00e9s du texte qui suscitent l&#8217;inqui\u00e9tude. Selon ces organisations, la proposition de loi envisage un \u00e9largissement significatif de l&#8217;arsenal l\u00e9gislatif, notamment via l&#8217;article 1er qui \u00e9tend le champ de l&#8217;apologie du terrorisme aux \u00ab provocations indirectes \u00bb. Les organisations d\u00e9noncent toutefois l&#8217;article 1er qui habilite par ailleurs les pr\u00e9fets \u00e0 ordonner la fermeture de lieux de culte en cas de propos faisant l&#8217;apologie du terrorisme, pr\u00e9sentant ce dernier comme une \u00ab l\u00e9gitime r\u00e9sistance \u00e0 un \u00c9tat \u00bb ou relativisant le danger inh\u00e9rent \u00e0 ses auteurs.<\/p>\n<p>Pour l&#8217;activiste Olivier Lek Lafferri\u00e8re, ces dispositions repr\u00e9sentent un \u00ab danger grave et imminent pour la libert\u00e9 d\u2019expression \u00bb, transformant la loi en outil de \u00ab criminalisation de la solidarit\u00e9 avec le peuple palestinien \u00bb. Il souligne que le texte sanctionnerait d\u00e9sormais non seulement la glorification, mais aussi les \u00ab provocations indirectes \u00bb.<\/p>\n<p>&#8211; Lev\u00e9e de boucliers de la soci\u00e9t\u00e9 civile<\/p>\n<p>Dans un communiqu\u00e9 publi\u00e9 lundi, la Ligue des droits de l&#8217;Homme (LDH) qualifie le projet de loi de \u00ab r\u00e9ponse inadapt\u00e9e et dangereuse \u00e0 la mont\u00e9e de l\u2019antis\u00e9mitisme \u00bb. Si l&#8217;organisation juge \u00ab alarmante \u00bb l&#8217;augmentation des actes antis\u00e9mites rapport\u00e9e par le minist\u00e8re de l&#8217;Int\u00e9rieur, elle estime que cette lutte ne doit pas \u00eatre \u00ab instrumentalis\u00e9e pour r\u00e9primer les critiques de la politique isra\u00e9lienne \u00bb.<\/p>\n<p>L&#8217;Association France Palestine Solidarit\u00e9 (AFPS), dans un communiqu\u00e9 du 7 janvier 2026, abonde dans ce sens, affirmant que la proposition constitue une \u00ab tr\u00e8s s\u00e9rieuse menace [&#8230;] pour l\u2019ensemble des organisations concern\u00e9es par la d\u00e9fense des Droits humains \u00bb.<\/p>\n<p>&#8211; Les critiques se cristallisent sur plusieurs points<\/p>\n<p>Les critiques se cristallisent \u00e9galement sur les fondements et les effets soci\u00e9taux du texte. Les opposants contestent le recours \u00e0 la d\u00e9finition \u00ab IHRA \u00bb, jug\u00e9e \u00ab controvers\u00e9e \u00bb et inadapt\u00e9e pour restreindre la libert\u00e9 d&#8217;expression, s&#8217;appuyant notamment sur les conclusions de la Rapporteuse sp\u00e9ciale de l&#8217;ONU, Irene Khan.<\/p>\n<p>Cette base conceptuelle fait craindre \u00e0 la Plateforme des ONG une grave ing\u00e9rence dans le d\u00e9bat public, le texte risquant de criminaliser toute analyse cherchant \u00e0 \u00ab contextualiser \u00bb les violences, mena\u00e7ant ainsi les discours acad\u00e9miques et politiques. Enfin, la LDH d\u00e9nonce une \u00ab assignation identitaire des Fran\u00e7ais juifs \u00bb : en associant m\u00e9caniquement l&#8217;antis\u00e9mitisme \u00e0 la critique d&#8217;Isra\u00ebl, la proposition de loi \u00ab expose \u00bb cette communaut\u00e9 \u00ab alors qu\u2019elle pr\u00e9tend les prot\u00e9ger \u00bb.<\/p>\n<p>Un internaute sur le r\u00e9seau social am\u00e9ricain X r\u00e9sume cette crainte en affirmant que la loi \u00ab interdirait la critique de la politique d\u2019Isra\u00ebl (donc la colonisation et le g\u00e9nocide en Palestine) \u00bb.<\/p>\n<p>&#8211; La rapporteuse vis\u00e9e par une p\u00e9tition<\/p>\n<p>Au-del\u00e0 du texte, la personnalit\u00e9 de la rapporteure polarise le d\u00e9bat. Une \u00ab p\u00e9tition citoyenne \u00bb, revendiquant 22 700 signatures, appelle le Bureau de l\u2019Assembl\u00e9e nationale \u00e0 engager une \u00ab proc\u00e9dure disciplinaire \u00bb contre Caroline Yadan.<\/p>\n<p>Les signataires accusent la d\u00e9put\u00e9e de \u00ab manquements graves \u00e0 l\u2019\u00e9thique r\u00e9publicaine \u00bb, citant notamment :<\/p>\n<p>Une \u00ab apologie implicite de crimes de guerre \u00bb pour avoir pos\u00e9 le 15 mars 2024 avec un \u00e9lu isra\u00e9lien, David Azoulay, ayant appel\u00e9 \u00e0 faire de Gaza un lieu \u00ab comme \u00e0 Auschwitz \u00bb.<\/p>\n<p>Des \u00ab propos islamophobes \u00bb concernant des joueurs de football musulmans.<\/p>\n<p>La \u00ab criminalisation des soutiens \u00e0 la cause palestinienne \u00bb, en assimilant par exemple le slogan \u00ab Free Palestine \u00bb au Hamas.<\/p>\n<p>La p\u00e9tition reproche \u00e9galement \u00e0 Yadan d&#8217;avoir qualifi\u00e9 un rapport d&#8217;Amnesty International de \u00ab Canada Dry \u00bb et d&#8217;avoir soutenu une politique isra\u00e9lienne d\u00e9crite comme une \u00ab \u00e9puration ethnique \u00bb par plusieurs ONG.<\/p>\n<p>Les d\u00e9bats parlementaires s&#8217;annoncent houleux alors que la soci\u00e9t\u00e9 fran\u00e7aise reste, selon les termes de la LDH, \u00ab profond\u00e9ment divis\u00e9e \u00bb par la situation au Proche-Orient.<br \/>\naa.com.tr<\/p>\n","protected":false},"excerpt":{"rendered":"<p>Une large coalition associative d\u00e9nonce une instrumentalisation de la lutte contre l\u2019antis\u00e9mitisme visant \u00e0 \u00ab r\u00e9primer les critiques de la politique isra\u00e9lienne \u00bb. Une controverse entoure l&#8217;examen \u00e0 l&#8217;Assembl\u00e9e nationale de la proposition de loi n\u00b0575 \u00ab visant \u00e0 lutter contre les formes renouvel\u00e9es de l\u2019antis\u00e9mitisme \u00bb. Une large coalition d\u2019organisations non gouvernementales et de &hellip;<\/p>\n","protected":false},"author":2,"featured_media":20122,"comment_status":"open","ping_status":"open","sticky":false,"template":"","format":"standard","meta":{"footnotes":""},"categories":[18,29],"tags":[],"class_list":["post-20121","post","type-post","status-publish","format-standard","has-post-thumbnail","hentry","category-actualites","category-monde"],"_links":{"self":[{"href":"https:\/\/ladepeche.mr\/index.php?rest_route=\/wp\/v2\/posts\/20121","targetHints":{"allow":["GET"]}}],"collection":[{"href":"https:\/\/ladepeche.mr\/index.php?rest_route=\/wp\/v2\/posts"}],"about":[{"href":"https:\/\/ladepeche.mr\/index.php?rest_route=\/wp\/v2\/types\/post"}],"author":[{"embeddable":true,"href":"https:\/\/ladepeche.mr\/index.php?rest_route=\/wp\/v2\/users\/2"}],"replies":[{"embeddable":true,"href":"https:\/\/ladepeche.mr\/index.php?rest_route=%2Fwp%2Fv2%2Fcomments&post=20121"}],"version-history":[{"count":3,"href":"https:\/\/ladepeche.mr\/index.php?rest_route=\/wp\/v2\/posts\/20121\/revisions"}],"predecessor-version":[{"id":20125,"href":"https:\/\/ladepeche.mr\/index.php?rest_route=\/wp\/v2\/posts\/20121\/revisions\/20125"}],"wp:featuredmedia":[{"embeddable":true,"href":"https:\/\/ladepeche.mr\/index.php?rest_route=\/wp\/v2\/media\/20122"}],"wp:attachment":[{"href":"https:\/\/ladepeche.mr\/index.php?rest_route=%2Fwp%2Fv2%2Fmedia&parent=20121"}],"wp:term":[{"taxonomy":"category","embeddable":true,"href":"https:\/\/ladepeche.mr\/index.php?rest_route=%2Fwp%2Fv2%2Fcategories&post=20121"},{"taxonomy":"post_tag","embeddable":true,"href":"https:\/\/ladepeche.mr\/index.php?rest_route=%2Fwp%2Fv2%2Ftags&post=20121"}],"curies":[{"name":"wp","href":"https:\/\/api.w.org\/{rel}","templated":true}]}}