{"id":20126,"date":"2026-01-15T12:12:04","date_gmt":"2026-01-15T12:12:04","guid":{"rendered":"https:\/\/ladepeche.mr\/?p=20126"},"modified":"2026-01-15T12:12:04","modified_gmt":"2026-01-15T12:12:04","slug":"nouvelle-zone-industrielle-au-sud-de-nouakchott-le-gouvernement-accelere-la-mise-en-oeuvre-de-la-strategie-industrielle-2030","status":"publish","type":"post","link":"https:\/\/ladepeche.mr\/?p=20126","title":{"rendered":"Nouvelle zone industrielle au sud de Nouakchott : le gouvernement acc\u00e9l\u00e8re la mise en \u0153uvre de la strat\u00e9gie industrielle 2030"},"content":{"rendered":"<p>Fraichement de retour au sein du gouvernement aux commandes du minist\u00e8re de l\u2019Habitat, la ministre Mme Mint Mouknass multiplie les initiatives visant \u00e0 structurer durablement le d\u00e9veloppement urbain et industriel du pays. Parmi les projets majeurs engag\u00e9s figure la cr\u00e9ation d\u2019une nouvelle zone industrielle moderne, dont les contours ont \u00e9t\u00e9 r\u00e9cemment pr\u00e9cis\u00e9s par d\u00e9cret. <\/p>\n<p>Selon la ministre, qui le prend le train en marche, ce projet pr\u00e9voit l\u2019am\u00e9nagement d\u2019une zone industrielle d\u2019une superficie de 800 hectares, situ\u00e9e au sud de la capitale Nouakchott, dans la wilaya du Trarza, plus pr\u00e9cis\u00e9ment au niveau de la commune d\u2019El A\u2019rya. Cette nouvelle infrastructure est pr\u00e9sent\u00e9e comme une \u00e9tape cl\u00e9 dans la mise en \u0153uvre de la strat\u00e9gie nationale d\u2019industrialisation \u00e0 l\u2019horizon 2030.<\/p>\n<p>Mme Mint Mouknass a soulign\u00e9 que cette strat\u00e9gie ambitionne notamment de doubler le nombre d\u2019unit\u00e9s industrielles de transformation, en ciblant en priorit\u00e9 les secteurs o\u00f9 la Mauritanie dispose d\u2019avantages comparatifs, tels que l\u2019agriculture, l\u2019\u00e9levage, la p\u00eache et les \u00e9nergies renouvelables. Elle a pr\u00e9cis\u00e9 que cet objectif aurait \u00e9t\u00e9 difficilement atteignable sans la cr\u00e9ation d\u2019un nouvel espace industriel conforme aux standards requis, les zones existantes de Dar Na\u00efm et de l\u2019ancienne zone industrielle d\u2019El Mina souffrant de contraintes majeures, notamment le non-respect des normes environnementales, la limitation des superficies disponibles et l\u2019insuffisance des infrastructures.<\/p>\n<p>La ministre a \u00e9galement indiqu\u00e9 que le d\u00e9cret encadrant la nouvelle zone industrielle d\u00e9finit clairement les activit\u00e9s autoris\u00e9es. Celles-ci incluent les industries de production et de transformation, la logistique et le transport, les services industriels, les secteurs de l\u2019\u00e9nergie et de l\u2019environnement, ainsi que les activit\u00e9s li\u00e9es \u00e0 la technologie et \u00e0 l\u2019innovation.<\/p>\n<p>Selon elle, la cr\u00e9ation de cette zone offrira un cadre adapt\u00e9 \u00e0 l\u2019implantation d\u2019industries modernes et comp\u00e9titives, encouragera la transformation locale des mati\u00e8res premi\u00e8res nationales et contribuera \u00e0 la cr\u00e9ation d\u2019emplois durables. Elle devrait \u00e9galement favoriser le renforcement des exportations \u00e0 forte valeur ajout\u00e9e et l\u2019am\u00e9lioration du climat des affaires, gr\u00e2ce \u00e0 une meilleure organisation de l\u2019espace industriel.<\/p>\n<p>Interrog\u00e9e sur le m\u00e9canisme d\u2019organisation de cette zone, Mme Mint Mouknass a pr\u00e9cis\u00e9 que le projet pr\u00e9voit l\u2019instauration d\u2019une zone tampon d\u2019au moins 500 m\u00e8tres de largeur autour du p\u00e9rim\u00e8tre industriel. Toute construction ou implantation de logements y sera strictement interdite, afin d\u2019\u00e9viter les chevauchements entre activit\u00e9s industrielles et zones r\u00e9sidentielles, ainsi que les nuisances et litiges observ\u00e9s par le pass\u00e9.<\/p>\n<p>Dans ce cadre, aucun bureau administratif ni logement ne sera autoris\u00e9 \u00e0 l\u2019int\u00e9rieur de la zone industrielle ni dans sa bande de protection, r\u00e9serv\u00e9es exclusivement aux activit\u00e9s industrielles. Concernant les unit\u00e9s actuellement install\u00e9es \u00e0 Dar Na\u00efm et dans l\u2019ancienne zone industrielle du port, la ministre a pr\u00e9cis\u00e9 qu\u2019elles ne sont pas contraintes de d\u00e9m\u00e9nager, tout en soulignant que la possibilit\u00e9 de rejoindre le nouveau site demeure ouverte, au regard des avantages organisationnels, environnementaux et infrastructurels offerts.<\/p>\n<p>Par ailleurs, r\u00e9pondant \u00e0 une question relative au projet de complexe touristique et de r\u00e9habilitation du lac de Riyad, inscrit dans le programme de modernisation de Nouakchott, la ministre a assur\u00e9 que les populations concern\u00e9es feront l\u2019objet d\u2019un accompagnement appropri\u00e9. Elle a indiqu\u00e9 que les habitations situ\u00e9es dans le p\u00e9rim\u00e8tre impact\u00e9 ont \u00e9t\u00e9 recens\u00e9es et que les proc\u00e9dures d\u2019indemnisation et de relogement ont \u00e9t\u00e9 engag\u00e9es, avec le transfert des familles vers des sites mieux am\u00e9nag\u00e9s et mieux dot\u00e9s en services, conform\u00e9ment aux proc\u00e9dures l\u00e9gales en vigueur.<\/p>\n<p>Abordant enfin la question de l\u2019occupation anarchique des espaces publics et des voies de circulation, Mme Mint Mouknass a d\u00e9nonc\u00e9 une pratique contraire aux valeurs de civisme et au respect de la propri\u00e9t\u00e9 publique, tout en affirmant la d\u00e9termination des autorit\u00e9s \u00e0 poursuivre les efforts visant \u00e0 y mettre un terme.<\/p>\n<p>S\u2019agissant du plan de restructuration de la ville de Kiffa, la ministre a indiqu\u00e9 qu\u2019il s\u2019inscrit dans une orientation globale de l\u2019\u00c9tat en faveur de la modernisation urbaine. Elle a soulign\u00e9 que cette op\u00e9ration n\u00e9cessite une coordination \u00e9troite entre plusieurs d\u00e9partements minist\u00e9riels, notamment ceux de l\u2019Habitat, des Domaines, des Finances et de l\u2019Int\u00e9rieur, pr\u00e9cisant que les prochaines phases du projet d\u00e9buteront dans les tout prochains jours.<br \/>\n(avec Ami)<\/p>\n","protected":false},"excerpt":{"rendered":"<p>Fraichement de retour au sein du gouvernement aux commandes du minist\u00e8re de l\u2019Habitat, la ministre Mme Mint Mouknass multiplie les initiatives visant \u00e0 structurer durablement le d\u00e9veloppement urbain et industriel du pays. Parmi les projets majeurs engag\u00e9s figure la cr\u00e9ation d\u2019une nouvelle zone industrielle moderne, dont les contours ont \u00e9t\u00e9 r\u00e9cemment pr\u00e9cis\u00e9s par d\u00e9cret. Selon &hellip;<\/p>\n","protected":false},"author":2,"featured_media":20127,"comment_status":"open","ping_status":"open","sticky":false,"template":"","format":"standard","meta":{"footnotes":""},"categories":[18,2],"tags":[],"class_list":["post-20126","post","type-post","status-publish","format-standard","has-post-thumbnail","hentry","category-actualites","category-economie"],"_links":{"self":[{"href":"https:\/\/ladepeche.mr\/index.php?rest_route=\/wp\/v2\/posts\/20126","targetHints":{"allow":["GET"]}}],"collection":[{"href":"https:\/\/ladepeche.mr\/index.php?rest_route=\/wp\/v2\/posts"}],"about":[{"href":"https:\/\/ladepeche.mr\/index.php?rest_route=\/wp\/v2\/types\/post"}],"author":[{"embeddable":true,"href":"https:\/\/ladepeche.mr\/index.php?rest_route=\/wp\/v2\/users\/2"}],"replies":[{"embeddable":true,"href":"https:\/\/ladepeche.mr\/index.php?rest_route=%2Fwp%2Fv2%2Fcomments&post=20126"}],"version-history":[{"count":1,"href":"https:\/\/ladepeche.mr\/index.php?rest_route=\/wp\/v2\/posts\/20126\/revisions"}],"predecessor-version":[{"id":20128,"href":"https:\/\/ladepeche.mr\/index.php?rest_route=\/wp\/v2\/posts\/20126\/revisions\/20128"}],"wp:featuredmedia":[{"embeddable":true,"href":"https:\/\/ladepeche.mr\/index.php?rest_route=\/wp\/v2\/media\/20127"}],"wp:attachment":[{"href":"https:\/\/ladepeche.mr\/index.php?rest_route=%2Fwp%2Fv2%2Fmedia&parent=20126"}],"wp:term":[{"taxonomy":"category","embeddable":true,"href":"https:\/\/ladepeche.mr\/index.php?rest_route=%2Fwp%2Fv2%2Fcategories&post=20126"},{"taxonomy":"post_tag","embeddable":true,"href":"https:\/\/ladepeche.mr\/index.php?rest_route=%2Fwp%2Fv2%2Ftags&post=20126"}],"curies":[{"name":"wp","href":"https:\/\/api.w.org\/{rel}","templated":true}]}}