{"id":20130,"date":"2026-01-18T17:15:36","date_gmt":"2026-01-18T17:15:36","guid":{"rendered":"https:\/\/ladepeche.mr\/?p=20130"},"modified":"2026-01-18T17:15:36","modified_gmt":"2026-01-18T17:15:36","slug":"fmi-senegal-une-visite-sous-haute-tension-sans-negociations-a-la-cle","status":"publish","type":"post","link":"https:\/\/ladepeche.mr\/?p=20130","title":{"rendered":"FMI\u2013S\u00e9n\u00e9gal |Une visite sous haute tension, sans n\u00e9gociations \u00e0 la cl\u00e9"},"content":{"rendered":"<p>La nouvelle cheffe de mission du Fonds mon\u00e9taire international pour le S\u00e9n\u00e9gal arrive \u00e0 Dakar pour une prise de contact. Dans un contexte marqu\u00e9 par la r\u00e9v\u00e9lation d\u2019une dette publique colossale et la suspension d\u2019un programme d\u2019aide majeur, cette visite se veut avant tout exploratoire, loin de toute perc\u00e9e imm\u00e9diate.<\/p>\n<p>Une nouvelle \u00e9tape, mais sans avanc\u00e9e attendue. Mercedes Vera Martin, r\u00e9cemment nomm\u00e9e cheffe de mission du Fonds mon\u00e9taire international (FMI) pour le S\u00e9n\u00e9gal, est attendue \u00e0 Dakar en d\u00e9but de semaine prochaine pour une visite de courte dur\u00e9e. Qualifi\u00e9e d\u2019\u00abintroductive\u00bb par l\u2019institution de Bretton Woods, cette mission ne donnera lieu \u00e0 aucun cycle de n\u00e9gociations substantielles, a pr\u00e9cis\u00e9 un porte-parole du Fonds.<\/p>\n<p>L\u2019objectif affich\u00e9 est limit\u00e9 : prendre contact avec les autorit\u00e9s s\u00e9n\u00e9galaises et poser les bases d\u2019un futur dialogue, dans un contexte \u00e9conomique particuli\u00e8rement d\u00e9licat.<\/p>\n<p><strong>Une dette publique hors normes r\u00e9v\u00e9l\u00e9e fin 2024<\/strong><br \/>\nCette visite intervient alors que le S\u00e9n\u00e9gal traverse une zone de fortes turbulences \u00e9conomiques et financi\u00e8res. Fin 2024, le FMI a r\u00e9v\u00e9l\u00e9 que la dette publique du pays atteignait 132 % du produit int\u00e9rieur brut (PIB), apr\u00e8s la d\u00e9couverte, par les nouvelles autorit\u00e9s, de plusieurs milliards de dollars d\u2019emprunts contract\u00e9s par l\u2019administration pr\u00e9c\u00e9dente mais jamais d\u00e9clar\u00e9s.<\/p>\n<p>Cette dette dissimul\u00e9e \u2014 estim\u00e9e par certains observateurs \u00e0 plusieurs milliards de dollars non report\u00e9s \u2014 est consid\u00e9r\u00e9e comme un cas sans pr\u00e9c\u00e9dent en Afrique subsaharienne. Elle a mis en lumi\u00e8re de graves d\u00e9faillances dans la transparence et la gestion des finances publiques, conduisant \u00e0 un audit approfondi et \u00e0 une r\u00e9vision compl\u00e8te des chiffres officiels. Selon des donn\u00e9es internationales r\u00e9centes, l\u2019encours total de la dette s\u00e9n\u00e9galaise d\u00e9passerait d\u00e9sormais 43 milliards de dollars.<br \/>\nLire la suite sur: https:\/\/afrimag.net\/fmi-senegal-une-visite-sous-haute-tension-sans-negociations-a-la-cle\/?utm_source=mailpoet&#038;utm_medium=email&#038;utm_source_platform=mailpoet&#038;utm_campaign=newsletter<\/p>\n","protected":false},"excerpt":{"rendered":"<p>La nouvelle cheffe de mission du Fonds mon\u00e9taire international pour le S\u00e9n\u00e9gal arrive \u00e0 Dakar pour une prise de contact. Dans un contexte marqu\u00e9 par la r\u00e9v\u00e9lation d\u2019une dette publique colossale et la suspension d\u2019un programme d\u2019aide majeur, cette visite se veut avant tout exploratoire, loin de toute perc\u00e9e imm\u00e9diate. Une nouvelle \u00e9tape, mais sans &hellip;<\/p>\n","protected":false},"author":2,"featured_media":20131,"comment_status":"open","ping_status":"open","sticky":false,"template":"","format":"standard","meta":{"footnotes":""},"categories":[18,29],"tags":[],"class_list":["post-20130","post","type-post","status-publish","format-standard","has-post-thumbnail","hentry","category-actualites","category-monde"],"_links":{"self":[{"href":"https:\/\/ladepeche.mr\/index.php?rest_route=\/wp\/v2\/posts\/20130","targetHints":{"allow":["GET"]}}],"collection":[{"href":"https:\/\/ladepeche.mr\/index.php?rest_route=\/wp\/v2\/posts"}],"about":[{"href":"https:\/\/ladepeche.mr\/index.php?rest_route=\/wp\/v2\/types\/post"}],"author":[{"embeddable":true,"href":"https:\/\/ladepeche.mr\/index.php?rest_route=\/wp\/v2\/users\/2"}],"replies":[{"embeddable":true,"href":"https:\/\/ladepeche.mr\/index.php?rest_route=%2Fwp%2Fv2%2Fcomments&post=20130"}],"version-history":[{"count":1,"href":"https:\/\/ladepeche.mr\/index.php?rest_route=\/wp\/v2\/posts\/20130\/revisions"}],"predecessor-version":[{"id":20132,"href":"https:\/\/ladepeche.mr\/index.php?rest_route=\/wp\/v2\/posts\/20130\/revisions\/20132"}],"wp:featuredmedia":[{"embeddable":true,"href":"https:\/\/ladepeche.mr\/index.php?rest_route=\/wp\/v2\/media\/20131"}],"wp:attachment":[{"href":"https:\/\/ladepeche.mr\/index.php?rest_route=%2Fwp%2Fv2%2Fmedia&parent=20130"}],"wp:term":[{"taxonomy":"category","embeddable":true,"href":"https:\/\/ladepeche.mr\/index.php?rest_route=%2Fwp%2Fv2%2Fcategories&post=20130"},{"taxonomy":"post_tag","embeddable":true,"href":"https:\/\/ladepeche.mr\/index.php?rest_route=%2Fwp%2Fv2%2Ftags&post=20130"}],"curies":[{"name":"wp","href":"https:\/\/api.w.org\/{rel}","templated":true}]}}