{"id":20136,"date":"2026-01-19T18:08:30","date_gmt":"2026-01-19T18:08:30","guid":{"rendered":"https:\/\/ladepeche.mr\/?p=20136"},"modified":"2026-01-19T18:08:30","modified_gmt":"2026-01-19T18:08:30","slug":"france-un-millier-de-personnes-rendent-hommage-a-el-hacen-diarra-mort-en-garde-a-vue-a-paris","status":"publish","type":"post","link":"https:\/\/ladepeche.mr\/?p=20136","title":{"rendered":"France: un millier de personnes rendent hommage \u00e0 El Hacen Diarra, mort en garde \u00e0 vue \u00e0 Paris"},"content":{"rendered":"<p>Un millier de personnes se sont rassembl\u00e9es ce dimanche dans le 20e arrondissement de Paris pour rendre hommage \u00e0 El Hacen Diarra. Ce Mauritanien de 35 ans est mort dans la nuit du 14 au 15 janvier apr\u00e8s un contr\u00f4le de police. Les circonstances du d\u00e9c\u00e8s sont encore floues, mais les proches de la victime et leurs nombreux soutiens d\u00e9noncent des violences polici\u00e8res.<br \/>\n\u00ab Justice pour El Hacen ! Justice pour El Hacen ! \u00bb lancent les manifestants au pied du foyer o\u00f9 vivait El Hacen Diarra, ils sont nombreux \u00e0 \u00eatre venus lui rendre hommage. Parmi eux, Abderrahmane Sylla, le d\u00e9l\u00e9gu\u00e9 du foyer o\u00f9 il vivait. Selon lui, c&#8217;est pendant que l&#8217;homme de 35 ans fumait une cigarette que la police est arriv\u00e9e : \u00ab La police l&#8217;a trouv\u00e9 l\u00e0 bas. Des paroles ont \u00e9t\u00e9 \u00e9chang\u00e9es. Les coups sont partis. Vous avez vu toutes les vid\u00e9os et comment ils ont tabass\u00e9 jusqu&#8217;\u00e0 ce qu&#8217;il saigne \u00bb.<\/p>\n<p>La police affirme qu&#8217;El Hacen Diarra est d\u00e9c\u00e9d\u00e9 au commissariat suite \u00e0 un malaise. Mais les proches n&#8217;y croient pas. Selon eux, il est d\u00e9c\u00e9d\u00e9 sur place sous les coups des policiers. \u00ab Pour nous, ce n&#8217;est pas vrai. On l&#8217;a entendu depuis le premier cri jusqu&#8217;\u00e0 son dernier cri, il sait plus crier. \u00c7a veut dire qu&#8217;il est mort. Nous, on pense qu&#8217;il est mort ici. \u00bb<\/p>\n<p>\u00ab D\u00e9noncer ce racisme syst\u00e9mique qu&#8217;il y a au sein de l&#8217;institution polici\u00e8re \u00bb<br \/>\nAutour de la famille endeuill\u00e9e, plusieurs proches de victimes de violences polici\u00e8res sont venus apporter leur soutien. Parmi eux, Assa Traor\u00e9, la s\u0153ur d&#8217;Adama Traor\u00e9, mort lors d&#8217;une interpellation en 2016. Elle d\u00e9nonce du racisme au sein de la police : \u00ab Comment peut-on juste mourir quand on croise la police ? Et c&#8217;est pour \u00e7a qu&#8217;il y avait autant de monde aujourd&#8217;hui pour d\u00e9noncer ce qui se passe, ce racisme syst\u00e9mique qu&#8217;il y a au sein de l&#8217;institution polici\u00e8re. \u00bb<\/p>\n<p>La famille de El Hacen Diarra compte organiser un rassemblement devant le commissariat du 20e arrondissement pour r\u00e9clamer que justice soit faite.<br \/>\nhttps:\/\/www.rfi.fr\/fr\/france\/20260119-france-un-millier-de-personnes-rendent-hommage-%C3%A0-el-hacen-diarra-mort-en-garde-%C3%A0-vue-%C3%A0-paris<\/p>\n","protected":false},"excerpt":{"rendered":"<p>Un millier de personnes se sont rassembl\u00e9es ce dimanche dans le 20e arrondissement de Paris pour rendre hommage \u00e0 El Hacen Diarra. Ce Mauritanien de 35 ans est mort dans la nuit du 14 au 15 janvier apr\u00e8s un contr\u00f4le de police. Les circonstances du d\u00e9c\u00e8s sont encore floues, mais les proches de la victime &hellip;<\/p>\n","protected":false},"author":2,"featured_media":20137,"comment_status":"open","ping_status":"open","sticky":false,"template":"","format":"standard","meta":{"footnotes":""},"categories":[18,29],"tags":[],"class_list":["post-20136","post","type-post","status-publish","format-standard","has-post-thumbnail","hentry","category-actualites","category-monde"],"_links":{"self":[{"href":"https:\/\/ladepeche.mr\/index.php?rest_route=\/wp\/v2\/posts\/20136","targetHints":{"allow":["GET"]}}],"collection":[{"href":"https:\/\/ladepeche.mr\/index.php?rest_route=\/wp\/v2\/posts"}],"about":[{"href":"https:\/\/ladepeche.mr\/index.php?rest_route=\/wp\/v2\/types\/post"}],"author":[{"embeddable":true,"href":"https:\/\/ladepeche.mr\/index.php?rest_route=\/wp\/v2\/users\/2"}],"replies":[{"embeddable":true,"href":"https:\/\/ladepeche.mr\/index.php?rest_route=%2Fwp%2Fv2%2Fcomments&post=20136"}],"version-history":[{"count":1,"href":"https:\/\/ladepeche.mr\/index.php?rest_route=\/wp\/v2\/posts\/20136\/revisions"}],"predecessor-version":[{"id":20138,"href":"https:\/\/ladepeche.mr\/index.php?rest_route=\/wp\/v2\/posts\/20136\/revisions\/20138"}],"wp:featuredmedia":[{"embeddable":true,"href":"https:\/\/ladepeche.mr\/index.php?rest_route=\/wp\/v2\/media\/20137"}],"wp:attachment":[{"href":"https:\/\/ladepeche.mr\/index.php?rest_route=%2Fwp%2Fv2%2Fmedia&parent=20136"}],"wp:term":[{"taxonomy":"category","embeddable":true,"href":"https:\/\/ladepeche.mr\/index.php?rest_route=%2Fwp%2Fv2%2Fcategories&post=20136"},{"taxonomy":"post_tag","embeddable":true,"href":"https:\/\/ladepeche.mr\/index.php?rest_route=%2Fwp%2Fv2%2Ftags&post=20136"}],"curies":[{"name":"wp","href":"https:\/\/api.w.org\/{rel}","templated":true}]}}