{"id":20141,"date":"2026-01-20T07:04:02","date_gmt":"2026-01-20T07:04:02","guid":{"rendered":"https:\/\/ladepeche.mr\/?p=20141"},"modified":"2026-01-20T07:04:02","modified_gmt":"2026-01-20T07:04:02","slug":"la-mauritanie-le-mali-et-le-senegal-lancent-un-projet-regional-de-7-millions-de-dollars-pour-renforcer-la-securite-hydrique-et-la-paix","status":"publish","type":"post","link":"https:\/\/ladepeche.mr\/?p=20141","title":{"rendered":"La Mauritanie, le Mali et le S\u00e9n\u00e9gal lancent un projet r\u00e9gional de 7 millions de dollars pour renforcer la \u00ab s\u00e9curit\u00e9 hydrique et la paix \u00bb"},"content":{"rendered":"<p>Son Excellence le ministre des Affaires \u00e9conomiques et du D\u00e9veloppement, M. Abdallah O Souleymane O Cheikh Sidia, a supervis\u00e9, lundi \u00e0 Nouakchott, le lancement d\u2019un projet transfrontalier visant la gestion des ressources en eau, le renforcement de la s\u00e9curit\u00e9 climatique et la consolidation de la paix dans les zones frontali\u00e8res communes entre la Mauritanie, le Mali et le S\u00e9n\u00e9gal.<\/p>\n<p>Financ\u00e9 par le Fonds des Nations Unies pour la consolidation de la paix \u00e0 hauteur de 7 millions de dollars am\u00e9ricains, soit environ 280 millions MRU, le projet sera ex\u00e9cut\u00e9 sur une p\u00e9riode de deux ans, sous la coordination conjointe du Fonds des Nations Unies pour l\u2019Enfance (UNICEF) et de l\u2019Organisation internationale pour les migrations (OIM).<\/p>\n<p>Ce programme ambitionne de faire de l\u2019eau un levier de coop\u00e9ration r\u00e9gionale, au profit de plus de 680 000 b\u00e9n\u00e9ficiaires, directs et indirects, dans les wilayas du Guidimakha, du Gorgol, de l\u2019Assaba et du Hodh El Gharbi en Mauritanie, ainsi que dans des zones frontali\u00e8res du Mali et du S\u00e9n\u00e9gal.<\/p>\n<p>Le plan d\u2019action pr\u00e9voit notamment la construction ou la r\u00e9habilitation d\u2019infrastructures hydrauliques r\u00e9silientes, la mise en place de m\u00e9canismes communautaires de gestion des conflits li\u00e9s \u00e0 l\u2019eau, ainsi que l\u2019instauration de syst\u00e8mes d\u2019alerte pr\u00e9coce face aux risques climatiques.<\/p>\n<p>Dans son allocution, Son Excellence le ministre des Affaires \u00e9conomiques et du D\u00e9veloppement a soulign\u00e9 que cette initiative traduit une volont\u00e9 commune de relever des d\u00e9fis transnationaux, rappelant que la rar\u00e9faction des ressources en eau et les impacts du changement climatique imposent une action concert\u00e9e entre pays voisins, fond\u00e9e sur une coop\u00e9ration proactive et solidaire.<\/p>\n<p>Il a pr\u00e9cis\u00e9 qu\u2019en Mauritanie, le Pr\u00e9sident de la R\u00e9publique, Son Excellence Monsieur Mohamed Ould Cheikh El Ghazouani, accorde une priorit\u00e9 particuli\u00e8re \u00e0 l\u2019adaptation \u00e0 ces enjeux majeurs, tandis que le gouvernement, sous la conduite du Premier ministre, M. Mokhtar Ould Diay, met en \u0153uvre des programmes multisectoriels visant \u00e0 apporter des r\u00e9ponses durables \u00e0 ces d\u00e9fis.<\/p>\n<p>Le ministre a ajout\u00e9 que ce projet ne constitue pas seulement un investissement dans les infrastructures hydrauliques, mais \u00e9galement un investissement dans la paix, la stabilit\u00e9 et l\u2019avenir commun des populations des zones concern\u00e9es, qui partagent les m\u00eames ressources, la m\u00eame histoire et les m\u00eames d\u00e9fis.<\/p>\n<p>Il a \u00e9galement indiqu\u00e9 que le projet a \u00e9t\u00e9 con\u00e7u pour servir de mod\u00e8le op\u00e9rationnel, traduisant une vision politique commune en actions concr\u00e8tes sur le terrain.<\/p>\n<p>De son c\u00f4t\u00e9, la coordonnatrice r\u00e9sidente du syst\u00e8me des Nations Unies en Mauritanie, Mme Lila Peters Yahia, a qualifi\u00e9 le projet de l\u2019une des initiatives les plus ambitieuses financ\u00e9es par le Fonds pour la consolidation de la paix, estimant qu\u2019il refl\u00e8te un choix politique fort faisant de la coop\u00e9ration r\u00e9gionale un pilier fondamental de la construction de la paix.<\/p>\n<p>Pour sa part, le chef de la d\u00e9l\u00e9gation s\u00e9n\u00e9galaise, repr\u00e9sentant de la Commission nationale de gestion des fronti\u00e8res, M. Amadou Moussa Ndir, a mis en exergue l\u2019importance capitale de ce projet pour les trois pays, soulignant qu\u2019il s\u2019inscrit dans une d\u00e9marche de bonne gouvernance et de mutualisation des efforts, tout en exprimant sa fiert\u00e9 quant \u00e0 l\u2019engagement des partenaires et aux efforts d\u00e9ploy\u00e9s.<\/p>\n<p>Le chef de la d\u00e9l\u00e9gation malienne, conseiller technique au minist\u00e8re de l\u2019Administration territoriale et de la D\u00e9centralisation, M. Moussa Billa, a, quant \u00e0 lui, salu\u00e9 le projet, affirmant qu\u2019il contribuera de mani\u00e8re significative au renforcement des relations entre les pays de la r\u00e9gion, tout en illustrant clairement comment la coop\u00e9ration et la gestion rationnelle des ressources peuvent servir l\u2019int\u00e9r\u00eat des peuples.<\/p>\n<p>Enfin, le repr\u00e9sentant de l\u2019UNICEF en Mauritanie, M. El K\u00e9bir El Aloui El Madghri, a pr\u00e9sent\u00e9 les grandes lignes du projet, mettant en exergue ses objectifs strat\u00e9giques et soulignant qu\u2019il s\u2019appuie sur des cadres et des politiques \u00e9labor\u00e9s de mani\u00e8re coordonn\u00e9e et rigoureuse.<\/p>\n<p>La c\u00e9r\u00e9monie s\u2019est d\u00e9roul\u00e9e en pr\u00e9sence des secr\u00e9taires g\u00e9n\u00e9raux des minist\u00e8res de l\u2019Int\u00e9rieur et de la Promotion de la d\u00e9centralisation et du D\u00e9veloppement local, ainsi que de l\u2019Hydraulique et de l\u2019Assainissement, du wali de Nouakchott Ouest, des walis des wilayas b\u00e9n\u00e9ficiaires, du hakem de Tevragh-Zeina, des ambassadeurs du Mali et du S\u00e9n\u00e9gal, ainsi que de plusieurs cadres des secteurs concern\u00e9s.<br \/>\nMAED<\/p>\n","protected":false},"excerpt":{"rendered":"<p>Son Excellence le ministre des Affaires \u00e9conomiques et du D\u00e9veloppement, M. Abdallah O Souleymane O Cheikh Sidia, a supervis\u00e9, lundi \u00e0 Nouakchott, le lancement d\u2019un projet transfrontalier visant la gestion des ressources en eau, le renforcement de la s\u00e9curit\u00e9 climatique et la consolidation de la paix dans les zones frontali\u00e8res communes entre la Mauritanie, le &hellip;<\/p>\n","protected":false},"author":2,"featured_media":20143,"comment_status":"open","ping_status":"open","sticky":false,"template":"","format":"standard","meta":{"footnotes":""},"categories":[18,29],"tags":[],"class_list":["post-20141","post","type-post","status-publish","format-standard","has-post-thumbnail","hentry","category-actualites","category-monde"],"_links":{"self":[{"href":"https:\/\/ladepeche.mr\/index.php?rest_route=\/wp\/v2\/posts\/20141","targetHints":{"allow":["GET"]}}],"collection":[{"href":"https:\/\/ladepeche.mr\/index.php?rest_route=\/wp\/v2\/posts"}],"about":[{"href":"https:\/\/ladepeche.mr\/index.php?rest_route=\/wp\/v2\/types\/post"}],"author":[{"embeddable":true,"href":"https:\/\/ladepeche.mr\/index.php?rest_route=\/wp\/v2\/users\/2"}],"replies":[{"embeddable":true,"href":"https:\/\/ladepeche.mr\/index.php?rest_route=%2Fwp%2Fv2%2Fcomments&post=20141"}],"version-history":[{"count":1,"href":"https:\/\/ladepeche.mr\/index.php?rest_route=\/wp\/v2\/posts\/20141\/revisions"}],"predecessor-version":[{"id":20142,"href":"https:\/\/ladepeche.mr\/index.php?rest_route=\/wp\/v2\/posts\/20141\/revisions\/20142"}],"wp:featuredmedia":[{"embeddable":true,"href":"https:\/\/ladepeche.mr\/index.php?rest_route=\/wp\/v2\/media\/20143"}],"wp:attachment":[{"href":"https:\/\/ladepeche.mr\/index.php?rest_route=%2Fwp%2Fv2%2Fmedia&parent=20141"}],"wp:term":[{"taxonomy":"category","embeddable":true,"href":"https:\/\/ladepeche.mr\/index.php?rest_route=%2Fwp%2Fv2%2Fcategories&post=20141"},{"taxonomy":"post_tag","embeddable":true,"href":"https:\/\/ladepeche.mr\/index.php?rest_route=%2Fwp%2Fv2%2Ftags&post=20141"}],"curies":[{"name":"wp","href":"https:\/\/api.w.org\/{rel}","templated":true}]}}