{"id":20155,"date":"2026-01-20T13:00:26","date_gmt":"2026-01-20T13:00:26","guid":{"rendered":"https:\/\/ladepeche.mr\/?p=20155"},"modified":"2026-01-20T12:30:48","modified_gmt":"2026-01-20T12:30:48","slug":"sa-majeste-le-roi-repond-favorablement-a-linvitation-du-president-donald-j-trump-pour-devenir-membre-fondateur-du-conseil-de-paix-mae","status":"publish","type":"post","link":"https:\/\/ladepeche.mr\/?p=20155","title":{"rendered":"Sa Majest\u00e9 le Roi r\u00e9pond favorablement \u00e0 l\u2019invitation du Pr\u00e9sident Donald J Trump pour devenir Membre Fondateur du Conseil de Paix (MAE)"},"content":{"rendered":"<p class=\"s5\" style=\"text-align: left;\"><span class=\"s4\"><span class=\"bumpedFont15\">Sa Majest\u00e9 le Roi Mohammed VI<\/span><\/span><span class=\"s4\"><span class=\"bumpedFont15\">, Pr\u00e9sident du Comit\u00e9 Al-<\/span><\/span><span class=\"s4\"><span class=\"bumpedFont15\">Qods<\/span><\/span><span class=\"s4\"><span class=\"bumpedFont15\">, a re\u00e7u une invitation de Son Excellence M. Donald J. <\/span><\/span><span class=\"s4\"><span class=\"bumpedFont15\">Trump<\/span><\/span><span class=\"s4\"><span class=\"bumpedFont15\">, Pr\u00e9sident des \u00c9tats-Unis d\u2019Am\u00e9rique, pour se joindre, en tant que Membre Fondateur, au Conseil de Paix que le Pr\u00e9sident am\u00e9ricain envisage de lancer comme initiative visant \u00e0 &#8220;contribuer aux efforts de paix au Moyen-Orient et adopter une nouvelle approche pour r\u00e9soudre les conflits dans le monde&#8221;, indique un communiqu\u00e9 du minist\u00e8re des Affaires \u00e9trang\u00e8res, de la Coop\u00e9ration africaine et des Marocains r\u00e9sidant \u00e0 l\u2019\u00e9tranger.<\/span><\/span><\/p>\n<p class=\"s5\"><span class=\"s4\"><span class=\"bumpedFont15\">La participation \u00e0 ce Conseil est r\u00e9serv\u00e9e \u00e0 un groupe restreint de leaders de stature internationale, engag\u00e9s en faveur d&#8217;un avenir s\u00fbr et prosp\u00e8re pour les g\u00e9n\u00e9rations futures, pr\u00e9cise le communiqu\u00e9, ajoutant que cette invitation constitue une reconnaissance du leadership \u00e9clair\u00e9 de Sa Majest\u00e9 le Roi, que Dieu L\u2019assiste, et de Sa Stature en tant qu&#8217;acteur de paix incontournable. Elle t\u00e9moigne de la confiance dont jouit le Souverain aupr\u00e8s du Pr\u00e9sident des \u00c9tats-Unis et de la communaut\u00e9 internationale.<\/span><\/span><\/p>\n<p class=\"s5\"><span class=\"s4\"><span class=\"bumpedFont15\">Tout en saluant l\u2019engagement et la vision du Pr\u00e9sident Donald <\/span><\/span><span class=\"s4\"><span class=\"bumpedFont15\">Trump<\/span><\/span><span class=\"s4\"><span class=\"bumpedFont15\"> pour la promotion de la paix, Sa Majest\u00e9 le Roi, que Dieu L\u2019assiste, a bien voulu r\u00e9pondre favorablement \u00e0 cette invitation. Dans ce contexte, le Royaume du Maroc ratifiera la Charte constitutive de ce Conseil.<\/span><\/span><\/p>\n<p class=\"s5\"><span class=\"s4\"><span class=\"bumpedFont15\">Le Conseil de Paix prendra la forme juridique d&#8217;une organisation internationale ayant pour ambition la promotion de la stabilit\u00e9, la restauration de la gouvernance et la garantie d&#8217;une paix durable dans les zones touch\u00e9es ou menac\u00e9es par les conflits. Le mandat de cette structure majeure se fondera sur la coop\u00e9ration pratique, l&#8217;action effective et des partenariats orient\u00e9s vers des r\u00e9sultats tangibles. La participation \u00e0 ce Conseil se fait exclusivement sur invitation du Pr\u00e9sident des \u00c9tats-Unis d\u2019Am\u00e9rique.<\/span><\/span><\/p>\n<p class=\"s5\"><span class=\"s4\"><span class=\"bumpedFont15\">Par ailleurs, le Royaume du Maroc salue l&#8217;annonce du lancement de la deuxi\u00e8me phase du plan de paix global du Pr\u00e9sident <\/span><\/span><span class=\"s4\"><span class=\"bumpedFont15\">Trump<\/span><\/span><span class=\"s4\"><span class=\"bumpedFont15\">, ainsi que la cr\u00e9ation officielle du Comit\u00e9 national pour l&#8217;administration de Gaza comme organisme transitoire temporaire.<\/span><\/span><\/p>\n<p class=\"s5\"><span class=\"s4\"><span class=\"bumpedFont15\">Le Maroc, sous la conduite \u00e9clair\u00e9e de Sa Majest\u00e9 le Roi, r\u00e9it\u00e8re son engagement constant en faveur d&#8217;une paix juste, globale et durable au Moyen-Orient, permettant l\u2019\u00e9tablissement d\u2019un Etat palestinien dans les fronti\u00e8res de 1967 avec J\u00e9rusalem-Est comme capitale, vivant c\u00f4te-\u00e0-c\u00f4te et en paix avec Isra\u00ebl, conclut le communiqu\u00e9.<\/span><\/span><\/p>\n<p>Map<\/p>\n","protected":false},"excerpt":{"rendered":"<p>Sa Majest\u00e9 le Roi Mohammed VI, Pr\u00e9sident du Comit\u00e9 Al-Qods, a re\u00e7u une invitation de Son Excellence M. Donald J. Trump, Pr\u00e9sident des \u00c9tats-Unis d\u2019Am\u00e9rique, pour se joindre, en tant que Membre Fondateur, au Conseil de Paix que le Pr\u00e9sident am\u00e9ricain envisage de lancer comme initiative visant \u00e0 &#8220;contribuer aux efforts de paix au Moyen-Orient &hellip;<\/p>\n","protected":false},"author":2,"featured_media":17368,"comment_status":"open","ping_status":"open","sticky":false,"template":"","format":"standard","meta":{"footnotes":""},"categories":[18,29],"tags":[],"class_list":["post-20155","post","type-post","status-publish","format-standard","has-post-thumbnail","hentry","category-actualites","category-monde"],"_links":{"self":[{"href":"https:\/\/ladepeche.mr\/index.php?rest_route=\/wp\/v2\/posts\/20155","targetHints":{"allow":["GET"]}}],"collection":[{"href":"https:\/\/ladepeche.mr\/index.php?rest_route=\/wp\/v2\/posts"}],"about":[{"href":"https:\/\/ladepeche.mr\/index.php?rest_route=\/wp\/v2\/types\/post"}],"author":[{"embeddable":true,"href":"https:\/\/ladepeche.mr\/index.php?rest_route=\/wp\/v2\/users\/2"}],"replies":[{"embeddable":true,"href":"https:\/\/ladepeche.mr\/index.php?rest_route=%2Fwp%2Fv2%2Fcomments&post=20155"}],"version-history":[{"count":1,"href":"https:\/\/ladepeche.mr\/index.php?rest_route=\/wp\/v2\/posts\/20155\/revisions"}],"predecessor-version":[{"id":20156,"href":"https:\/\/ladepeche.mr\/index.php?rest_route=\/wp\/v2\/posts\/20155\/revisions\/20156"}],"wp:featuredmedia":[{"embeddable":true,"href":"https:\/\/ladepeche.mr\/index.php?rest_route=\/wp\/v2\/media\/17368"}],"wp:attachment":[{"href":"https:\/\/ladepeche.mr\/index.php?rest_route=%2Fwp%2Fv2%2Fmedia&parent=20155"}],"wp:term":[{"taxonomy":"category","embeddable":true,"href":"https:\/\/ladepeche.mr\/index.php?rest_route=%2Fwp%2Fv2%2Fcategories&post=20155"},{"taxonomy":"post_tag","embeddable":true,"href":"https:\/\/ladepeche.mr\/index.php?rest_route=%2Fwp%2Fv2%2Ftags&post=20155"}],"curies":[{"name":"wp","href":"https:\/\/api.w.org\/{rel}","templated":true}]}}