{"id":20157,"date":"2026-01-20T12:36:29","date_gmt":"2026-01-20T12:36:29","guid":{"rendered":"https:\/\/ladepeche.mr\/?p=20157"},"modified":"2026-01-20T12:36:29","modified_gmt":"2026-01-20T12:36:29","slug":"le-danemark-et-le-groenland-proposent-une-mission-de-lotan-dans-larctique","status":"publish","type":"post","link":"https:\/\/ladepeche.mr\/?p=20157","title":{"rendered":"Le Danemark et le Groenland proposent une mission de l&#8217;OTAN dans l&#8217;Arctique"},"content":{"rendered":"<p>Le Danemark ne renoncera pas \u00e0 dialoguer avec les responsables am\u00e9ricains, affirme le ministre danois de la D\u00e9fense.<\/p>\n<p class=\"selectionShareable\">Le ministre danois de la D\u00e9fense, Troels Lund Poulsen, a d\u00e9clar\u00e9 lundi que le Danemark, conjointement avec le Groenland, avait propos\u00e9 une mission de l&#8217;OTAN dans l&#8217;Arctique au secr\u00e9taire g\u00e9n\u00e9ral Mark Rutte, face aux menaces am\u00e9ricaines d&#8217;annexion de ce territoire danois autonome.<\/p>\n<p class=\"selectionShareable\">Poulsen s&#8217;est exprim\u00e9 devant la presse lors d&#8217;un point de presse conjoint avec la ministre groenlandaise des Affaires \u00e9trang\u00e8res, Vivian Motzfeldt, apr\u00e8s leur rencontre \u00e0 Bruxelles avec le secr\u00e9taire g\u00e9n\u00e9ral de l&#8217;OTAN, Mark Rutte, et la haute repr\u00e9sentante de l&#8217;Union europ\u00e9enne pour les affaires \u00e9trang\u00e8res et la politique de s\u00e9curit\u00e9, Kaja Kallas.<\/p>\n<p class=\"selectionShareable\">\u00ab Le Danemark et le Groenland ont propos\u00e9 une mission de l&#8217;OTAN dans l&#8217;Arctique \u00e0 Rutte \u00bb, a affirm\u00e9 Poulsen. \u00ab Nous en avons discut\u00e9 et nous l&#8217;avons propos\u00e9e. \u00bb<\/p>\n<p class=\"selectionShareable\">Il n&#8217;a cependant pas pr\u00e9cis\u00e9 la r\u00e9action de Rutte \u00e0 cette proposition.<\/p>\n<p class=\"selectionShareable\">Poulsen a \u00e9galement r\u00e9affirm\u00e9 la volont\u00e9 du Danemark de poursuivre le dialogue avec les responsables am\u00e9ricains, soulignant que le Danemark ne renoncerait pas \u00e0 insister sur la n\u00e9cessit\u00e9 du dialogue.<\/p>\n<p class=\"selectionShareable\">\u00ab Si les \u00c9tats-Unis se retiraient de l&#8217;OTAN demain, nous serions confront\u00e9s \u00e0 un d\u00e9fi immense pour nous d\u00e9brouiller seuls \u00bb, a-t-il d\u00e9clar\u00e9, soulignant que certaines d\u00e9clarations de Trump \u00e9taient \u00ab vraiment blessantes \u00bb.<\/p>\n<p class=\"selectionShareable\">Motzfeldt a r\u00e9affirm\u00e9 que \u00ab toutes les portes restent ouvertes \u00bb gr\u00e2ce \u00e0 la coop\u00e9ration et au d\u00e9veloppement \u00ab ax\u00e9s sur la d\u00e9fense mutuelle \u00bb entre alli\u00e9s, et que leur d\u00e9fense est \u00ab indissociable de celle des \u00c9tats-Unis \u00bb.<\/p>\n<p class=\"selectionShareable\">\u00ab Pour nous, Groenlandais, l&#8217;aspect le plus important de notre participation est de pouvoir parler au nom du peuple groenlandais tout en contribuant \u00e0 trouver des solutions qui servent ses int\u00e9r\u00eats. Nous avons accompli ce travail avec succ\u00e8s \u00bb, a-t-elle ajout\u00e9.<\/p>\n<p class=\"selectionShareable\">Le Groenland, territoire autonome du Royaume du Danemark, suscite l&#8217;int\u00e9r\u00eat des \u00c9tats-Unis en raison de sa position strat\u00e9gique et de ses vastes ressources min\u00e9rales, ainsi que des inqui\u00e9tudes li\u00e9es \u00e0 l&#8217;activit\u00e9 croissante de la Russie et de la Chine.<\/p>\n<p class=\"selectionShareable\">Trump a d\u00e9clar\u00e9 \u00e0 plusieurs reprises que les \u00c9tats-Unis devaient acqu\u00e9rir le Groenland pour des raisons de s\u00e9curit\u00e9 nationale et pour emp\u00eacher la Russie ou la Chine de prendre le contr\u00f4le du territoire. Il a \u00e9galement menac\u00e9 d&#8217;imposer des droits de douane aux alli\u00e9s qui s&#8217;opposeraient \u00e0 cette acquisition.<\/p>\n<p class=\"selectionShareable\">Le Danemark et le Groenland ont tous deux rejet\u00e9 toute proposition de vente du territoire, r\u00e9affirmant la souverainet\u00e9 danoise sur l&#8217;\u00eele.<\/p>\n<p>aa.com.tr<\/p>\n<p>&nbsp;<\/p>\n","protected":false},"excerpt":{"rendered":"<p>Le Danemark ne renoncera pas \u00e0 dialoguer avec les responsables am\u00e9ricains, affirme le ministre danois de la D\u00e9fense. Le ministre danois de la D\u00e9fense, Troels Lund Poulsen, a d\u00e9clar\u00e9 lundi que le Danemark, conjointement avec le Groenland, avait propos\u00e9 une mission de l&#8217;OTAN dans l&#8217;Arctique au secr\u00e9taire g\u00e9n\u00e9ral Mark Rutte, face aux menaces am\u00e9ricaines d&#8217;annexion &hellip;<\/p>\n","protected":false},"author":2,"featured_media":20159,"comment_status":"open","ping_status":"open","sticky":false,"template":"","format":"standard","meta":{"footnotes":""},"categories":[18,29],"tags":[],"class_list":["post-20157","post","type-post","status-publish","format-standard","has-post-thumbnail","hentry","category-actualites","category-monde"],"_links":{"self":[{"href":"https:\/\/ladepeche.mr\/index.php?rest_route=\/wp\/v2\/posts\/20157","targetHints":{"allow":["GET"]}}],"collection":[{"href":"https:\/\/ladepeche.mr\/index.php?rest_route=\/wp\/v2\/posts"}],"about":[{"href":"https:\/\/ladepeche.mr\/index.php?rest_route=\/wp\/v2\/types\/post"}],"author":[{"embeddable":true,"href":"https:\/\/ladepeche.mr\/index.php?rest_route=\/wp\/v2\/users\/2"}],"replies":[{"embeddable":true,"href":"https:\/\/ladepeche.mr\/index.php?rest_route=%2Fwp%2Fv2%2Fcomments&post=20157"}],"version-history":[{"count":1,"href":"https:\/\/ladepeche.mr\/index.php?rest_route=\/wp\/v2\/posts\/20157\/revisions"}],"predecessor-version":[{"id":20158,"href":"https:\/\/ladepeche.mr\/index.php?rest_route=\/wp\/v2\/posts\/20157\/revisions\/20158"}],"wp:featuredmedia":[{"embeddable":true,"href":"https:\/\/ladepeche.mr\/index.php?rest_route=\/wp\/v2\/media\/20159"}],"wp:attachment":[{"href":"https:\/\/ladepeche.mr\/index.php?rest_route=%2Fwp%2Fv2%2Fmedia&parent=20157"}],"wp:term":[{"taxonomy":"category","embeddable":true,"href":"https:\/\/ladepeche.mr\/index.php?rest_route=%2Fwp%2Fv2%2Fcategories&post=20157"},{"taxonomy":"post_tag","embeddable":true,"href":"https:\/\/ladepeche.mr\/index.php?rest_route=%2Fwp%2Fv2%2Ftags&post=20157"}],"curies":[{"name":"wp","href":"https:\/\/api.w.org\/{rel}","templated":true}]}}