{"id":20163,"date":"2026-01-21T19:36:02","date_gmt":"2026-01-21T19:36:02","guid":{"rendered":"https:\/\/ladepeche.mr\/?p=20163"},"modified":"2026-01-21T19:36:02","modified_gmt":"2026-01-21T19:36:02","slug":"france-mort-dal-hacen-diarra-le-ministre-de-linterieur-refuse-de-suspendre-les-policiers","status":"publish","type":"post","link":"https:\/\/ladepeche.mr\/?p=20163","title":{"rendered":"France \/ Mort d&#8217;Al Hacen Diarra : le ministre de l&#8217;Int\u00e9rieur refuse de suspendre les policiers"},"content":{"rendered":"<h4>Malgr\u00e9 des coups constat\u00e9s, Laurent Nu\u00f1ez estime n\u2019avoir \u00ab aucune raison \u00bb de suspendre les agents impliqu\u00e9s dans l\u2019interpellation.<\/h4>\n<p class=\"selectionShareable\">Le ministre fran\u00e7ais de l\u2019Int\u00e9rieur, Laurent Nu\u00f1ez, a refus\u00e9 de suspendre les policiers impliqu\u00e9s dans l\u2019interpellation d\u2019El Hacen Diarra, d\u00e9c\u00e9d\u00e9 en garde \u00e0 vue dans un commissariat du 20\u1d49 arrondissement de Paris, dans la nuit du 14 au 15 janvier.<\/p>\n<p class=\"selectionShareable\">Interrog\u00e9 par la d\u00e9put\u00e9e Dani\u00e8le Simonnet \u00e0 l\u2019Assembl\u00e9e nationale, Laurent Nu\u00f1ez a \u00e9voqu\u00e9 un \u00ab drame \u00bb mais a tenu \u00e0 pr\u00e9ciser le contexte de l\u2019interpellation. \u00ab Il y a eu un contr\u00f4le dans la nuit du 14 au 15 janvier, un contr\u00f4le d\u2019un individu qui roulait une cigarette de cannabis \u00bb, a-t-il affirm\u00e9, ajoutant que l\u2019homme aurait refus\u00e9 le contr\u00f4le, entra\u00eenant une altercation avec les agents. \u00ab Il a entra\u00een\u00e9 dans sa chute deux policiers \u00bb, a-t-il d\u00e9clar\u00e9, pr\u00e9cisant qu\u2019un usage du taser avait \u00e9t\u00e9 effectu\u00e9 sur le mollet du suspect avant son transfert au commissariat \u00ab sans incident particulier \u00bb.<\/p>\n<p class=\"selectionShareable\">Cit\u00e9 par la presse fran\u00e7aise, le parquet de Paris a indiqu\u00e9 que l\u2019autopsie r\u00e9alis\u00e9e sur la victime fait \u00e9tat d\u2019une fracture du cartilage thyro\u00efdien, d\u2019une plaie profonde \u00e0 la tempe, ainsi que d\u2019un arr\u00eat cardio-respiratoire. Toutefois, les causes exactes du d\u00e9c\u00e8s ne sont pas encore formellement \u00e9tablies. \u00ab Il y a un rapport d\u2019autopsie qui a \u00e9t\u00e9 rendu (&#8230;), on ne conna\u00eet pas encore les causes de la mort \u00bb, a insist\u00e9 Laurent Nu\u00f1ez. Il a aussi indiqu\u00e9 que des investigations m\u00e9dicales compl\u00e9mentaires \u00e9taient en cours.<\/p>\n<p class=\"selectionShareable\">Le ministre a reconnu l\u2019existence de vid\u00e9os, dont une capt\u00e9e par un t\u00e9moin et transmise \u00e0 la justice. Elle montre des coups port\u00e9s lors de l\u2019interpellation. \u00ab Il y a deux coups qui sont port\u00e9s \u00e0 cet individu. Mais de l\u00e0 \u00e0 en d\u00e9duire que ces coups ont \u00e9t\u00e9 mortels, il y a un pas que je ne franchis pas \u00bb, a-t-il d\u00e9clar\u00e9 \u00e0 l\u2019Assembl\u00e9e.<\/p>\n<p class=\"selectionShareable\">\u00c0 ce stade, l\u2019Inspection g\u00e9n\u00e9rale de la police nationale (IGPN), saisie par le parquet, poursuit l\u2019enqu\u00eate. Le ministre affirme qu\u2019il fait \u00ab confiance \u00e0 la justice pour faire toute la lumi\u00e8re \u00bb sur ce dossier. Il conclut ne voir \u00ab aucune raison \u00bb de suspendre les fonctionnaires impliqu\u00e9s.<\/p>\n<p class=\"selectionShareable\">De son c\u00f4t\u00e9, la famille d\u2019El Hacen Diarra, ressortissant mauritanien \u00e2g\u00e9 de 35 ans, exige la suspension et la mise en cause des policiers. Plusieurs associations et \u00e9lus d\u00e9noncent un usage disproportionn\u00e9 de la force et pointent du doigt la r\u00e9p\u00e9tition des d\u00e9c\u00e8s en garde \u00e0 vue.<\/p>\n<p class=\"selectionShareable\">Selon plusieurs recensements ind\u00e9pendants, la France figure parmi les pays europ\u00e9ens les plus touch\u00e9s par les d\u00e9c\u00e8s en lien avec des interventions polici\u00e8res ou des gardes \u00e0 vue. Entre 2020 et 2022, 107 personnes sont mortes dans ce contexte, un chiffre qui place le pays en t\u00eate des statistiques compil\u00e9es dans treize \u00c9tats membres de l\u2019Union europ\u00e9enne. Une \u00e9tude men\u00e9e sur deux d\u00e9cennies recense au moins 560 morts lors de missions des forces de l\u2019ordre depuis 2005.<br \/>\naa.com.tr<\/p>\n","protected":false},"excerpt":{"rendered":"<p>Malgr\u00e9 des coups constat\u00e9s, Laurent Nu\u00f1ez estime n\u2019avoir \u00ab aucune raison \u00bb de suspendre les agents impliqu\u00e9s dans l\u2019interpellation. Le ministre fran\u00e7ais de l\u2019Int\u00e9rieur, Laurent Nu\u00f1ez, a refus\u00e9 de suspendre les policiers impliqu\u00e9s dans l\u2019interpellation d\u2019El Hacen Diarra, d\u00e9c\u00e9d\u00e9 en garde \u00e0 vue dans un commissariat du 20\u1d49 arrondissement de Paris, dans la nuit du &hellip;<\/p>\n","protected":false},"author":2,"featured_media":20164,"comment_status":"open","ping_status":"open","sticky":false,"template":"","format":"standard","meta":{"footnotes":""},"categories":[18,29],"tags":[],"class_list":["post-20163","post","type-post","status-publish","format-standard","has-post-thumbnail","hentry","category-actualites","category-monde"],"_links":{"self":[{"href":"https:\/\/ladepeche.mr\/index.php?rest_route=\/wp\/v2\/posts\/20163","targetHints":{"allow":["GET"]}}],"collection":[{"href":"https:\/\/ladepeche.mr\/index.php?rest_route=\/wp\/v2\/posts"}],"about":[{"href":"https:\/\/ladepeche.mr\/index.php?rest_route=\/wp\/v2\/types\/post"}],"author":[{"embeddable":true,"href":"https:\/\/ladepeche.mr\/index.php?rest_route=\/wp\/v2\/users\/2"}],"replies":[{"embeddable":true,"href":"https:\/\/ladepeche.mr\/index.php?rest_route=%2Fwp%2Fv2%2Fcomments&post=20163"}],"version-history":[{"count":1,"href":"https:\/\/ladepeche.mr\/index.php?rest_route=\/wp\/v2\/posts\/20163\/revisions"}],"predecessor-version":[{"id":20165,"href":"https:\/\/ladepeche.mr\/index.php?rest_route=\/wp\/v2\/posts\/20163\/revisions\/20165"}],"wp:featuredmedia":[{"embeddable":true,"href":"https:\/\/ladepeche.mr\/index.php?rest_route=\/wp\/v2\/media\/20164"}],"wp:attachment":[{"href":"https:\/\/ladepeche.mr\/index.php?rest_route=%2Fwp%2Fv2%2Fmedia&parent=20163"}],"wp:term":[{"taxonomy":"category","embeddable":true,"href":"https:\/\/ladepeche.mr\/index.php?rest_route=%2Fwp%2Fv2%2Fcategories&post=20163"},{"taxonomy":"post_tag","embeddable":true,"href":"https:\/\/ladepeche.mr\/index.php?rest_route=%2Fwp%2Fv2%2Ftags&post=20163"}],"curies":[{"name":"wp","href":"https:\/\/api.w.org\/{rel}","templated":true}]}}