{"id":20169,"date":"2026-01-21T23:42:08","date_gmt":"2026-01-21T23:42:08","guid":{"rendered":"https:\/\/ladepeche.mr\/?p=20169"},"modified":"2026-01-21T23:43:24","modified_gmt":"2026-01-21T23:43:24","slug":"incidents-mortels-repetes-aux-frontieres-nord-le-gouverneur-decide-devacuer-les-exploitants-des-carrieres-auriferes-artisanales","status":"publish","type":"post","link":"https:\/\/ladepeche.mr\/?p=20169","title":{"rendered":"Incidents mortels r\u00e9p\u00e9t\u00e9s aux fronti\u00e8res Nord: Le gouverneur du Tiris d\u00e9cide d&#8217;\u00e9vacuer les exploitants des carri\u00e8res aurif\u00e8res artisanales"},"content":{"rendered":"<p data-start=\"99\" data-end=\"456\">Pour des raisons de s\u00e9curit\u00e9 li\u00e9es aux violations r\u00e9p\u00e9t\u00e9es des fronti\u00e8res et aux pertes en vies humaines, le wali du Tiris Zemmour, M. Idrissa Demba Cor\u00e9ra, a ordonn\u00e9 l\u2019\u00e9vacuation, dans un d\u00e9lai d\u2019une semaine, de tous les camps d\u2019exploitants de carri\u00e8res artisanales situ\u00e9s \u00e0 moins de dix kilom\u00e8tres des fronti\u00e8res avec les pays voisins.<\/p>\n<p data-start=\"458\" data-end=\"847\">Cette d\u00e9cision vise \u00e0 permettre aux forces arm\u00e9es d\u2019assurer pleinement la protection des fronti\u00e8res et du territoire national, dans un contexte marqu\u00e9 par de nombreux incidents impliquant des prospecteurs artisanaux. Plusieurs Mauritaniens ont en effet perdu la vie ces derni\u00e8res ann\u00e9es aux fronti\u00e8res marocaine et alg\u00e9rienne, \u00e0 la suite d\u2019incursions dans des zones frontali\u00e8res sensibles.<\/p>\n<p data-start=\"849\" data-end=\"1293\">La mesure a \u00e9t\u00e9 annonc\u00e9e mardi lors d\u2019une visite de terrain effectu\u00e9e par le wali, accompagn\u00e9 du commandant de la deuxi\u00e8me r\u00e9gion militaire, le colonel Cheikh Sidi Bouya Salek, dans plusieurs carri\u00e8res artisanales, notamment dans les zones d\u2019Amreyghi et de Goueyratt. Les autorit\u00e9s ont appel\u00e9 les exploitants \u00e0 respecter strictement les consignes de s\u00e9curit\u00e9 et \u00e0 limiter leurs activit\u00e9s aux couloirs autoris\u00e9s par la soci\u00e9t\u00e9 Maaden Mauritania.<\/p>\n<p data-start=\"1295\" data-end=\"1647\">Tout en r\u00e9affirmant l\u2019importance accord\u00e9e par l\u2019\u00c9tat \u00e0 l\u2019exploitation mini\u00e8re artisanale pour son impact \u00e9conomique et social, le wali a insist\u00e9 sur la n\u00e9cessit\u00e9 de se conformer aux lois nationales et aux accords internationaux, en particulier dans les zones frontali\u00e8res, afin d\u2019\u00e9viter toute prospection \u00e0 l\u2019int\u00e9rieur des territoires des pays voisins.<\/p>\n<p data-start=\"1649\" data-end=\"1870\">Il a enfin exhort\u00e9 l\u2019ensemble des acteurs du secteur \u00e0 coop\u00e9rer avec les autorit\u00e9s militaires et s\u00e9curitaires pour la mise en \u0153uvre rapide de cette d\u00e9cision, afin de pr\u00e9venir de nouveaux incidents s\u00e9curitaires et humains.<\/p>\n<p data-start=\"1649\" data-end=\"1870\">(avec Ami)<\/p>\n","protected":false},"excerpt":{"rendered":"<p>Pour des raisons de s\u00e9curit\u00e9 li\u00e9es aux violations r\u00e9p\u00e9t\u00e9es des fronti\u00e8res et aux pertes en vies humaines, le wali du Tiris Zemmour, M. Idrissa Demba Cor\u00e9ra, a ordonn\u00e9 l\u2019\u00e9vacuation, dans un d\u00e9lai d\u2019une semaine, de tous les camps d\u2019exploitants de carri\u00e8res artisanales situ\u00e9s \u00e0 moins de dix kilom\u00e8tres des fronti\u00e8res avec les pays voisins. Cette &hellip;<\/p>\n","protected":false},"author":2,"featured_media":20170,"comment_status":"open","ping_status":"open","sticky":false,"template":"","format":"standard","meta":{"footnotes":""},"categories":[18,2],"tags":[],"class_list":["post-20169","post","type-post","status-publish","format-standard","has-post-thumbnail","hentry","category-actualites","category-economie"],"_links":{"self":[{"href":"https:\/\/ladepeche.mr\/index.php?rest_route=\/wp\/v2\/posts\/20169","targetHints":{"allow":["GET"]}}],"collection":[{"href":"https:\/\/ladepeche.mr\/index.php?rest_route=\/wp\/v2\/posts"}],"about":[{"href":"https:\/\/ladepeche.mr\/index.php?rest_route=\/wp\/v2\/types\/post"}],"author":[{"embeddable":true,"href":"https:\/\/ladepeche.mr\/index.php?rest_route=\/wp\/v2\/users\/2"}],"replies":[{"embeddable":true,"href":"https:\/\/ladepeche.mr\/index.php?rest_route=%2Fwp%2Fv2%2Fcomments&post=20169"}],"version-history":[{"count":2,"href":"https:\/\/ladepeche.mr\/index.php?rest_route=\/wp\/v2\/posts\/20169\/revisions"}],"predecessor-version":[{"id":20172,"href":"https:\/\/ladepeche.mr\/index.php?rest_route=\/wp\/v2\/posts\/20169\/revisions\/20172"}],"wp:featuredmedia":[{"embeddable":true,"href":"https:\/\/ladepeche.mr\/index.php?rest_route=\/wp\/v2\/media\/20170"}],"wp:attachment":[{"href":"https:\/\/ladepeche.mr\/index.php?rest_route=%2Fwp%2Fv2%2Fmedia&parent=20169"}],"wp:term":[{"taxonomy":"category","embeddable":true,"href":"https:\/\/ladepeche.mr\/index.php?rest_route=%2Fwp%2Fv2%2Fcategories&post=20169"},{"taxonomy":"post_tag","embeddable":true,"href":"https:\/\/ladepeche.mr\/index.php?rest_route=%2Fwp%2Fv2%2Ftags&post=20169"}],"curies":[{"name":"wp","href":"https:\/\/api.w.org\/{rel}","templated":true}]}}