{"id":20174,"date":"2026-01-22T09:11:51","date_gmt":"2026-01-22T09:11:51","guid":{"rendered":"https:\/\/ladepeche.mr\/?p=20174"},"modified":"2026-01-22T09:11:51","modified_gmt":"2026-01-22T09:11:51","slug":"le-ministre-des-affaires-economiques-se-rend-a-new-york-pour-participer-aux-travaux-de-la-commission-de-consolidation-de-la-paix-des-nations-unies","status":"publish","type":"post","link":"https:\/\/ladepeche.mr\/?p=20174","title":{"rendered":"Le ministre des Affaires \u00e9conomiques se rend \u00e0 New York pour participer aux travaux de la Commission de consolidation de la paix des Nations Unies"},"content":{"rendered":"<p>Son Excellence le ministre des Affaires \u00e9conomiques et du D\u00e9veloppement, M. Abdallah Ould Souleymane Ould Cheikh Sidia, a quitt\u00e9 Nouakchott, \u00e0 l\u2019aube de ce jour, \u00e0 destination de New York, o\u00f9 il prendra part aux r\u00e9unions de la Commission de consolidation de la paix des Nations Unies, pr\u00e9vues les 22 et 23 janvier courant.<\/p>\n<p>\u00c0 cette occasion, le ministre pr\u00e9sentera devant ladite Commission l&#8217;exp\u00e9rience et les efforts de la Mauritanie en mati\u00e8re de consolidation de la stabilit\u00e9 et de la s\u00e9curit\u00e9, consid\u00e9r\u00e9es comme des piliers fondamentaux du d\u00e9veloppement durable.<\/p>\n<p>La visite s\u2019inscrit dans le cadre de l&#8217;\u00e9tape d\u00e9cisive franchie par notre pays \u00e0 travers l&#8217;adoption, le 31 d\u00e9cembre 2025, de la Strat\u00e9gie nationale de promotion de la paix et de la coh\u00e9sion sociale. Celle-ci constitue une feuille de route visant \u00e0 renforcer le tissu social, am\u00e9liorer le climat des affaires et accro\u00eetre l\u2019attractivit\u00e9 du pays pour les investissements.<\/p>\n<p>Dans le m\u00eame contexte, Son Excellence le ministre tiendra des rencontres avec des responsables du Groupe de la Banque mondiale ainsi qu\u2019avec des partenaires au d\u00e9veloppement, en vue de mobiliser les financements n\u00e9cessaires \u00e0 la mise en \u0153uvre de ladite strat\u00e9gie et de passer en revue les r\u00e9formes structurelles de nature \u00e0 garantir l\u2019efficacit\u00e9 de l\u2019utilisation des ressources dans les projets de d\u00e9veloppement de base.<\/p>\n<p>Le ministre est accompagn\u00e9, dans ce d\u00e9placement, par le directeur g\u00e9n\u00e9ral des politiques et strat\u00e9gies de d\u00e9veloppement, M. Cheikhna Ould Beddad, et par le directeur g\u00e9n\u00e9ral des financements et de la coop\u00e9ration \u00e9conomique, M. Mohamed Salem Ould Nani.<br \/>\n(Maed)<\/p>\n","protected":false},"excerpt":{"rendered":"<p>Son Excellence le ministre des Affaires \u00e9conomiques et du D\u00e9veloppement, M. Abdallah Ould Souleymane Ould Cheikh Sidia, a quitt\u00e9 Nouakchott, \u00e0 l\u2019aube de ce jour, \u00e0 destination de New York, o\u00f9 il prendra part aux r\u00e9unions de la Commission de consolidation de la paix des Nations Unies, pr\u00e9vues les 22 et 23 janvier courant. \u00c0 &hellip;<\/p>\n","protected":false},"author":2,"featured_media":18450,"comment_status":"open","ping_status":"open","sticky":false,"template":"","format":"standard","meta":{"footnotes":""},"categories":[18,2,29],"tags":[],"class_list":["post-20174","post","type-post","status-publish","format-standard","has-post-thumbnail","hentry","category-actualites","category-economie","category-monde"],"_links":{"self":[{"href":"https:\/\/ladepeche.mr\/index.php?rest_route=\/wp\/v2\/posts\/20174","targetHints":{"allow":["GET"]}}],"collection":[{"href":"https:\/\/ladepeche.mr\/index.php?rest_route=\/wp\/v2\/posts"}],"about":[{"href":"https:\/\/ladepeche.mr\/index.php?rest_route=\/wp\/v2\/types\/post"}],"author":[{"embeddable":true,"href":"https:\/\/ladepeche.mr\/index.php?rest_route=\/wp\/v2\/users\/2"}],"replies":[{"embeddable":true,"href":"https:\/\/ladepeche.mr\/index.php?rest_route=%2Fwp%2Fv2%2Fcomments&post=20174"}],"version-history":[{"count":1,"href":"https:\/\/ladepeche.mr\/index.php?rest_route=\/wp\/v2\/posts\/20174\/revisions"}],"predecessor-version":[{"id":20175,"href":"https:\/\/ladepeche.mr\/index.php?rest_route=\/wp\/v2\/posts\/20174\/revisions\/20175"}],"wp:featuredmedia":[{"embeddable":true,"href":"https:\/\/ladepeche.mr\/index.php?rest_route=\/wp\/v2\/media\/18450"}],"wp:attachment":[{"href":"https:\/\/ladepeche.mr\/index.php?rest_route=%2Fwp%2Fv2%2Fmedia&parent=20174"}],"wp:term":[{"taxonomy":"category","embeddable":true,"href":"https:\/\/ladepeche.mr\/index.php?rest_route=%2Fwp%2Fv2%2Fcategories&post=20174"},{"taxonomy":"post_tag","embeddable":true,"href":"https:\/\/ladepeche.mr\/index.php?rest_route=%2Fwp%2Fv2%2Ftags&post=20174"}],"curies":[{"name":"wp","href":"https:\/\/api.w.org\/{rel}","templated":true}]}}