{"id":20180,"date":"2026-01-23T10:09:28","date_gmt":"2026-01-23T10:09:28","guid":{"rendered":"https:\/\/ladepeche.mr\/?p=20180"},"modified":"2026-01-23T10:09:48","modified_gmt":"2026-01-23T10:09:48","slug":"le-premier-ministre-presente-a-lassemblee-nationale-le-bilan-de-laction-gouvernementale-en-2025-et-les-perspectives-pour-2026","status":"publish","type":"post","link":"https:\/\/ladepeche.mr\/?p=20180","title":{"rendered":"Le Premier ministre pr\u00e9sente \u00e0 l\u2019Assembl\u00e9e nationale le bilan de l\u2019action gouvernementale en 2025 et les perspectives pour 2026"},"content":{"rendered":"<p>Le Premier ministre, M. El Moctar Ould Djay, a pr\u00e9sent\u00e9, lors d\u2019une s\u00e9ance publique de l\u2019Assembl\u00e9e nationale pr\u00e9sid\u00e9e par M. Mohamed Bemba Meguett, pr\u00e9sident de l\u2019Assembl\u00e9e, le bilan de l\u2019action gouvernementale pour l\u2019ann\u00e9e \u00e9coul\u00e9e 2025 et ses perspectives pour l\u2019ann\u00e9e en cours 2026.<\/p>\n<p>Le Premier ministre a expliqu\u00e9 que le bilan exceptionnel pr\u00e9sent\u00e9 pour l\u2019ann\u00e9e \u00e9coul\u00e9e et les perspectives de travail prometteuses pour l\u2019ann\u00e9e en cours incarnent la vision clairvoyante de Son Excellence le Pr\u00e9sident de la R\u00e9publique, M. Mohamed Ould Cheikh El Ghazouani, et traduisent la sinc\u00e9rit\u00e9 de sa d\u00e9termination et la force de sa volont\u00e9 \u00e0 r\u00e9aliser ses programmes \u201cTaahoudaty\u201d et \u201cMon ambition pour la patrie\u201d, qui visent \u00e0 changer la r\u00e9alit\u00e9 du pays et \u00e0 le faire progresser vers de plus vastes horizons de fraternit\u00e9, de s\u00e9curit\u00e9, de d\u00e9veloppement et de justice.<\/p>\n<p>Il a pass\u00e9 en revue, lors de la session \u00e0 laquelle ont assist\u00e9 les membres du gouvernement, les axes fondamentaux sur lesquels repose l\u2019action gouvernementale, \u00e0 savoir la construction d\u2019un \u00c9tat de droit et d\u2019institutions fortes dot\u00e9es d\u2019une gouvernance moderne et rationnelle, la cr\u00e9ation d\u2019une \u00e9conomie performante, r\u00e9siliente et \u00e9cologiquement durable, le d\u00e9veloppement d\u2019un capital humain bien form\u00e9 et qualifi\u00e9 avec une place particuli\u00e8re pour la jeunesse, la cr\u00e9ation des conditions d\u2019une unit\u00e9 nationale forte et d\u2019une int\u00e9gration sociale compl\u00e8te, et la garantie de la s\u00e9curit\u00e9 et de la stabilit\u00e9 de notre pays, ainsi que le renforcement de sa pr\u00e9sence et de son r\u00f4le aux niveaux r\u00e9gional et international.<\/p>\n<p>Voici le texte du rapport pr\u00e9sent\u00e9 par Son Excellence le Premier ministre devant les honorables d\u00e9put\u00e9s:<\/p>\n<p>\u201cMonsieur le Pr\u00e9sident,<\/p>\n<p>Mesdames et Messieurs les d\u00e9put\u00e9s,<\/p>\n<p>&nbsp;<\/p>\n<p>Le programme que le gouvernement envisage de mettre en \u0153uvre au cours de l\u2019ann\u00e9e 2026 constitue un nouveau maillon de la cha\u00eene de r\u00e9alisations de la vision de Son Excellence, le Pr\u00e9sident de la R\u00e9publique, Mohamed Ould Cheikh El Ghazouani, telle qu\u2019exprim\u00e9e dans \u00ab\u202fMon ambition pour la Patrie \u00bb.<\/p>\n<p>Nous pr\u00e9senterons ce programme, avec l\u2019ensemble des activit\u00e9s et des chantiers qu\u2019il comporte, selon une m\u00e9thodologie permettant \u00e0 votre auguste Assembl\u00e9e, ainsi qu\u2019au citoyen mauritanien o\u00f9 qu\u2019il se trouve, de suivre la mise en \u0153uvre des engagements pris, d\u2019\u00e9valuer la performance du gouvernement et de le tenir responsable sur des bases claires \u00e0 l\u2019expiration des d\u00e9lais fix\u00e9s.<\/p>\n<p>Nous avons choisi de maintenir cette approche, adopt\u00e9e l\u2019ann\u00e9e derni\u00e8re, afin de faciliter votre mission de suivi et d\u2019\u00e9valuation, et d\u2019\u00e9liminer toute marge de rel\u00e2chement ou de manquement devant l\u2019ensemble des acteurs responsables de la mise en \u0153uvre de ce programme.<\/p>\n<p>Comme je l\u2019ai d\u00e9j\u00e0 indiqu\u00e9, le fil conducteur et la boussole qui orientent l\u2019action gouvernementale en 2026 sont les cinq axes qui constituent les piliers de la vision de Son Excellence, le Pr\u00e9sident de la R\u00e9publique Mohamed Ould Cheikh El Ghazouani, et selon lesquels nous avons d\u00e9taill\u00e9 la pr\u00e9sentation du bilan.<\/p>\n<p>Monsieur le Pr\u00e9sident,<\/p>\n<p>Mesdames et Messieurs les d\u00e9put\u00e9s,<\/p>\n<p>S\u2019agissant du premier axe relatif \u00e0 la construction d\u2019un \u00c9tat de droit et d\u2019institutions solides dot\u00e9es d\u2019une gouvernance moderne et bien avis\u00e9e, l\u2019action gouvernementale \u2014 sur la base des progr\u00e8s notables r\u00e9alis\u00e9s dans ce domaine au cours des six derni\u00e8res ann\u00e9es \u2014 portera \u00e9galement, au cours de l\u2019ann\u00e9e en cours, sur la consolidation de notre syst\u00e8me d\u00e9mocratique, l\u2019enracinement de la culture d\u2019ouverture et de dialogue instaur\u00e9e par Son Excellence le Pr\u00e9sident de la R\u00e9publique, l\u2019ancrage de la justice, de l\u2019\u00c9tat de droit et des droits de l\u2019Homme, ainsi que l\u2019acc\u00e9l\u00e9ration de la r\u00e9forme de l\u2019administration et de la lutte contre la corruption, en vue de renforcer la confiance des citoyens, tant entre eux qu\u2019\u00e0 l\u2019\u00e9gard de leur \u00c9tat.<\/p>\n<p>Dans ce cadre, le gouvernement poursuivra l\u2019accompagnement et la facilitation de toutes les mesures pr\u00e9paratoires au dialogue national annonc\u00e9 par Son Excellence. Il mettra l\u2019ensemble de ses moyens techniques, humains et logistiques \u00e0 la disposition des parties prenantes et de l\u2019instance charg\u00e9e de son organisation.<\/p>\n<p>Le gouvernement poursuivra son ouverture \u00e0 l\u2019ensemble des acteurs politiques, tant de la majorit\u00e9 que de l\u2019opposition, \u00e0 travers l\u2019\u00e9coute, l\u2019implication et la garantie de l\u2019acc\u00e8s \u00e0 l\u2019information et aux m\u00e9dias. Il veillera particuli\u00e8rement \u00e0 la r\u00e9gularit\u00e9 des rencontres avec l\u2019Institution de l\u2019opposition, conform\u00e9ment \u00e0 la loi, et apportera son appui \u00e0 tout ce qui peut contribuer \u00e0 la pr\u00e9servation et au renforcement de ce climat d\u2019apaisement, de s\u00e9r\u00e9nit\u00e9 et de concorde.<\/p>\n<p>Le gouvernement \u0153uvrera \u00e9galement au d\u00e9veloppement du syst\u00e8me judiciaire et \u00e0 la cons\u00e9cration de l\u2019\u00c9tat de droit, \u00e0 travers la poursuite de la mise en \u0153uvre du document national de r\u00e9forme et de modernisation de la justice. Il s\u2019agira de consolider l\u2019ind\u00e9pendance du pouvoir judiciaire par l\u2019actualisation et l\u2019am\u00e9lioration des textes l\u00e9gislatifs, d\u2019acc\u00e9l\u00e9rer les proc\u00e9dures judiciaires, de renforcer les capacit\u00e9s et de permettre aux organes de contr\u00f4le et d\u2019inspection judiciaire d\u2019accomplir pleinement leurs missions.<\/p>\n<p>Cela viendra s\u2019ajouter aux efforts d\u00e9ploy\u00e9s pour renforcer les comp\u00e9tences et les qualifications des magistrats et des auxiliaires de justice, am\u00e9liorer leurs conditions de travail, ainsi que pour perfectionner le service public judiciaire et l\u2019efficacit\u00e9 de ses r\u00e9sultats dans leur ensemble.<\/p>\n<p>Dans ce contexte, le gouvernement concentrera ses efforts sur le d\u00e9veloppement et l\u2019\u00e9largissement de l\u2019usage des technologies modernes dans la gestion judiciaire, afin d\u2019accro\u00eetre l\u2019efficacit\u00e9 et la transparence et d\u2019acc\u00e9l\u00e9rer les proc\u00e9dures.<\/p>\n<p>En particulier, au cours de l\u2019ann\u00e9e 2026, il sera proc\u00e9d\u00e9 au recrutement de 40 magistrats et de 60 greffiers, ainsi qu\u2019\u00e0 la mise en place, pour la premi\u00e8re fois dans les tribunaux, d\u2019un service de traduction dans les langues nationales, \u00e0 travers le recrutement de 32 traducteurs agr\u00e9\u00e9s, en tant que premi\u00e8re promotion, afin d\u2019assurer l\u2019\u00e9quit\u00e9 et l\u2019autonomisation de l\u2019ensemble des justiciables.<\/p>\n<p>Dans le cadre du d\u00e9veloppement des comp\u00e9tences cognitives des magistrats et des auxiliaires de justice, et du renforcement de la sp\u00e9cialisation judiciaire, les travaux se poursuivront en vue de finaliser les proc\u00e9dures de cr\u00e9ation de l\u2019Institut sup\u00e9rieur de formation des magistrats et des professions judiciaires, \u00e0 travers la nomination de sa direction g\u00e9n\u00e9rale, l\u2019am\u00e9nagement d\u2019un si\u00e8ge provisoire et le recrutement de ses cadres administratifs et p\u00e9dagogiques.<\/p>\n<p>Parall\u00e8lement, un vaste programme de formation continue et d\u2019\u00e9changes d\u2019exp\u00e9riences entre les \u00e9quipes judiciaires sera mis en \u0153uvre.<\/p>\n<p>Le d\u00e9veloppement de notre syst\u00e8me judiciaire contribuera \u00e0 la r\u00e9alisation de l\u2019un des objectifs majeurs de l\u2019action gouvernementale dans ce domaine, \u00e0 savoir la protection et la promotion des droits de l\u2019homme. Dans sa qu\u00eate de cet objectif, le gouvernement, avec l\u2019aide et la gr\u00e2ce d\u2019Allah, poursuivra la mise en \u0153uvre de la Strat\u00e9gie nationale de promotion et de protection des droits de l\u2019homme 2024\u20132028, en mettant l\u2019accent sur la garantie de l\u2019\u00e9galit\u00e9 des citoyens en droits et en devoirs, sous l\u2019empire de la loi.<\/p>\n<p>Dans ce contexte, le gouvernement poursuivra, comme il l\u2019a fait au cours des ann\u00e9es pass\u00e9es, l\u2019organisation de vastes campagnes de sensibilisation sur les th\u00e8mes li\u00e9s aux principes des droits de l\u2019homme et au renforcement de la coh\u00e9sion sociale, en impliquant l\u2019ensemble des acteurs. Il continuera \u00e9galement \u00e0 honorer les engagements internationaux de notre pays en mati\u00e8re de droits de l\u2019homme et \u00e0 fournir une assistance juridique et judiciaire \u00e0 ceux qui en ont besoin.<\/p>\n<p>Il sera proc\u00e9d\u00e9, en particulier, \u00e0 une pr\u00e9paration rigoureuse pour le passage au m\u00e9canisme de l\u2019Examen p\u00e9riodique universel dans son quatri\u00e8me cycle, ainsi qu\u2019\u00e0 la poursuite des campagnes de sensibilisation et d\u2019information, et \u00e0 l\u2019int\u00e9gration de l\u2019approche fond\u00e9e sur les droits de l\u2019homme comme composante essentielle des politiques publiques.<\/p>\n<p>L\u2019action se poursuivra et se renforcera pour prot\u00e9ger les cat\u00e9gories vuln\u00e9rables, lutter avec rigueur contre toutes les formes d\u2019esclavage et de traite des \u00eatres humains, \u0153uvrer \u00e0 la sauvegarde et \u00e0 la cons\u00e9cration des libert\u00e9s publiques, et combattre toutes les formes de discrimination, tout en veillant \u00e0 accorder une attention particuli\u00e8re aux personnes en situation de fragilit\u00e9 et \u00e0 celles ayant des besoins sp\u00e9cifiques.<\/p>\n<p>Le gouvernement accompagnera et renforcera toutes les instances et organisations actives dans le domaine de la sauvegarde et de la protection des droits de l\u2019homme, au premier rang desquelles la Commission nationale des droits de l\u2019homme, le M\u00e9canisme national de pr\u00e9vention de la torture, l\u2019Observatoire national des droits de la femme et de la fille, le M\u00e9canisme national de lutte contre la traite des \u00eatres humains, ainsi que l\u2019ensemble des organisations de la soci\u00e9t\u00e9 civile \u0153uvrant dans ce domaine, afin qu\u2019elles puissent accomplir pleinement leur mission.<\/p>\n<p>Un autre chantier de consolidation de la bonne gouvernance se poursuivra et se renforcera. Il s\u2019agit de l\u2019acc\u00e9l\u00e9ration de la mise en \u0153uvre de la r\u00e9forme administrative globale, qui constitue l\u2019un des principaux fondements de notre politique g\u00e9n\u00e9rale, la condition la plus d\u00e9terminante de son succ\u00e8s et la garantie de la p\u00e9rennit\u00e9 de ses effets. Cette r\u00e9forme vise \u00e0 b\u00e2tir une administration professionnelle, efficace, performante et int\u00e8gre.<\/p>\n<p>Pour atteindre cet objectif, l\u2019action se poursuivra, de mani\u00e8re g\u00e9n\u00e9rale, dans les m\u00eames directions que celles d\u00e9finies par la d\u00e9claration de politique g\u00e9n\u00e9rale du gouvernement dans ce domaine. Il s\u2019agira d\u2019am\u00e9liorer le niveau et l\u2019efficacit\u00e9 des ressources humaines de l\u2019administration publique, en veillant \u00e0 la comp\u00e9tence, \u00e0 l\u2019exp\u00e9rience et au savoir-faire de ses personnels, tout en l\u2019enrichissant de nouvelles recrues. Par ailleurs, l\u2019effort portera sur l\u2019\u00e9largissement de la num\u00e9risation des services administratifs, la mise en place de m\u00e9canismes appropri\u00e9s de suivi et d\u2019\u00e9valuation, ainsi que sur l\u2019implication des citoyens dans le contr\u00f4le et l\u2019\u00e9valuation de la performance administrative, en appui et en consolidation des efforts d\u00e9j\u00e0 entrepris lors de la phase pr\u00e9c\u00e9dente.<\/p>\n<p>Et parmi les principales activit\u00e9s programm\u00e9es dans ce cadre on peut citer :<\/p>\n<p>\u2013 L\u2019adoption et la mise en application du nouveau d\u00e9cret fixant les m\u00e9canismes de nomination aux fonctions d\u2019encadrement de l\u2019\u00c9tat, sur la base de crit\u00e8res garantissant la transparence et permettant de s\u00e9lectionner les profils les plus comp\u00e9tents, exp\u00e9riment\u00e9s et qualifi\u00e9s.<\/p>\n<p>\u2013 La pr\u00e9paration et l\u2019adoption de nouveaux textes d\u2019application de la loi r\u00e9gissant les \u00e9tablissements et entreprises publics, ainsi que la mise en \u0153uvre de ses dispositions, afin de renforcer la transparence, l\u2019efficacit\u00e9 et la modernisation dans la gestion des organismes publics.<\/p>\n<p>\u2013 L\u2019ach\u00e8vement des proc\u00e9dures de recrutement de 3\u202f000 fonctionnaires, conform\u00e9ment \u00e0 l\u2019engagement pris par Son Excellence dans son discours \u00e0 l\u2019occasion du soixante-cinqui\u00e8me anniversaire de l\u2019ind\u00e9pendance nationale, se fera \u00e0 travers des m\u00e9canismes garantissant la transparence, l\u2019\u00e9galit\u00e9 et le respect des r\u00e8gles et proc\u00e9dures en vigueur. En application de cette d\u00e9cision, il a \u00e9t\u00e9 arr\u00eat\u00e9 le recrutement de\u202f: 40 magistrats, 60 greffiers, 60 juristes, 120 professeurs d\u2019universit\u00e9, 1190 m\u00e9decins, pharmaciens, infirmiers et sage-femmes, 245 ing\u00e9nieurs et techniciens sup\u00e9rieurs dans diverses sp\u00e9cialit\u00e9s, 190 sp\u00e9cialistes dans les domaines financiers, \u00e9conomiques et statistiques, 270 officiers, contr\u00f4leurs et agents des douanes, 160 inspecteurs et contr\u00f4leurs de la police de l\u2019environnement et des gardes forestiers, 50 v\u00e9t\u00e9rinaires et techniciens en sant\u00e9 et production animale, 30 animateurs de jeunesse et de sport, 18 contr\u00f4leurs des prix, 170 formateurs de l\u2019enseignement pr\u00e9scolaire et des \u00e9coles de promotion sociale pour les personnes handicap\u00e9es, 20 r\u00e9dacteurs d\u2019administration, 10 sp\u00e9cialistes du protocole, ainsi que plus de 300 contractuels (secr\u00e9taires, chauffeurs, gardiens, etc.).<\/p>\n<p>\u2013 L\u2019\u00e9largissement et l\u2019acc\u00e9l\u00e9ration de la num\u00e9risation des principaux services et prestations offerts par l\u2019administration publique. En plus des 12 applications d\u00e9j\u00e0 op\u00e9rationnelles sur la plateforme Khidmati, sept nouveaux services seront disponibles sur cette plateforme dans les prochains mois. Il s\u2019agit de\u202f:<\/p>\n<p>1. L\u2019obtention des permis de construire<\/p>\n<p>2. La souscription d\u2019assurance des v\u00e9hicules<\/p>\n<p>3. L\u2019abonnement au service de l\u2019eau<\/p>\n<p>4. L\u2019acc\u00e8s aux services d\u2019assurance aupr\u00e8s de la Caisse nationale de solidarit\u00e9 en sant\u00e9<\/p>\n<p>5. L\u2019application \u201cLaagoud\u201d (authentification et transactions immobili\u00e8res)<\/p>\n<p>6. La participation aux concours nationaux<\/p>\n<p>7. L\u2019application \u201cKitab\u201d (pour le suivi des correspondances administratives)<\/p>\n<p>\u2013 L\u2019ach\u00e8vement de la mise en place des organes de l\u2019Autorit\u00e9 nationale de lutte contre la corruption.<\/p>\n<p>\u2013 L\u2019adoption de l\u2019ensemble des textes d\u2019application de la loi relative \u00e0 la d\u00e9claration de patrimoine et aux conflits d\u2019int\u00e9r\u00eats, ainsi que de la loi modifi\u00e9e sur la lutte contre la corruption.<\/p>\n<p>\u2013 La prise de toutes les mesures n\u00e9cessaires pour faciliter les missions des organes de contr\u00f4le, les accompagner dans l\u2019ex\u00e9cution de leurs programmes d\u2019inspection, et appliquer avec rigueur l\u2019ensemble des recommandations qu\u2019ils formuleront \u00e0 l\u2019issue de chaque mission.<\/p>\n<p>\u2013 L\u2019accompagnement des organes d\u2019inspection dans la mise en \u0153uvre de vastes programmes destin\u00e9s \u00e0 am\u00e9liorer les comp\u00e9tences de leurs \u00e9quipes, ainsi que dans l\u2019\u00e9laboration de m\u00e9canismes et de syst\u00e8mes de travail garantissant l\u2019efficacit\u00e9 et la pr\u00e9cision de leurs rapports, conform\u00e9ment aux normes \u00e9tablies.<\/p>\n<p>\u2013 L\u2019adoption d\u2019un nouveau Code de la commande publique, destin\u00e9 \u00e0 compl\u00e9ter et \u00e0 corriger certaines insuffisances constat\u00e9es dans le dispositif juridique actuel des march\u00e9s publics.<\/p>\n<p>\u2013 La g\u00e9n\u00e9ralisation de l\u2019usage du nouveau syst\u00e8me de num\u00e9risation des proc\u00e9dures des march\u00e9s publics.<\/p>\n<p>\u2013 La r\u00e9vision du d\u00e9cret r\u00e9gissant la classification des entreprises et soci\u00e9t\u00e9s, un an apr\u00e8s son application, afin de corriger toutes les insuffisances constat\u00e9es et d\u2019\u00e9largir son champ d\u2019application pour inclure les bureaux d\u2019\u00e9tudes et de suivi.<\/p>\n<p>Le gouvernement poursuivra son approche participative dans la conception, la pr\u00e9paration, le suivi de la mise en \u0153uvre et l\u2019\u00e9valuation des projets de d\u00e9veloppement, \u00e0 travers l\u2019\u00e9largissement et l\u2019approfondissement de la d\u00e9centralisation, en accordant davantage de comp\u00e9tences et de ressources aux conseils r\u00e9gionaux et municipaux, et en adoptant la planification locale participative comme principe de base dans l\u2019\u00e9laboration des programmes de d\u00e9veloppement et des plans sectoriels gouvernementaux. L\u2019ann\u00e9e 2026 verra une augmentation des ressources du Fonds de d\u00e9veloppement local ainsi que des budgets des conseils r\u00e9gionaux.<\/p>\n<p>Monsieur le Pr\u00e9sident,<\/p>\n<p>Mesdames et Messieurs les d\u00e9put\u00e9s,<\/p>\n<p>S\u2019agissant du deuxi\u00e8me axe relatif \u00e0 la construction d\u2019une \u00e9conomie forte et r\u00e9siliente, dot\u00e9e d\u2019une performance durable sur le plan environnemental, l\u2019objectif strat\u00e9gique fix\u00e9 par le gouvernement dans la d\u00e9claration de sa politique g\u00e9n\u00e9rale est de permettre une transformation structurelle de l\u2019\u00e9conomie, conduisant \u00e0 des taux de croissance robustes et durables. L\u2019accumulation de ces r\u00e9sultats doit permettre de g\u00e9n\u00e9rer l\u2019activit\u00e9 et la richesse n\u00e9cessaires pour offrir un nombre suffisant d\u2019opportunit\u00e9s afin d\u2019absorber la demande croissante en mati\u00e8re d\u2019emplois, tout en assurant les ressources financi\u00e8res indispensables au financement des d\u00e9penses publiques dans les secteurs et programmes sociaux, ainsi qu\u2019au financement des investissements dans les domaines prioritaires des infrastructures.<\/p>\n<p>Afin d\u2019atteindre cet objectif, le gouvernement redoublera d\u2019efforts pour garantir le maintien de la croissance de notre \u00e9conomie sur sa trajectoire ascendante, port\u00e9e par les r\u00e9formes structurelles adopt\u00e9es pour lib\u00e9raliser l\u2019\u00e9conomie et encourager l\u2019investissement, par la dynamique des secteurs productifs prioritaires. Il poursuivra, par ailleurs, l\u2019action engag\u00e9e pour r\u00e9sorber les d\u00e9ficits d\u2019infrastructures indispensables \u00e0 la croissance, tout en veillant \u00e0 la pr\u00e9servation d\u2019un environnement propice \u00e0 la durabilit\u00e9 de l\u2019activit\u00e9 \u00e9conomique, gr\u00e2ce au maintien de la durabilit\u00e9 du cadre macro\u00e9conomique et des grands \u00e9quilibres financiers.<\/p>\n<p>S\u2019agissant de la pr\u00e9servation de la durabilit\u00e9 du cadre macro\u00e9conomique et des grands \u00e9quilibres financiers, un cadre des d\u00e9penses publiques \u00e0 moyen terme (2026-2028) ainsi que la loi de finances pour l\u2019ann\u00e9e 2026 \u2014 adopt\u00e9e par votre auguste Assembl\u00e9e il y a quelques semaines \u2014 ont \u00e9t\u00e9 con\u00e7us et \u00e9labor\u00e9s sur des bases rigoureuses, r\u00e9pondant aux objectifs fix\u00e9s.<\/p>\n<p>Dans ce cadre, nous avons \u00e9labor\u00e9 des plans d\u2019action ambitieux dont la mise en \u0153uvre devrait permettre une croissance de notre \u00e9conomie nationale \u00e0 un rythme avoisinant 5,6 % sur la p\u00e9riode 2026-2027 ; Une augmentation des ressources et des d\u00e9penses du budget 2026 de plus de 10 % . Cela permettra, entre autres, d\u2019augmenter le budget d\u2019investissement de plus de 15,6\u202f%, de financer les revalorisations salariales accord\u00e9es aux enseignants, aux personnels des forces arm\u00e9es et des forces de s\u00e9curit\u00e9, ainsi que les r\u00e9mun\u00e9rations des 3\u202f000 agents dont le recrutement a \u00e9t\u00e9 d\u00e9cid\u00e9 au titre de la pr\u00e9sente ann\u00e9e.<\/p>\n<p>La r\u00e8gle retenue, conform\u00e9ment aux orientations de Son Excellence le Pr\u00e9sident de la R\u00e9publique, est que toute marge budg\u00e9taire nouvelle d\u00e9gag\u00e9e \u2014 qu\u2019elle r\u00e9sulte d\u2019un accroissement des recettes fiscales, d\u2019\u00e9conomies r\u00e9alis\u00e9es sur les d\u00e9penses ou de la r\u00e9cup\u00e9ration de fonds d\u00e9tourn\u00e9s \u2014 doit \u00eatre affect\u00e9e imm\u00e9diatement \u00e0 l\u2019un des usages suivants\u202f: une revalorisation salariale, des recrutements au profit des jeunes, un appui aux couches les plus vuln\u00e9rables, ou un investissement dans les infrastructures publiques.<\/p>\n<p>Ce programme permettra aussi une progression de la dotation d\u2019investissement de plus de 15,6 % ; le maintien du taux d\u2019inflation autour de 2 % ; une r\u00e9duction du d\u00e9ficit du compte courant \u00e0 moins de 6 % ; le maintien du d\u00e9ficit budg\u00e9taire \u00e0 environ 0,7 % ; et la poursuite de la tendance baissi\u00e8re du ratio de la dette publique par rapport au PIB, pour s\u2019\u00e9tablir en 2026 \u00e0 43,3 %.<\/p>\n<p>En mati\u00e8re d\u2019approfondissement des r\u00e9formes structurelles, l\u2019action gouvernementale continuera \u00e0 \u0153uvrer pour acc\u00e9l\u00e9rer et faciliter la mise en \u0153uvre des r\u00e9formes r\u00e9cemment adopt\u00e9es, au premier rang desquelles figurent le nouveau Code des investissements, la loi modifiant le cadre des partenariats public-priv\u00e9, ainsi que la loi sur l\u2019industrie. Il sera \u00e9galement proc\u00e9d\u00e9 \u00e0 l\u2019\u00e9laboration d\u2019un nouveau Code de la commande publique et les travaux se poursuivront en mati\u00e8re de r\u00e9forme fonci\u00e8re, de m\u00eame que sur l\u2019op\u00e9rationnalisation du cadre r\u00e9glementaire r\u00e9gissant cet important secteur.<\/p>\n<p>Un nouveau Code minier sera \u00e9labor\u00e9, et la r\u00e9forme profonde et ambitieuse du march\u00e9 des changes sera poursuivie, ainsi que l\u2019accompagnement de la mise en place de l\u2019Autorit\u00e9 de r\u00e9gulation des march\u00e9s financiers et la digitalisation du guichet unique.<\/p>\n<p>Le gouvernement poursuivra \u00e9galement ses efforts pour accompagner et renforcer les capacit\u00e9s du secteur de l\u2019environnement et du d\u00e9veloppement durable, afin qu\u2019il puisse pleinement assumer le r\u00f4le qui lui est d\u00e9volu.<\/p>\n<p>En mati\u00e8re de renforcement et de d\u00e9veloppement des infrastructures favorisant la croissance, le gouvernement poursuivra, en 2026, la mise en \u0153uvre du programme ambitieux qu\u2019il a \u00e9labor\u00e9, couvrant les infrastructures routi\u00e8res, portuaires, de t\u00e9l\u00e9communications, d\u2019\u00e9lectricit\u00e9 et d\u2019eau.<\/p>\n<p>Les projets composant ce programme peuvent \u00eatre r\u00e9partis comme suit:<\/p>\n<p>\u2013 Ceux dont les travaux seront achev\u00e9s avant la fin de l\u2019ann\u00e9e;<\/p>\n<p>\u2013 Ceux dont la r\u00e9alisation se poursuivra et sera acc\u00e9l\u00e9r\u00e9e;<\/p>\n<p>\u2013 Ceux dont les travaux d\u00e9marreront au cours de l\u2019ann\u00e9e en cours;<\/p>\n<p>\u2013 Enfin, ceux dont les \u00e9tudes seront finalis\u00e9es et pour lesquels d\u00e9butera la mobilisation des ressources n\u00e9cessaires \u00e0 leur ex\u00e9cution durant l\u2019ann\u00e9e.<\/p>\n<p>Ces projets sont pr\u00e9sent\u00e9s comme suit:<\/p>\n<p>Premi\u00e8rement : dans le domaine des infrastructures routi\u00e8res:<\/p>\n<p>L\u2019action gouvernementale en 2026 sera ax\u00e9e sur l\u2019ach\u00e8vement, le lancement, l\u2019\u00e9tude ou le financement de pr\u00e8s de 2\u202f000 kilom\u00e8tres de routes interurbaines et urbaines. Il s\u2019agit notamment de\u202f:<\/p>\n<p>a) Les projets dont la r\u00e9ception est pr\u00e9vue avant la fin de l\u2019ann\u00e9e 2026 sont:<\/p>\n<p>\u2022 Les deux tron\u00e7ons de la route N\u00e9ma \u2013 N\u2019Beiket Lahwach;<\/p>\n<p>\u2022 Le premier tron\u00e7on de la route Amourj \u2013 Adel Bagrou.<\/p>\n<p>\u2022 La route contournant la ville de Nouakchott et le r\u00e9seau de voirie urbaine dans le cadre du Programme de d\u00e9veloppement de la ville de Nouakchott ;<\/p>\n<p>\u2022 Le r\u00e9seau de voirie urbaine de la ville de Nouadhibou;<\/p>\n<p>\u2022 La premi\u00e8re phase du volet d\u00e9senclavement du programme r\u00e9gional pour la g\u00e9n\u00e9ralisation de l\u2019acc\u00e8s aux services essentiels pour le d\u00e9veloppement local.<\/p>\n<p>b) Les projets routiers dont les travaux progresseront et s\u2019acc\u00e9l\u00e9reront en 2026:<\/p>\n<p>\u2022 La route Tidjikdja \u2013 S\u00e9libaby;<\/p>\n<p>\u2022 La route Atar \u2013 Chinguetti;<\/p>\n<p>\u2022 Les routes Sawatta \u2013 Mounguel et Sawatta \u2013 Bark\u00e9wol.<\/p>\n<p>c) Les projets routiers dont les \u00e9tudes techniques sont achev\u00e9es et pour lesquels les ressources n\u00e9cessaires au financement ont \u00e9t\u00e9 mobilis\u00e9es, et dont le gouvernement pr\u00e9voit le lancement des travaux en 2026 :<\/p>\n<p>\u2022 Le projet de construction de quatre nouveaux ponts dans la ville de Nouakchott, ainsi que 40 km de voirie urbaine et le pavage de plusieurs rues et places publiques, dans le cadre de la deuxi\u00e8me phase du Programme de d\u00e9veloppement de la ville de Nouakchott.<\/p>\n<p>\u2022 Le projet de construction de 70 km de voirie urbaine dans les capitales r\u00e9gionales et d\u00e9partementales, dans le cadre de la deuxi\u00e8me phase du Programme d\u2019acc\u00e8s aux services essentiels pour le d\u00e9veloppement local.<\/p>\n<p>\u2022 Le projet de construction de la route Tintane \u2013 Ain Varb\u00e9 \u2013 Touil;<\/p>\n<p>\u2022 Le projet de construction de la route R\u2019Kiz \u2013 El Bezoul;<\/p>\n<p>\u2022 Le projet de construction de la route Tembedgha \u2013 Bousteila \u2013 Adel Bagrou.<\/p>\n<p>\u2022 Le lancement des travaux de r\u00e9habilitation et de reconstruction des tron\u00e7ons les plus endommag\u00e9s de la route Akjoujt \u2013 Atar.<\/p>\n<p>\u2022 Le lancement d\u2019un programme d\u2019entretien des tron\u00e7ons les plus endommag\u00e9s de la route Rosso \u2013 Bogh\u00e9.<\/p>\n<p>\u2022 Le lancement des travaux de r\u00e9habilitation et de reconstruction des tron\u00e7ons les plus endommag\u00e9s de la route Nouakchott \u2013 Nouadhibou.<\/p>\n<p>\u2022 La mise en place d\u2019un r\u00e9seau destin\u00e9 \u00e0 d\u00e9senclaver certaines zones de production agricole.<\/p>\n<p>d) Les projets dont le gouvernement pr\u00e9voit d\u2019achever les \u00e9tudes en 2026 et\/ou d\u2019engager le processus de mobilisation des ressources n\u00e9cessaires \u00e0 leur financement :<\/p>\n<p>\u2022 La route Bark\u00e9wol \u2013 M\u2019Bout;<\/p>\n<p>\u2022 La route N\u00e9ma \u2013 Oualata;<\/p>\n<p>\u2022 La route R\u2019Kiz \u2013 Nebaghy\u00e9.<\/p>\n<p>\u2022 La route Touil \u2013 El Voulany\u00e9 \u2013 Medbougou \u2013 Kobenni;<\/p>\n<p>\u2022 La r\u00e9habilitation de la route Akjoujt \u2013 Atar;<\/p>\n<p>\u2022 La r\u00e9habilitation de la route Ka\u00e9di \u2013 S\u00e9libaby;<\/p>\n<p>\u2022 La deuxi\u00e8me phase du programme de d\u00e9senclavement des zones difficiles d\u2019acc\u00e8s sur l\u2019ensemble du territoire national.<\/p>\n<p>Deuxi\u00e8mement : dans le domaine des infrastructures portuaires:<\/p>\n<p>a) Les projets dont les travaux seront achev\u00e9s en 2026:<\/p>\n<p>\u2022 Le projet de r\u00e9habilitation du Port autonome de Nouadhibou.<\/p>\n<p>b) Les projets dont les travaux d\u00e9marreront en 2026:<\/p>\n<p>\u2022 Le projet de construction d\u2019un port en eaux profondes \u00e0 Nouadhibou;<\/p>\n<p>\u2022 Le projet de dragage et de r\u00e9habilitation du port de Tanit.<\/p>\n<p>c) Les projets dont les \u00e9tudes sont achev\u00e9es et pour lesquels d\u00e9butera la mobilisation des ressources financi\u00e8res n\u00e9cessaires \u00e0 leur r\u00e9alisation :<\/p>\n<p>\u2022 Le projet de r\u00e9habilitation et de dragage du Port de l\u2019Amiti\u00e9 \u00e0 Nouakchott;<\/p>\n<p>\u2022 Le projet de port sec \u00e0 Gogui Zemmal;<\/p>\n<p>\u2022 Le projet de construction de points de d\u00e9barquement pour la p\u00eache artisanale dans les zones centrales et m\u00e9ridionales.<\/p>\n<p>Troisi\u00e8mement : Dans le domaine des infrastructures du secteur des t\u00e9l\u00e9communications:<\/p>\n<p>a) Les projets dont l\u2019ach\u00e8vement est pr\u00e9vu avant la fin de l\u2019ann\u00e9e 2026 sont les suivants:<\/p>\n<p>\u2022 Ach\u00e8vement des travaux relatifs au raccordement du c\u00e2ble sous-marin ELALINK au point de connexion situ\u00e9 dans la ville de Nouadhibou, ce qui renforcera la fluidit\u00e9 des communications et l\u2019ouverture internationale du pays.<\/p>\n<p>\u2022 Introduction de la technologie de cinqui\u00e8me g\u00e9n\u00e9ration (5G) par la finalisation du processus d\u2019octroi des licences pour la cr\u00e9ation et l\u2019exploitation du r\u00e9seau, ainsi que par la r\u00e9alisation des investissements n\u00e9cessaires \u00e0 sa mise en service.<\/p>\n<p>\u2022 Cr\u00e9ation du cloud gouvernemental d\u00e9di\u00e9 \u00e0 l\u2019h\u00e9bergement des syst\u00e8mes d\u2019information de l\u2019\u00c9tat.<\/p>\n<p>\u2022 Renforcement du r\u00e9seau national pour la recherche scientifique (NREN) par l\u2019am\u00e9lioration de ses capacit\u00e9s et son interconnexion avec le r\u00e9seau r\u00e9gional WARCEN.<\/p>\n<p>b) Les projets dont le d\u00e9marrage est pr\u00e9vu en 2026:<\/p>\n<p>\u2022 Extension du r\u00e9seau national de fibre optique (backbone).<\/p>\n<p>\u2022 Acquisition d\u2019un syst\u00e8me de signature \u00e9lectronique et de l\u2019infrastructure \u00e0 cl\u00e9s publiques (PKI\/ICP).<\/p>\n<p>\u2022 Mise en place d\u2019un syst\u00e8me de paiement instantan\u00e9 (SPI).<\/p>\n<p>\u2022 Conception et mise en \u0153uvre d\u2019un syst\u00e8me d\u2019adressage g\u00e9ographique destin\u00e9 \u00e0 soutenir le d\u00e9veloppement du commerce \u00e9lectronique.<\/p>\n<p>Quatri\u00e8mement : Dans le domaine des infrastructures \u00e9nerg\u00e9tiques :<\/p>\n<p>Les efforts en 2026 seront concentr\u00e9s sur l\u2019am\u00e9lioration tangible de la qualit\u00e9 du service de l\u2019\u00e9lectricit\u00e9 \u00e0 Nouakchott, \u00e0 la faveur de la mise en service, pr\u00e9vue autour du mois de novembre, des deux centrales thermique et hybride, ainsi que de l\u2019ach\u00e8vement des travaux de r\u00e9habilitation du r\u00e9seau.<\/p>\n<p>L\u2019ann\u00e9e 2026 sera \u00e9galement marqu\u00e9e par l\u2019entr\u00e9e en service de la ligne Nouakchott\u2013Zou\u00e9rate, l\u2019\u00e9quipement de vingt quatre grandes villes en nouveaux groupes \u00e9lectrog\u00e8nes, ainsi que l\u2019\u00e9lectrification de plus de 400 villages suppl\u00e9mentaires.<\/p>\n<p>Plus en d\u00e9tail, il est pr\u00e9vu de:<\/p>\n<p>a) Les projets dont l\u2019ach\u00e8vement est pr\u00e9vu en 2026 sont les suivants :<\/p>\n<p>\u2022 Composante \u00e9lectricit\u00e9 du Programme de d\u00e9veloppement de la ville de Nouakchott.<\/p>\n<p>\u2022 Composante \u00e9lectricit\u00e9 du Programme de g\u00e9n\u00e9ralisation de l\u2019acc\u00e8s aux services de base pour le d\u00e9veloppement local.<\/p>\n<p>\u2022 Projet d\u2019extension de la centrale \u00e9lectrique hybride par l\u2019ajout de quatre g\u00e9n\u00e9rateurs, chacun d\u2019une capacit\u00e9 de 18 m\u00e9gawatts.<\/p>\n<p>\u2022 Projet de centrale hybride (solaire et \u00e9olienne) d\u2019une capacit\u00e9 de production de 60 m\u00e9gawatts, r\u00e9alis\u00e9 dans le cadre d\u2019un partenariat public-priv\u00e9.<\/p>\n<p>\u2022 R\u00e9habilitation de la centrale solaire \u00abCheikh Zayed\u00bb.<\/p>\n<p>\u2022 R\u00e9habilitation des groupes \u00e9lectrog\u00e8nes de la centrale de Nouadhibou.<\/p>\n<p>\u2022 R\u00e9habilitation des groupes \u00e9lectrog\u00e8nes de la centrale du Warf.<\/p>\n<p>\u2022 \u00c9lectrification de 400 villages dans le cadre du volet \u00ab\u00c9lectricit\u00e9\u00bb du programme d\u2019urgence pour l\u2019acc\u00e8s aux services essentiels pour le d\u00e9veloppement.<\/p>\n<p>\u2022 Acquisition et installation de 24 groupes \u00e9lectrog\u00e8nes \u2014 d\u2019une capacit\u00e9 unitaire comprise entre 500 et 1\u202f200 kVA \u2014 au profit de 24 villes.<\/p>\n<p>\u2022 Projet de raccordement de la boucle Ka\u00e9di\u2013S\u00e9libaby\u2013Ka\u00e9di au r\u00e9seau \u00e9lectrique national.<\/p>\n<p>\u2022 Projet d\u2019acc\u00e8s \u00e0 l\u2019\u00e9lectricit\u00e9 par le biais de batteries de stockage (BEST).<\/p>\n<p>\u2022 Ach\u00e8vement des travaux de la ligne \u00e9lectrique reliant Nouakchott \u00e0 Zouerate.<\/p>\n<p>\u2022 Ach\u00e8vement des travaux des d\u00e9p\u00f4ts de stockage d\u2019hydrocarbures d\u2019une capacit\u00e9 de 100 000 m\u00b3 \u00e0 Nouakchott.<\/p>\n<p>b) Les projets dont le d\u00e9marrage est pr\u00e9vu en 2026:<\/p>\n<p>\u2022 Projet de centrale \u00e9lectrique au gaz d\u2019une capacit\u00e9 de 230 m\u00e9gawatts.<\/p>\n<p>\u2022 Ligne \u00e9lectrique \u00ab Emel \u00bb reliant Nouakchott \u00e0 N\u00e9ma.<\/p>\n<p>\u2022 Centrale solaire dans la ville de Kiffa d\u2019une capacit\u00e9 de 50 m\u00e9gawatts.<\/p>\n<p>\u2022 Projet d\u2019hybridation des centrales \u00e9lectriques dans les villes de Tidjikdja, Moudj\u00e9ria, Tamchekett, Oualata, Boumdeid, El Gha\u00efr\u00e9, Nouamghar, Aoujeft, Chinguetti et Ouadane.<\/p>\n<p>\u2022 Composante \u00e9lectricit\u00e9 de la deuxi\u00e8me phase du Programme de d\u00e9veloppement de la ville de Nouakchott.<\/p>\n<p>\u2022 Projet d\u2019acquisition de batteries de stockage pour la centrale \u00e9olienne de 100 m\u00e9gawatts \u00e0 Boulenoir.<\/p>\n<p>c) Les projets dont les \u00e9tudes de faisabilit\u00e9 seront finalis\u00e9es en 2026 et\/ou dont le processus de mobilisation des ressources n\u00e9cessaires \u00e0 leur mise en \u0153uvre sera engag\u00e9 :<\/p>\n<p>\u2022 Projet de raccordement entre les deux lignes \u00e0 haute tension Choum\u2013Boulenoir.<\/p>\n<p>\u2022 Projet d\u2019interconnexion avec les r\u00e9seaux \u00e9lectriques des pays voisins.<\/p>\n<p>Cinqui\u00e8mement: Dans le domaine des infrastructures hydrauliques:<\/p>\n<p>De mani\u00e8re globale, l\u2019action gouvernementale en 2026 visera, Incha\u2019Allah, \u00e0 apporter une solution d\u00e9finitive au d\u00e9ficit d\u2019approvisionnement en eau potable \u00e0 Nouakchott, \u00e0 travers la mise en service du projet d\u2019Idini avant la fin du mois d\u2019ao\u00fbt.<\/p>\n<p>Par ailleurs, les efforts se concentreront sur l\u2019am\u00e9lioration de la disponibilit\u00e9 de l\u2019eau potable dans vingt quatre grandes villes, ainsi que sur l\u2019alimentation de plus de 300 villages et nouveaux centres de peuplement.<\/p>\n<p>Plus en d\u00e9tail, les principales activit\u00e9s programm\u00e9es s\u2019articulent autour des axes suivants:<\/p>\n<p>a) Les projets dont l\u2019ach\u00e8vement est pr\u00e9vu en 2026 sont les suivants:<\/p>\n<p>\u2022 Projet d\u2019augmentation de la production du champ d\u2019Idini de 60.000 m\u00b3 suppl\u00e9mentaires.<\/p>\n<p>\u2022 Projet de doublement de la production du champ de Dh\u2019h\u00e4r pour atteindre 20.000 m\u00b3.<\/p>\n<p>\u2022 Composante hydraulique du programme d\u2019urgence pour l\u2019acc\u00e8s aux services de base dans 11 wilayas.<\/p>\n<p>\u2022 Programme hydraulique pastoral comprenant le forage de 70 puits et la construction de 15 stations pastorales.<\/p>\n<p>\u2022 Composante assainissement du Programme de d\u00e9veloppement de la ville de Nouakchott.<\/p>\n<p>b) Les projets dont les travaux se poursuivront et s\u2019acc\u00e9l\u00e9reront en 2026:<\/p>\n<p>\u2022 Projet d\u2019acheminement de l\u2019eau depuis le fleuve jusqu\u2019\u00e0 la ville de Kiffa.<\/p>\n<p>\u2022 Projet d\u2019extension du syst\u00e8me Aftout Essahli pour porter sa capacit\u00e9 de production \u00e0 225 000 m\u00b3.<\/p>\n<p>\u2022 Projet d\u2019alimentation en eau de 165 villages situ\u00e9s dans les wilayas du Brakna, de l\u2019Assaba et du Tagant \u00e0 partir du fleuve.<\/p>\n<p>\u2022 Forage de dix (10) nouveaux puits de production dans le champ de Boulenouar, en vue de renforcer et de s\u00e9curiser le niveau actuel de la production.<\/p>\n<p>\u2022 Projet d\u2019assainissement dans la ville de Nouakchott (partie I).<\/p>\n<p>c) Les projets dont le d\u00e9marrage est pr\u00e9vu en 2026:<\/p>\n<p>\u2022 Projet de construction d\u2019un grand barrage \u00e0 Tarv El-Mehroud, dans la moughataa de Tintane.<\/p>\n<p>\u2022 Projet de construction d\u2019un grand barrage \u00e0 Karakoro, dans la moughataa de Ould Yeng\u00e9.<\/p>\n<p>\u2022 Composante hydraulique de la deuxi\u00e8me phase du Programme de d\u00e9veloppement de Nouakchott.<\/p>\n<p>\u2022 Composante hydraulique du Programme de d\u00e9veloppement de la ville de Nouadhibou.<\/p>\n<p>\u2022 Composante hydraulique de la deuxi\u00e8me phase du Programme d\u2019acc\u00e8s aux services de base pour le d\u00e9veloppement local.<\/p>\n<p>\u2022 Programme pilote de forage en profondeur (plus de 500 m\u00e8tres) visant \u00e0 contribuer \u00e0 la r\u00e9solution des probl\u00e8mes d\u2019approvisionnement en eau dans certaines villes confront\u00e9es \u00e0 un d\u00e9ficit hydrique : Kobeni, Tintane, Tidjikja, Moudj\u00e9ria, Atar et Hassi Loughar.<\/p>\n<p>d) Les projets dont les \u00e9tudes sont finalis\u00e9es et pour lesquels le processus de mobilisation des financements sera lanc\u00e9 en 2026 :<\/p>\n<p>\u2022 Centrale de dessalement d\u2019eau de mer \u00e0 Nouakchott, avec une capacit\u00e9 de production de 200 000 m\u00b3.<\/p>\n<p>\u2022 Centrale de dessalement d\u2019eau de mer \u00e0 Nouadhibou, avec une capacit\u00e9 de production de 50 000 m\u00b3.<\/p>\n<p>e) Les projets dont les \u00e9tudes seront finalis\u00e9es en 2026:<\/p>\n<p>\u2022 Projet d\u2019acheminement de l\u2019eau vers la ville de Tidjikdja \u00e0 partir du fleuve.<\/p>\n<p>\u2022 Projet Dh\u2019h\u00e2r \u2013 deuxi\u00e8me phase.<\/p>\n<p>\u2022 Projet Aftout Charghi \u2013 troisi\u00e8me phase.<\/p>\n<p>\u2022 Projet de r\u00e9alisation de deux nouveaux barrages dans les wilayas de l\u2019Adrar et du Tagant.<\/p>\n<p>Monsieur le Pr\u00e9sident,<\/p>\n<p>Mesdames et Messieurs les d\u00e9put\u00e9s,<\/p>\n<p>L\u2019un des objectifs majeurs de l\u2019accent mis par le gouvernement sur le d\u00e9veloppement des infrastructures est d\u2019acc\u00e9l\u00e9rer la croissance \u00e9conomique, afin de cr\u00e9er des emplois et de g\u00e9n\u00e9rer de la valeur ajout\u00e9e, en mettant en place les conditions favorables au d\u00e9veloppement de nos secteurs productifs tels que l\u2019agriculture, l\u2019\u00e9levage, la p\u00eache, les mines, l\u2019\u00e9nergie, l\u2019industrie et le tourisme.<\/p>\n<p>Dans ce cadre, le gouvernement \u0153uvrera, dans le domaine agricole, \u00e0 consolider et \u00e0 d\u00e9velopper les acquis r\u00e9alis\u00e9s l\u2019ann\u00e9e pass\u00e9e en mati\u00e8re de r\u00e9habilitation des axes hydrauliques, d\u2019am\u00e9nagement des terres agricoles, de construction de barrages, de fourniture d\u2019engrais et de semences am\u00e9lior\u00e9es, de lutte contre les fl\u00e9aux agricoles, ainsi que d\u2019acquisition de mat\u00e9riels agricoles, de cl\u00f4tures et de services de vulgarisation.<\/p>\n<p>L\u2019atteinte de la souverainet\u00e9 alimentaire et le lancement d\u2019une v\u00e9ritable r\u00e9volution agricole demeureront l\u2019objectif strat\u00e9gique fondamental de la politique gouvernementale \u00e0 moyen terme.<\/p>\n<p>Parmi les principaux objectifs quantitatifs fix\u00e9s \u00e0 l\u2019horizon 2029 figurent notamment:<\/p>\n<p>\u2013 La couverture int\u00e9grale des besoins nationaux en riz, ainsi que l\u2019ouverture de d\u00e9bouch\u00e9s ext\u00e9rieurs en vue de l\u2019exportation des exc\u00e9dents\u202f;<\/p>\n<p>\u2013 Le doublement du niveau actuel de couverture des besoins du pays en produits agricoles traditionnels, ainsi que des fruits et l\u00e9gumes, parall\u00e8lement au d\u00e9veloppement de fili\u00e8res sp\u00e9cifiques orient\u00e9es vers l\u2019exportation;<\/p>\n<p>\u2013 La mise en place d\u2019une industrie agroalimentaire nationale.<\/p>\n<p>Pour atteindre ces objectifs, l\u2019ann\u00e9e 2026 verra, le lancement de projets structurants destin\u00e9s \u00e0 d\u00e9velopper notre secteur agricole, tant irrigu\u00e9 que pluvial. \u00c0 cet effet, le Gouvernement entend :<\/p>\n<p>\u2022 Acc\u00e9l\u00e9rer et achever les travaux du projet de Regb\u00e9, visant \u00e0 approfondir et r\u00e9habiliter 26 km de canaux hydrauliques, ainsi qu\u2019\u00e0 am\u00e9nager et mettre en valeur 1 575 hectares de terres agricoles.<\/p>\n<p>\u2022 Achever les travaux de la composante agricole du programme d\u2019urgence pour l\u2019acc\u00e8s acc\u00e9l\u00e9r\u00e9 aux services de base pour le d\u00e9veloppement local dans les wilayas de l\u2019int\u00e9rieur, comprenant la construction de 38 barrages.<\/p>\n<p>\u2022 Acc\u00e9l\u00e9rer et finaliser l\u2019am\u00e9nagement de 200 hectares suppl\u00e9mentaires \u00e0 M\u2019pouri\u00e9, ainsi que la r\u00e9habilitation de certains axes d\u2019irrigation.<\/p>\n<p>\u2022 Achever les travaux du projet de creusage du canal de Sekkam dans la wilaya du Trarza et d\u00e9marrer son exploitation.<\/p>\n<p>\u2022 Lancer effectivement les activit\u00e9s du programme de d\u00e9veloppement visant l\u2019exploitation de Tamourt Ennaaj.<\/p>\n<p>\u2022 D\u00e9ployer la deuxi\u00e8me phase du programme d\u2019\u00e9lectrification des zones agricoles.<\/p>\n<p>\u2022 Engager une \u00e9tude exhaustive sur la qualit\u00e9, les caract\u00e9ristiques et les besoins des sols dans les zones d\u2019agriculture irrigu\u00e9e.<\/p>\n<p>\u2022 Finaliser les \u00e9tudes relatives \u00e0 l\u2019exploitation de la zone de Akkeyre et arr\u00eater la d\u00e9cision concernant son orientation d\u2019exploitation.<\/p>\n<p>\u2022 Finaliser l\u2019\u00e9tude relative au creusage d\u2019un nouveau canal d\u2019irrigation pour 50.000 hectares dans la zone de Dar El-Barka, wilaya du Brakna.<\/p>\n<p>\u2022 Finaliser les \u00e9tudes concernant le creusement d\u2019un nouveau canal d\u2019irrigation pour 30.000 hectares dans la moughataa de Lexe\u00efba, wilaya du Gorgol.<\/p>\n<p>\u2022 Cr\u00e9ation d\u2019un p\u00f4le scientifique et de recherche sp\u00e9cialis\u00e9 dans le domaine agricole au sein de l\u2019Institut sup\u00e9rieur des \u00e9tudes techniques de Rosso.<\/p>\n<p>\u2022 \u00c9valuation globale de la qualit\u00e9 et de l\u2019efficacit\u00e9 des am\u00e9nagements r\u00e9alis\u00e9s dans les zones d\u2019agriculture irrigu\u00e9e.<\/p>\n<p>\u2022 \u0152uvrer \u00e0 l\u2019implantation d\u2019une expertise reconnue pour combler les insuffisances \u00e0 tous les niveaux de la cha\u00eene de valeur, depuis la production de semences et l\u2019am\u00e9lioration de leurs vari\u00e9t\u00e9s, jusqu\u2019\u00e0 la pr\u00e9paration optimale des sols et l\u2019utilisation efficace des intrants agricoles (engrais et pesticides), en passant par l\u2019adoption de techniques d\u2019irrigation performantes et adapt\u00e9es, afin de doubler la productivit\u00e9 \u00e0 l\u2019hectare pour certaines fili\u00e8res \u00e0 fort impact \u00e9conomique, telles que le riz, le bl\u00e9 et le ma\u00efs.<\/p>\n<p>\u2022 Lancer une \u00e9tude visant \u00e0 \u00e9valuer les potentialit\u00e9s en mati\u00e8re de culture des produits traditionnels et adopter une approche pour d\u00e9velopper cette fili\u00e8re dans les zones d\u2019agriculture pluviale, en vue d\u2019atteindre l\u2019objectif strat\u00e9gique de s\u00e9curit\u00e9 alimentaire.<\/p>\n<p>\u2022 Cr\u00e9ation de l\u2019Agence mauritanienne des oasis et restructuration de la Soci\u00e9t\u00e9 des dattes afin de r\u00e9soudre ses probl\u00e8mes structurels.<\/p>\n<p>\u2022 Mise en place d\u2019un p\u00f4le agricole de production mara\u00eech\u00e8re dans la zone de Tiguent, int\u00e9grant la production, le stockage et les services logistiques pour l\u2019exportation.<\/p>\n<p>\u2022 Validation de l\u2019\u00e9tude sur le financement du secteur agricole et mise en \u0153uvre du dispositif de financement et d\u2019assurance propos\u00e9, avec une implication effective du secteur priv\u00e9.<\/p>\n<p>\u2022 Finalisation de l\u2019\u00e9tude de march\u00e9 visant \u00e0 encourager l\u2019exportation de nos produits agricoles vers les pays de la sous-r\u00e9gion et vers le march\u00e9 europ\u00e9en.<\/p>\n<p>Dans le domaine du d\u00e9veloppement de l\u2019\u00e9levage, l\u2019action gouvernementale se concentrera sur l\u2019am\u00e9lioration de l\u2019exploitation de notre cheptel, afin de renforcer sa contribution \u00e0 la relance de notre \u00e9conomie.<\/p>\n<p>Cela sera r\u00e9alis\u00e9 \u00e0 travers les axes suivants:<\/p>\n<p>\u2022 Renforcement de la gouvernance du secteur par l\u2019ach\u00e8vement des travaux relatifs \u00e0 une nouvelle strat\u00e9gie visant \u00e0 d\u00e9finir les orientations du Gouvernement pour ce domaine, conform\u00e9ment \u00e0 la vision maintes fois exprim\u00e9e par Son Excellence. Dans le m\u00eame cadre, il sera proc\u00e9d\u00e9 \u00e0 la r\u00e9vision du cadre juridique r\u00e9gissant le secteur, ainsi qu\u2019\u00e0 la mise \u00e0 jour de ses m\u00e9canismes et syst\u00e8mes de fonctionnement.<\/p>\n<p>\u2022 Forage de 65 puits pastoraux dans le cadre du volet relatif aux ressources en eau pastorales du programme d\u2019urgence pour l\u2019acc\u00e9l\u00e9ration de l\u2019acc\u00e8s aux services essentiels au d\u00e9veloppement.<\/p>\n<p>\u2022 Investir dans la sant\u00e9 animale et la sant\u00e9 publique v\u00e9t\u00e9rinaire \u00e0 travers le suivi de la campagne nationale de vaccination, conform\u00e9ment \u00e0 l\u2019engagement gouvernemental d\u2019assurer la gratuit\u00e9 et le caract\u00e8re obligatoire des vaccinations contre les \u00e9pid\u00e9mies les plus graves et les plus r\u00e9pandues. Cet effort sera \u00e9galement soutenu par la surveillance \u00e9pid\u00e9miologique et le d\u00e9veloppement de la sant\u00e9 v\u00e9t\u00e9rinaire publique. Par ailleurs, les infrastructures d\u00e9di\u00e9es \u00e0 la sant\u00e9 animale seront renforc\u00e9es par la construction de 141 enclos de vaccination, l\u2019\u00e9dification de 7 cliniques v\u00e9t\u00e9rinaires et 8 postes v\u00e9t\u00e9rinaires, ainsi que la mise en service de 3 laboratoires v\u00e9t\u00e9rinaires au cours de l\u2019ann\u00e9e.<\/p>\n<p>\u2022 Mise en \u0153uvre d\u2019un programme ambitieux d\u2019am\u00e9lioration g\u00e9n\u00e9tique des bovins afin d\u2019accro\u00eetre la productivit\u00e9, notamment dans les wilayas du Trarza, du Brakna et du Hodh Charghi.<\/p>\n<p>\u2022 Extension du bassin laitier autour de l\u2019usine de N\u00e9ma, \u00e0 travers le renforcement des capacit\u00e9s des coop\u00e9ratives de producteurs (mise \u00e0 disposition d\u2019aliments concentr\u00e9s \u00e0 prix stable, am\u00e9lioration de la sant\u00e9 animale, d\u00e9veloppement des cultures fourrag\u00e8res, appui technique et transfert de technologies, ainsi que l\u2019assistance technique et l\u2019encadrement).<\/p>\n<p>\u2022 Construction de centres de collecte du lait dans les zones de forte production (\u00e9dification de 8 nouveaux centres et r\u00e9habilitation de 3 autres).<\/p>\n<p>\u2022 Lancement des travaux de deux abattoirs modernes en partenariat avec des investisseurs du secteur priv\u00e9.<\/p>\n<p>S\u2019agissant du d\u00e9veloppement de nos ressources halieutiques, et en compl\u00e9ment des projets programm\u00e9s dans le domaine des infrastructures portuaires mentionn\u00e9s ci-dessus, l\u2019action gouvernementale pour l\u2019ann\u00e9e en cours, conform\u00e9ment \u00e0 la D\u00e9claration de politique g\u00e9n\u00e9rale, se concentrera sur la mise en place d\u2019une gestion durable des p\u00eacheries, le d\u00e9veloppement de la flotte nationale de p\u00eache, la valorisation des cha\u00eenes de valeur ainsi que l\u2019am\u00e9lioration de la commercialisation et de la distribution des produits de la p\u00eache.<\/p>\n<p>Cet objectif sera atteint par la poursuite du renforcement des capacit\u00e9s et des moyens de contr\u00f4le et d\u2019inspection maritime et sanitaire, l\u2019accroissement des capacit\u00e9s de recherche scientifique, ainsi que par le respect strict des recommandations des instances comp\u00e9tentes en mati\u00e8re de pr\u00e9servation de la durabilit\u00e9 de nos ressources halieutiques et de la qualit\u00e9 de nos produits.<\/p>\n<p>En ce qui concerne le d\u00e9veloppement de la flotte nationale de p\u00eache, le Gouvernement, en concertation avec les professionnels du secteur et le syst\u00e8me bancaire national, \u00e9laborera un plan permettant son renouvellement dans les meilleurs d\u00e9lais.<\/p>\n<p>Le secteur de la p\u00eache \u0153uvrera \u00e9galement \u00e0 la valorisation des cha\u00eenes de valeur de nos produits halieutiques, par le renforcement du syst\u00e8me de contr\u00f4le et d\u2019inspection sanitaire. Par ailleurs, des approches innovantes seront d\u00e9velopp\u00e9es en vue de l\u2019adoption de marques commerciales pour les produits maritimes mauritaniens.<\/p>\n<p>Les efforts visant \u00e0 d\u00e9velopper la p\u00eache continentale et \u00e0 encourager la consommation de poissons d\u2019eau douce se poursuivront. Par ailleurs, la pose de la premi\u00e8re pierre du grand projet d\u2019aquaculture en eaux douces dans la moughataa de Rosso est pr\u00e9vue pour l\u2019ann\u00e9e 2026.<\/p>\n<p>Parall\u00e8lement, le Gouvernement \u0153uvrera au d\u00e9veloppement du secteur minier et industriel, qui rev\u00eat une importance capitale pour la dynamisation de l\u2019\u00e9conomie, la cr\u00e9ation d\u2019emplois et la g\u00e9n\u00e9ration de devises.<\/p>\n<p>Dans ce cadre, le Gouvernement poursuivra l\u2019effort visant \u00e0 accro\u00eetre la production de la SNIM pour atteindre 15,5 millions de tonnes en 2026, apr\u00e8s avoir atteint 14,7 millions de tonnes en 2025. Cet objectif repose notamment sur le d\u00e9marrage de la production au niveau de la mine d\u2019Fd\u00e9rik au second semestre de l\u2019ann\u00e9e en cours. Par ailleurs, les travaux se poursuivront en vue de la prise de d\u00e9cisions d\u2019investissement concernant les projets de El Aouj, Takamoul et Askaf, ainsi que l\u2019acc\u00e9l\u00e9ration de la mobilisation des ressources n\u00e9cessaires \u00e0 leur financement.<\/p>\n<p>\u00c0 cet effort s\u2019ajoutera une action intensive de d\u00e9veloppement que le Gouvernement m\u00e8nera dans le domaine de la production aurif\u00e8re, tant industrielle qu\u2019artisanale. \u00c0 cet \u00e9gard, il accompagnera les projets industriels ainsi que l\u2019ensemble des acteurs nationaux et des investisseurs op\u00e9rant dans le secteur minier artisanal. Les efforts se concentreront sur l\u2019augmentation de la production, l\u2019am\u00e9lioration de ses conditions environnementales et sociales, et la mise en place d\u2019un cadre r\u00e9glementaire transparent pour l\u2019acc\u00e8s aux couloirs miniers, par le biais d\u2019appels d\u2019offres ouverts. Par ailleurs, le m\u00e9canisme de commercialisation de l\u2019or sera r\u00e9vis\u00e9, avec la cr\u00e9ation de guichets multiples agr\u00e9\u00e9s pour sa vente.<\/p>\n<p>L\u2019ann\u00e9e 2026 verra, Incha\u2019Allah, l\u2019exportation des premi\u00e8res cargaisons de phosphate produit \u00e0 partir de la mine de Bofal. Par ailleurs, les efforts se poursuivront pour accompagner l\u2019ensemble des investisseurs int\u00e9ress\u00e9s par le d\u00e9veloppement de projets visant la production d\u2019uranium, de clinker et de terres rares.<\/p>\n<p>Le gouvernement poursuivra le suivi rigoureux des engagements des entreprises disposant d\u2019autorisations de d\u00e9veloppement en vigueur dans le domaine de l\u2019exploitation mini\u00e8re. Comme r\u00e9affirm\u00e9 pr\u00e9c\u00e9demment, il ne sera en aucun cas tol\u00e9r\u00e9 que nos ressources min\u00e9rales soient hypoth\u00e9qu\u00e9es \u00e0 des fins sp\u00e9culatives.<\/p>\n<p>L\u2019ann\u00e9e 2026 verra aussi le d\u00e9marrage des travaux de la Commission nationale pour le contenu local.<\/p>\n<p>Parall\u00e8lement \u00e0 ce qui pr\u00e9c\u00e8de, et apr\u00e8s l\u2019adoption en 2025 de la loi r\u00e9gissant l\u2019industrie dans notre pays, l\u2019ann\u00e9e 2026 verra l\u2019am\u00e9nagement de la zone industrielle situ\u00e9e au sud-ouest de la ville de Nouakchott, afin qu\u2019elle dispose de toutes les infrastructures n\u00e9cessaires : routes, approvisionnement en eau et en \u00e9lectricit\u00e9, ainsi que raccordement au r\u00e9seau Internet.<\/p>\n<p>L\u2019ann\u00e9e 2026 verra \u00e9galement l\u2019ach\u00e8vement des \u00e9tudes de faisabilit\u00e9 pour la cr\u00e9ation d\u2019industries d\u00e9di\u00e9es \u00e0 la production d\u2019acier, de fer \u00e0 b\u00e9ton, d\u2019engrais et de produits p\u00e9trochimiques, en perspective de l\u2019ach\u00e8vement des travaux du pipeline reliant le champ gazier GTA Ahmeyim \u00e0 la zone de N\u2019Diago.<\/p>\n<p>De m\u00eame, le gouvernement entend accompagner toutes les initiatives visant le d\u00e9veloppement des industries de transformation substitutives aux importations, notamment dans le domaine agroalimentaire.<\/p>\n<p>Dans le cadre de ses efforts pour moderniser, am\u00e9liorer la productivit\u00e9 et valoriser notre industrie artisanale afin qu\u2019elle remplisse pleinement ses r\u00f4les \u00e9conomiques, sociaux et culturels, le Gouvernement m\u00e8nera les actions suivantes :<\/p>\n<p>\u2022 Mise en service du \u00abVillage de l\u2019Artisanat\u00bb \u00e0 Nouakchott, apr\u00e8s le retard enregistr\u00e9 par ce projet majeur, ce qui permettra l\u2019ouverture d\u2019un centre de formation professionnelle d\u00e9di\u00e9 \u00e0 l\u2019artisanat et aux m\u00e9tiers, ainsi que la cr\u00e9ation de 150 ateliers au profit des artisans, assortis d\u2019espaces d\u2019exposition et de commercialisation.<\/p>\n<p>\u2022 D\u00e9marrage des activit\u00e9s de l\u2019Agence nationale pour la promotion de l\u2019artisanat.<\/p>\n<p>\u2022 \u00c9laboration d\u2019une encyclop\u00e9die nationale consacr\u00e9e \u00e0 l\u2019artisanat.<\/p>\n<p>Et parce que le d\u00e9veloppement industriel d\u00e9pend de la disponibilit\u00e9 d\u2019une \u00e9nergie suffisante et \u00e0 un co\u00fbt comp\u00e9titif, il est imp\u00e9ratif d\u2019intensifier les efforts pour renforcer et moderniser notre secteur \u00e9nerg\u00e9tique.<\/p>\n<p>\u00c0 cet effet, le Gouvernement, en coordination avec ses partenaires, concentrera ses actions sur l\u2019acc\u00e9l\u00e9ration de la programmation des prochaines phases de d\u00e9veloppement du champ gazier GTA Ahmeyim, ainsi que sur la r\u00e9vision des conditions de financement de la premi\u00e8re phase, afin d\u2019all\u00e9ger les charges financi\u00e8res de la Soci\u00e9t\u00e9 mauritanienne des hydrocarbures.<\/p>\n<p>Les efforts de promotion de nos ressources p\u00e9troli\u00e8res et gazi\u00e8res se poursuivront, en particulier pour le champ de BirAllah, \u00e0 travers le suivi rigoureux de la mise en \u0153uvre des m\u00e9morandums d\u2019entente d\u00e9j\u00e0 sign\u00e9s avec les entreprises int\u00e9ress\u00e9es par ce gisement, ainsi que pour le projet Banda-Tevet, dont la d\u00e9cision finale de d\u00e9veloppement est attendue en 2026.<\/p>\n<p>Le gouvernement pr\u00e9voit que les efforts d\u00e9crits pr\u00e9c\u00e9demment dans le domaine industriel seront appuy\u00e9s par ceux d\u00e9ploy\u00e9s pour la promotion et le d\u00e9veloppement du secteur touristique. Ces actions se traduiront par la poursuite de l\u2019accompagnement dans la modernisation des infrastructures touristiques et h\u00f4teli\u00e8res, la valorisation des destinations, la formation de ressources humaines qualifi\u00e9es, ainsi que par un accent particulier mis sur le d\u00e9veloppement du tourisme int\u00e9rieur.<\/p>\n<p>Monsieur le Pr\u00e9sident,<\/p>\n<p>Mesdames et Messieurs les D\u00e9put\u00e9s,<\/p>\n<p>Le troisi\u00e8me axe des cinq qui constituent le fil conducteur de la politique g\u00e9n\u00e9rale du Gouvernement porte sur la construction d\u2019un capital humain qualifi\u00e9, capable de relever les d\u00e9fis et de conduire les transformations soci\u00e9tales et \u00e9conomiques attendues.<\/p>\n<p>Pour b\u00e2tir un capital humain r\u00e9pondant \u00e0 ces exigences, l\u2019action gouvernementale se concentrera sur le renforcement des leviers du d\u00e9veloppement humain, notamment la sant\u00e9, l\u2019\u00e9ducation et l\u2019enseignement originel, l\u2019enseignement sup\u00e9rieur, la formation, l\u2019emploi, ainsi que la culture et le sport.<\/p>\n<p>Dans le domaine de la sant\u00e9, l\u2019action gouvernementale se concentrera sur tout ce qui peut garantir \u00e0 l\u2019ensemble des citoyens un acc\u00e8s de proximit\u00e9 \u00e0 des services de sant\u00e9 essentiels et de haute qualit\u00e9. Cet objectif sera poursuivi \u00e0 travers la poursuite de l\u2019expansion des infrastructures sanitaires, leur construction et leur r\u00e9habilitation, le renforcement et le d\u00e9veloppement de la sant\u00e9 de base et pr\u00e9ventive, la consolidation du syst\u00e8me de surveillance \u00e9pid\u00e9miologique, ainsi que la mise en place d\u2019un approvisionnement s\u00fbr et efficace pour assurer la disponibilit\u00e9 des m\u00e9dicaments essentiels et des produits m\u00e9dicaux de qualit\u00e9. Le gouvernement \u0153uvrera \u00e9galement \u00e0 l\u2019\u00e9largissement de la couverture par l\u2019assurance sant\u00e9 et l\u2019assurance sant\u00e9 solidaire, ainsi qu\u2019au d\u00e9veloppement et au renforcement de la formation initiale et continue des personnels de sant\u00e9.<\/p>\n<p>Parmi les principaux programmes qui seront mis en \u0153uvre dans ce cadre au titre de l\u2019ann\u00e9e 2026:<\/p>\n<p>\u2022 Lancement d\u2019un programme sp\u00e9cifique visant \u00e0 am\u00e9liorer l\u2019efficacit\u00e9 et la qualit\u00e9 des services des \u00e9tablissements hospitaliers nationaux. Ce programme comprendra : l\u2019\u00e9laboration d\u2019une loi r\u00e9gissant les h\u00f4pitaux nationaux ; l\u2019extension et la r\u00e9habilitation des infrastructures, notamment les services d\u2019accueil, d\u2019urgences et d\u2019hospitalisation dans les grands h\u00f4pitaux ; l\u2019\u00e9quipement des \u00e9tablissements hospitaliers avec l\u2019ensemble des dispositifs de diagnostic et d\u2019examen, assortis d\u2019un m\u00e9canisme de maintenance r\u00e9guli\u00e8re ; la digitalisation des services de sant\u00e9 des h\u00f4pitaux et des structures de sant\u00e9 de base par l\u2019adoption du dossier m\u00e9dical personnel et la cr\u00e9ation d\u2019un centre de sant\u00e9 num\u00e9rique charg\u00e9 de la supervision, de l\u2019organisation et de la t\u00e9l\u00e9m\u00e9decine, afin de faciliter l\u2019acc\u00e8s, r\u00e9duire les efforts et gagner du temps; ainsi que la pr\u00e9paration et la mise en \u0153uvre de plans efficaces pour l\u2019hygi\u00e8ne des structures sanitaires. Ce programme sera supervis\u00e9 par un comit\u00e9 minist\u00e9riel et les ressources n\u00e9cessaires \u00e0 son financement seront mobilis\u00e9es dans le cadre du volet sant\u00e9 de la deuxi\u00e8me phase du Programme de d\u00e9veloppement de Nouakchott.<\/p>\n<p>\u2022 Ach\u00e8vement des travaux de construction et d\u2019\u00e9quipement de 28 centres de sant\u00e9 \u00e0 Nouakchott et leur mise en service, dans le cadre du volet sant\u00e9 de la premi\u00e8re phase du Programme de D\u00e9veloppement de Nouakchott.<\/p>\n<p>\u2022 Finalisation des travaux de construction et d\u2019\u00e9quipement de l\u2019h\u00f4pital d\u2019A\u00efoun, apr\u00e8s un retard par rapport aux d\u00e9lais contractuels.<\/p>\n<p>\u2022 Ach\u00e8vement des travaux de construction et d\u2019\u00e9quipement de l\u2019h\u00f4pital d\u2019Aleg.<\/p>\n<p>\u2022 Suivi et acc\u00e9l\u00e9ration des travaux relatifs aux infrastructures sanitaires dont la pose de la premi\u00e8re pierre a eu lieu en 2025 : l\u2019H\u00f4pital Universitaire Roi Salman, l\u2019H\u00f4pital de Zouerate, l\u2019H\u00f4pital d\u2019Akjoujt, le Centre national de transfusion sanguine, le Centre national de contr\u00f4le de la qualit\u00e9 des m\u00e9dicaments, l\u2019extension et la r\u00e9habilitation de l\u2019H\u00f4pital de Nouadhibou, ainsi que la r\u00e9habilitation et l\u2019extension de l\u2019H\u00f4pital Cheikh Zayed. Ces actions s\u2019inscrivent dans le cadre du programme d\u2019urgence pour la g\u00e9n\u00e9ralisation de l\u2019acc\u00e8s aux services essentiels de d\u00e9veloppement dans les villes et les wilayas de l\u2019int\u00e9rieur, comprenant la construction de 50 centres de sant\u00e9 et 94 postes de sant\u00e9, en plus de l\u2019extension et la r\u00e9habilitation de 17 centres de sant\u00e9 et 36 postes de sant\u00e9.<\/p>\n<p>\u2022 Pose de la premi\u00e8re pierre pour l\u2019extension du Centre national des maladies cardiovasculaires.<\/p>\n<p>\u2022 Pose de la premi\u00e8re pierre pour l\u2019extension de l\u2019H\u00f4pital de l\u2019Amiti\u00e9.<\/p>\n<p>\u2022 Finalisation des \u00e9tudes et lancement des appels d\u2019offres pour la construction d\u2019un nouveau si\u00e8ge de l\u2019H\u00f4pital m\u00e8re et enfant.<\/p>\n<p>\u2022 Finalisation des \u00e9tudes et mobilisation des ressources pour la construction d\u2019un nouveau si\u00e8ge pour l\u2019H\u00f4pital d\u2019oncologie.<\/p>\n<p>\u2022 Finalisation des \u00e9tudes et mobilisation des ressources pour la construction et l\u2019\u00e9quipement d\u2019un Centre national de traitement des addictions.<\/p>\n<p>\u2022 Acquisition de 131 ambulances au profit du secteur de la sant\u00e9 dans les wilayas de l\u2019int\u00e9rieur.<\/p>\n<p>\u2022 Recrutement de 1\u202f200 agents au profit du secteur de la sant\u00e9.<\/p>\n<p>\u2022 Poursuite de la mise en \u0153uvre de la feuille de route adopt\u00e9e par le Gouvernement en 2025 pour la r\u00e9forme du secteur pharmaceutique, en concentrant les efforts en 2026 sur:<\/p>\n<p>1. L\u2019application des textes r\u00e9glementaires relatifs \u00e0 la nouvelle loi sur les m\u00e9dicaments;<\/p>\n<p>2. L\u2019ach\u00e8vement des travaux de la plateforme num\u00e9rique de tra\u00e7abilit\u00e9 des m\u00e9dicaments, depuis la source jusqu\u2019au consommateur final;<\/p>\n<p>3. Le renforcement des capacit\u00e9s de stockage, d\u2019approvisionnement et de distribution de la Centrale d\u2019Achat des M\u00e9dicaments et Consommables M\u00e9dicaux (CAMEC);<\/p>\n<p>4. La consolidation du r\u00f4le des pharmacies au sein des \u00e9tablissements publics de sant\u00e9, par la mise \u00e0 disposition des m\u00e9dicaments hospitaliers pour les patients ;<\/p>\n<p>5. Le soutien et le renforcement de la cha\u00eene du froid des m\u00e9dicaments, notamment par l\u2019\u00e9quipement des pharmacies des centres et postes de sant\u00e9 en syst\u00e8mes de climatisation aliment\u00e9s par \u00e9nergie solaire;<\/p>\n<p>6. L\u2019am\u00e9lioration du transport s\u00e9curis\u00e9 des m\u00e9dicaments gr\u00e2ce \u00e0 la mise en service de v\u00e9hicules frigorifiques pour assurer la distribution jusqu\u2019au dernier kilom\u00e8tre;<\/p>\n<p>7. Le renforcement des capacit\u00e9s des organes de contr\u00f4le et d\u2019inspection, ainsi que l\u2019application rigoureuse des lois r\u00e9pressives pour combattre et r\u00e9primer les r\u00e9seaux de falsification et de contrebande. Il n\u2019y aura \u00e0 ce propos ni recul ni complaisance \u00e0 l\u2019\u00e9gard des trafiquants de substances illicites\u202f; la lutte se poursuivra sans rel\u00e2che jusqu\u2019au d\u00e9mant\u00e8lement et \u00e0 l\u2019\u00e9radication de l\u2019ensemble de leurs r\u00e9seaux.<\/p>\n<p>Monsieur le Pr\u00e9sident<\/p>\n<p>Mesdames et Messieurs les d\u00e9put\u00e9s<\/p>\n<p>S\u2019agissant de l\u2019\u00e9ducation, de l\u2019enseignement originel, de l\u2019enseignement sup\u00e9rieur et de la formation professionnelle, l\u2019objectif du Gouvernement est de garantir un enseignement de qualit\u00e9 et une formation d\u2019excellence, afin de former un citoyen enracin\u00e9 dans son identit\u00e9 civilisationnelle, attach\u00e9 \u00e0 ses valeurs nationales, contribuant efficacement au d\u00e9veloppement de son pays et ouvert sur le monde.<\/p>\n<p>Pour atteindre cet objectif g\u00e9n\u00e9ral, la D\u00e9claration de Politique G\u00e9n\u00e9rale du Gouvernement a d\u00e9fini cinq axes de r\u00e9f\u00e9rence qui encadrent les plans d\u2019action annuels. Il s\u2019agit de:<\/p>\n<p>1) Consacrer l\u2019\u00e9cole r\u00e9publicaine au niveau de l\u2019enseignement fondamental et am\u00e9liorer la performance de l\u2019enseignement secondaire par la mise \u00e0 disposition des infrastructures n\u00e9cessaires, d\u2019un personnel suffisant et qualifi\u00e9, de programmes et supports p\u00e9dagogiques adapt\u00e9s, ainsi que par l\u2019ach\u00e8vement de la r\u00e9forme linguistique et la cr\u00e9ation de toutes les conditions indispensables \u00e0 la r\u00e9ussite de l\u2019enseignement des langues nationales, avant leur g\u00e9n\u00e9ralisation sur des bases solides.<\/p>\n<p>2) Mobiliser davantage de ressources pour accro\u00eetre les taux d\u2019acc\u00e8s \u00e0 l\u2019enseignement pr\u00e9scolaire et pour garantir des conditions d\u2019apprentissage adapt\u00e9es aux enfants en situation de handicap ou ayant des besoins sp\u00e9cifiques.<\/p>\n<p>3) Mettre en \u0153uvre les passerelles entre les diff\u00e9rentes \u00e9tapes de notre syst\u00e8me \u00e9ducatif et l\u2019enseignement originel, conform\u00e9ment aux dispositions du d\u00e9cret adopt\u00e9 par le Gouvernement en novembre 2024.<\/p>\n<p>4) Augmenter la capacit\u00e9 d\u2019accueil du syst\u00e8me d\u2019enseignement sup\u00e9rieur et diversifier ainsi que renforcer la qualit\u00e9 de son offre de formation.<\/p>\n<p>5) Accro\u00eetre la capacit\u00e9 d\u2019accueil de notre dispositif de formation professionnelle, \u00e9largir sa couverture g\u00e9ographique et adapter son offre aux besoins du march\u00e9.<\/p>\n<p>En coh\u00e9rence avec cette vision, le Gouvernement s\u2019emploiera, au cours de l\u2019ann\u00e9e en cours, \u00e0 :<\/p>\n<p>\u2022 R\u00e9ceptionner l\u2019ensemble des infrastructures scolaires programm\u00e9es dans le cadre du volet \u00c9ducation de la premi\u00e8re phase du programme d\u2019urgence pour la g\u00e9n\u00e9ralisation de l\u2019acc\u00e8s aux services essentiels pour le d\u00e9veloppement local, soit plus de 3\u202f000 salles de nouvelles classe destin\u00e9es \u00e0 l\u2019enseignement fondamental et secondaire.<\/p>\n<p>\u2022 R\u00e9ception de six b\u00e2timents \u00e9quip\u00e9s destin\u00e9s \u00e0 accueillir des internats pour les \u00e9l\u00e8ves des \u00e9tablissements d\u2019enseignement secondaire b\u00e9n\u00e9ficiaires, situ\u00e9s \u00e0 Bousteila, Touil, Maal, Boulahrath, Aoujeft et T\u00e9kane, dans le cadre d\u2019un programme pilote appel\u00e9 \u00e0 \u00eatre g\u00e9n\u00e9ralis\u00e9 \u00e0 l\u2019ensemble des \u00e9tablissements scolaires des zones de pr\u00e9carit\u00e9.<\/p>\n<p>\u2022 Lancement du volet \u00c9ducation de la deuxi\u00e8me phase du programme d\u2019urgence pour le d\u00e9veloppement de la ville de Nouakchott, qui permettra de combler le d\u00e9ficit en infrastructures scolaires dans l\u2019enseignement fondamental et secondaire, de construire des classes pr\u00e9paratoires et des jardins d\u2019enfants au profit de l\u2019enseignement pr\u00e9scolaire, ainsi que de b\u00e2tir et r\u00e9habiliter trois centres d\u00e9di\u00e9s \u00e0 l\u2019\u00e9ducation sp\u00e9cialis\u00e9e pour nos enfants en situation de handicap.<\/p>\n<p>Dans le domaine de l\u2019enseignement sup\u00e9rieur, le Gouvernement s\u2019emploiera \u00e0:<\/p>\n<p>\u2022 Achever les travaux d\u2019extension de l\u2019Institut Sup\u00e9rieur d\u2019\u00c9tudes Techniques (ISET) de Rosso, apr\u00e8s le retard enregistr\u00e9 par rapport \u00e0 l\u2019\u00e9ch\u00e9ance initialement pr\u00e9vue en 2025.<\/p>\n<p>\u2022 R\u00e9ceptionner le si\u00e8ge de l\u2019\u00c9cole Sup\u00e9rieure de Commerce (Business School).<\/p>\n<p>\u2022 Ach\u00e8vement des travaux de la premi\u00e8re extension de l\u2019\u00c9cole Normale Sup\u00e9rieure (ENS).<\/p>\n<p>\u2022 Pose de la premi\u00e8re pierre de la Facult\u00e9 des Sciences Appliqu\u00e9es \u00e0 Nouakchott, financ\u00e9e par nos fr\u00e8res des \u00c9mirats Arabes Unis (le retard enregistr\u00e9 sur ce projet est li\u00e9 aux proc\u00e9dures d\u2019appel d\u2019offres).<\/p>\n<p>\u2022 Pose de la premi\u00e8re pierre de l\u2019\u00c9cole Sup\u00e9rieure d\u2019Agriculture \u00e0 Kiffa.<\/p>\n<p>\u2022 Pose de la premi\u00e8re pierre de l\u2019\u00c9cole Sup\u00e9rieure de M\u00e9decine V\u00e9t\u00e9rinaire et de Valorisation des Ressources Animales \u00e0 N\u00e9ma.<\/p>\n<p>\u2022 D\u00e9marrage des travaux d\u2019extension du restaurant universitaire de Nouakchott, apr\u00e8s les retards li\u00e9s \u00e0 la phase des appels d\u2019offres et \u00e0 la mobilisation du financement.<\/p>\n<p>\u2022 Lancement des appels d\u2019offres pour la s\u00e9lection des entreprises charg\u00e9es de la construction de l\u2019Institut de Comptabilit\u00e9 et de Management \u00e0 Kiffa.<\/p>\n<p>\u2022 Lancement des appels d\u2019offres pour la s\u00e9lection des entreprises charg\u00e9es de la construction de l\u2019Institut Sup\u00e9rieur des M\u00e9tiers de l\u2019\u00c9ducation \u00e0 Tidjikdja.<\/p>\n<p>Dans le domaine de la formation professionnelle, l\u2019ann\u00e9e 2026 sera marqu\u00e9e par l\u2019ach\u00e8vement de chantiers importants et le lancement de nouveaux projets visant \u00e0 accro\u00eetre l\u2019offre de formation et \u00e0 am\u00e9liorer son efficacit\u00e9 interne et externe.<\/p>\n<p>Parmi les principaux chantiers figurent:<\/p>\n<p>\u2022 Lancement effectif des activit\u00e9s de l\u2019Agence nationale pour la promotion de la formation professionnelle et technique, cr\u00e9\u00e9e en d\u00e9cembre 2025.<\/p>\n<p>\u2022 Suivi et acc\u00e9l\u00e9ration des travaux de construction et d\u2019\u00e9quipement de l\u2019\u00c9cole des techniques de l\u2019information et de la communication \u00e0 Nouadhibou.<\/p>\n<p>\u2022 Suivi et acc\u00e9l\u00e9ration des travaux de construction et d\u2019\u00e9quipement de l\u2019\u00c9cole de formation professionnelle commerciale \u00e0 Nouakchott (anciennement Lyc\u00e9e commercial).<\/p>\n<p>\u2022 Ach\u00e8vement des travaux d\u2019extension de l\u2019\u00c9cole de formation professionnelle de Rosso.<\/p>\n<p>\u2022 Ach\u00e8vement des travaux d\u2019extension, de r\u00e9habilitation et d\u2019\u00e9quipement de l\u2019\u00c9cole de formation professionnelle d\u2019Aleg.<\/p>\n<p>\u2022 Pose de la premi\u00e8re pierre pour la construction d\u2019un p\u00f4le de formation professionnelle dans la moughataa de Dar Naim, d\u2019une capacit\u00e9 de 1\u202f280 places r\u00e9parties en 34 sp\u00e9cialit\u00e9s au profit de six secteurs \u00e9conomiques.<\/p>\n<p>\u2022 Pose de la premi\u00e8re pierre pour la construction d\u2019un p\u00f4le de formation professionnelle dans la moughataa d\u2019El Mina, d\u2019une capacit\u00e9 de 1\u202f220 places r\u00e9parties en 22 sp\u00e9cialit\u00e9s au profit de six secteurs \u00e9conomiques.<\/p>\n<p>Monsieur le Pr\u00e9sident,<\/p>\n<p>Mesdames et Messieurs les D\u00e9put\u00e9s,<\/p>\n<p>La vision et le programme de Son Excellence Monsieur le Pr\u00e9sident de la R\u00e9publique en mati\u00e8re d\u2019autonomisation des jeunes, bien qu\u2019ils se concentrent principalement sur l\u2019\u00e9ducation, l\u2019enseignement sup\u00e9rieur et la formation professionnelle et technique \u2014 en tant que leviers et cl\u00e9s incontournables pour surmonter les obstacles auxquels sont confront\u00e9es nos g\u00e9n\u00e9rations montantes \u2014 englobent \u00e9galement l\u2019accompagnement des jeunes ayant achev\u00e9 leurs parcours scolaires et de formation, ainsi que ceux qui n\u2019ont pas eu l\u2019opportunit\u00e9 d\u2019acc\u00e9der \u00e0 l\u2019\u00e9ducation ou \u00e0 la formation, afin de les aider \u00e0 s\u2019int\u00e9grer dans la vie active.<\/p>\n<p>\u00c0 cet effet, le Gouvernement agira sur tous les fronts pour autonomiser et int\u00e9grer ces deux cat\u00e9gories, en leur offrant des opportunit\u00e9s de formation, d\u2019emploi et de loisirs.<\/p>\n<p>Dans ce cadre, l\u2019ann\u00e9e 2026 verra le lancement d\u2019un ensemble de programmes de formation et d\u2019emploi, visant la cr\u00e9ation de 15\u202f000 opportunit\u00e9s d\u2019emploi \u00e0 travers des projets de d\u00e9veloppement et une large gamme de programmes d\u2019insertion professionnelle. Ces programmes incluront des dispositifs de financement, d\u2019accompagnement et une nouvelle dynamique des agences de l\u2019emploi dans toutes les moughataa.<\/p>\n<p>Ces chantiers seront accompagn\u00e9s par l\u2019ouverture de 7\u202f000 opportunit\u00e9s de volontariat, afin de soutenir la participation des jeunes aux efforts de d\u00e9veloppement et leur int\u00e9gration dans la vie active.<\/p>\n<p>En mati\u00e8re d\u2019infrastructures sportives et de jeunesse, les travaux seront achev\u00e9s pour les stades de la Moughataa d\u2019El Mina et de Babab\u00e9, ainsi que pour la salle couverte multisports \u00e0 Arafat.<\/p>\n<p>Il sera \u00e9galement proc\u00e9d\u00e9 \u00e0 la construction de terrains locaux \u00e9quip\u00e9s de gazon synth\u00e9tique dans 18 moughataa, ainsi qu\u2019au lancement des travaux pour deux salles couvertes multisports \u00e0 Kiffa et \u00e0 Ka\u00e9di. \u00c0 cela s\u2019ajoutent la construction et la r\u00e9habilitation de stades et de maisons des jeunes dans 45 moughataa, dans le cadre du programme d\u2019urgence pour la g\u00e9n\u00e9ralisation de l\u2019acc\u00e8s aux services essentiels de d\u00e9veloppement local.<\/p>\n<p>Par ailleurs, 50 stades de proximit\u00e9 seront am\u00e9nag\u00e9s dans les quartiers et communes. Enfin, l\u2019\u00e9tude technique d\u2019un complexe sportif comprenant un stade d\u2019une capacit\u00e9 de 25\u202f000 places sera achev\u00e9e, et la mobilisation des financements pour sa r\u00e9alisation sera engag\u00e9e.<\/p>\n<p>L\u2019ensemble de ces chantiers relatifs aux infrastructures sportives et de jeunesse vise \u00e0 cr\u00e9er des espaces favorisant la mise en \u0153uvre de programmes de protection des jeunes contre la drogue et les comportements d\u00e9viants, tout en soutenant des milliers d\u2019activit\u00e9s destin\u00e9es \u00e0 encadrer et accompagner la jeunesse dans toutes les r\u00e9gions du pays.<\/p>\n<p>En appui \u00e0 l\u2019autonomisation des jeunes, il sera \u00e9galement proc\u00e9d\u00e9 \u00e0 la mise en place d\u2019un cadre local de concertation dans toutes les communes, moughataa et wilayas, \u00e0 travers l\u2019\u00e9lection de repr\u00e9sentants des jeunes dans chaque commune. Ce cadre constituera le socle fondamental pour leur participation, leur accompagnement et leur soutien, afin que les projets de d\u00e9veloppement se traduisent pour eux en opportunit\u00e9s d\u2019emploi et en autonomisation \u00e9conomique et sociale.<\/p>\n<p>D\u2019autres leviers essentiels et d\u00e9terminants pour la formation du capital humain et l\u2019autonomisation des jeunes constitueront une priorit\u00e9 de l\u2019action gouvernementale en 2026. Il s\u2019agit de la poursuite des efforts visant \u00e0 concr\u00e9tiser la strat\u00e9gie adopt\u00e9e pour l\u2019enracinement de notre identit\u00e9 islamique, le renforcement de notre unit\u00e9 nationale et de notre coh\u00e9sion sociale, ainsi que la valorisation de nos cultures locales, de nos valeurs et de nos constantes nationales.<\/p>\n<p>Dans ce cadre, le gouvernement poursuivra l\u2019accompagnement du secteur des affaires islamiques en renfor\u00e7ant nos institutions religieuses afin qu\u2019elles puissent pleinement jouer leur r\u00f4le dans la diffusion et la consolidation des valeurs de notre religion islamique tol\u00e9rante. Il veillera \u00e9galement \u00e0 soutenir les mosqu\u00e9es et les imams pour leur permettre d\u2019accomplir leurs missions dans les meilleures conditions. Par ailleurs, l\u2019ex\u00e9cutif proc\u00e9dera \u00e0 la mise \u00e0 jour du cadre juridique et r\u00e9glementaire r\u00e9gissant le secteur et intensifiera les efforts de mobilisation des ressources n\u00e9cessaires pour lui permettre d\u2019assurer son r\u00f4le strat\u00e9gique et indispensable de mani\u00e8re optimale.<\/p>\n<p>Dans le domaine culturel, le gouvernement s\u2019emploiera \u00e0 finaliser l\u2019ensemble des \u00e9tudes techniques et financi\u00e8res n\u00e9cessaires \u00e0 la construction d\u2019un Palais de la Culture, appel\u00e9 \u00e0 constituer le noyau d\u2019un quartier culturel \u00e0 Nouakchott. Ce complexe int\u00e9grera \u00e9galement un village du patrimoine et des th\u00e9\u00e2tres, offrant ainsi un espace national f\u00e9d\u00e9rateur d\u00e9di\u00e9 \u00e0 la cr\u00e9ativit\u00e9 et aux activit\u00e9s culturelles.<\/p>\n<p>Par ailleurs, il sera proc\u00e9d\u00e9 au lancement des travaux visant \u00e0 mettre en place des espaces audiovisuels dans toutes les capitales de nos wilayas int\u00e9rieures.<\/p>\n<p>Le gouvernement poursuivra l\u2019organisation des grandes manifestations culturelles, notamment la tenue de la troisi\u00e8me \u00e9dition du Festival de la Musique, la deuxi\u00e8me \u00e9dition du Festival de la Po\u00e9sie, ainsi que la deuxi\u00e8me \u00e9dition du Salon International du Livre. \u00c0 cela s\u2019ajoutera la comm\u00e9moration de la Journ\u00e9e nationale de la diversit\u00e9 culturelle, afin de renforcer le rayonnement de la culture nationale et de consacrer la pluralit\u00e9 culturelle et linguistique.<\/p>\n<p>Dans le domaine du patrimoine, les travaux de recherche et de fouilles arch\u00e9ologiques se poursuivront sur le site d\u2019Azougui, parall\u00e8lement au renforcement des programmes de protection et de valorisation des sites arch\u00e9ologiques. Le gouvernement poursuivra \u00e9galement la mise en \u0153uvre du projet de g\u00e9n\u00e9ralisation des mus\u00e9es r\u00e9gionaux dans toutes les capitales de wilayas et les villes historiques, ainsi que l\u2019ach\u00e8vement de l\u2019\u00e9difice du m\u00e9morial de Boubakar Ben Amer \u00e0 El Megsem et l\u2019entr\u00e9e en vigueur du cadre r\u00e9glementaire relatif aux mus\u00e9es priv\u00e9s.<\/p>\n<p>Les efforts visant \u00e0 inscrire les \u00e9l\u00e9ments de notre patrimoine mat\u00e9riel et immat\u00e9riel aupr\u00e8s de l\u2019UNESCO et des organisations r\u00e9gionales sp\u00e9cialis\u00e9es se poursuivront, de m\u00eame que la finalisation des deux parcs arch\u00e9ologiques dans les r\u00e9gions de l\u2019Adrar et du Tagant, et l\u2019acc\u00e9l\u00e9ration du programme d\u2019inventaire, de num\u00e9risation et de publication des manuscrits nationaux.<\/p>\n<p>Un programme sp\u00e9cifique sera lanc\u00e9 pour renforcer l\u2019\u00e9dition et la publication des \u0153uvres majeures de notre patrimoine, ainsi que pour promouvoir et valoriser notre h\u00e9ritage culturel. Le programme de diplomatie culturelle se poursuivra, illustr\u00e9 par le rayonnement de l\u2019ambassade culturelle mauritanienne \u00e0 travers la collecte et la restitution des \u00e9l\u00e9ments de notre patrimoine, notamment l\u2019ach\u00e8vement des proc\u00e9dures de r\u00e9cup\u00e9ration de la biblioth\u00e8que du savant Mohamed Mahmoud Ould Tlamid, au cours du premier semestre de l\u2019ann\u00e9e en cours.<\/p>\n<p>Ces efforts seront couronn\u00e9s par l\u2019organisation de la quinzi\u00e8me \u00e9dition du Festival des Villes du patrimoine \u00e0 Tichitt.<\/p>\n<p>Dans le domaine des arts, le gouvernement poursuivra ses efforts pour professionnaliser les arts plastiques et am\u00e9liorer les conditions des artistes, \u00e0 travers la mise en \u0153uvre effective de la carte d\u2019artiste professionnel, l\u2019organisation de la quatri\u00e8me \u00e9dition du Prix du Pr\u00e9sident de la R\u00e9publique pour les beaux-arts, le soutien \u00e0 la formation artistique et l\u2019am\u00e9lioration de la qualit\u00e9 de la production cr\u00e9ative.<\/p>\n<p>Monsieur le Pr\u00e9sident de l\u2019Assembl\u00e9e nationale,<\/p>\n<p>Mesdames et Messieurs les d\u00e9put\u00e9s,<\/p>\n<p>Comme vous le savez, les objectifs qui ont orient\u00e9 les perspectives de l\u2019action du Gouvernement dans les trois axes pr\u00e9cit\u00e9s ne peuvent \u00eatre atteints, ni p\u00e9rennis\u00e9s, que s\u2019ils reposent sur la solidit\u00e9 de l\u2019unit\u00e9 nationale et la force de la coh\u00e9sion sociale, profond\u00e9ment ancr\u00e9e dans l\u2019\u00e9galit\u00e9 absolue des droits et des devoirs.<\/p>\n<p>La r\u00e9alisation de cette condition fondamentale, gage de la pr\u00e9sence de notre \u00c9tat aujourd\u2019hui et de sa p\u00e9rennit\u00e9 demain, constitue l\u2019objectif central du quatri\u00e8me axe des perspectives d\u2019action du Gouvernement pour l\u2019ann\u00e9e en cours, en parfaite coh\u00e9rence avec la d\u00e9claration de sa politique g\u00e9n\u00e9rale.<\/p>\n<p>Dans ce cadre, nous agirons conform\u00e9ment \u00e0 l\u2019orientation trac\u00e9e par Son Excellence dans son programme \u00abMon Ambition pour la Patrie\u00bb, en mettant l\u2019accent sur la n\u00e9cessit\u00e9 de combattre les facteurs qui fragilisent l\u2019unit\u00e9 nationale et la coh\u00e9sion sociale, tels que la pauvret\u00e9, la pr\u00e9carit\u00e9, la discrimination et l\u2019exclusion, ainsi que toutes leurs causes, qu\u2019elles soient d\u2019ordre \u00e9conomique, issues de traditions obsol\u00e8tes, de perceptions erron\u00e9es, ou encore li\u00e9es aux s\u00e9quelles de l\u2019esclavage et aux cons\u00e9quences des \u00e9v\u00e9nements ayant laiss\u00e9 des blessures encore ouvertes dans notre tissu social.<\/p>\n<p>A ce titre, le gouvernement poursuivra ses efforts visant \u00e0 combattre toutes les mentalit\u00e9s et pratiques \u00e0 caract\u00e8re discriminatoire, communautaire ou sectaire. Il ne tol\u00e9rera, sous aucun pr\u00e9texte, les discours de division et de haine, et l\u2019application rigoureuse de la loi sera la r\u00e8gle \u00e0 l\u2019\u00e9gard de ceux qui s\u2019y livreront comme instrument au service de leurs objectifs personnels.<\/p>\n<p>Par ailleurs, l\u2019ex\u00e9cutif continuera \u00e0 soutenir les initiatives de nos \u00e9lites religieuses, politiques, sociales, culturelles et de la jeunesse, en faveur de l\u2019\u00e9galit\u00e9, de la coh\u00e9sion et de la fraternit\u00e9 entre les diff\u00e9rentes composantes de notre peuple, ainsi que les actions destin\u00e9es \u00e0 corriger les d\u00e9s\u00e9quilibres persistants dans notre structure sociale, h\u00e9rit\u00e9s du pass\u00e9, tels que les hi\u00e9rarchies obsol\u00e8tes et les in\u00e9galit\u00e9s \u00e9conomiques injustes.<\/p>\n<p>Le gouvernement veillera \u00e9galement \u00e0 contribuer \u00e0 la recherche de solutions appropri\u00e9es pour panser les blessures du pass\u00e9, notamment celles li\u00e9es au dossier du \u00ab passif humanitaire \u00bb.<\/p>\n<p>Le gouvernement poursuivra \u00e9galement, dans le cadre de ses programmes visant \u00e0 garantir l\u2019acc\u00e8s aux services essentiels tels que la sant\u00e9, l\u2019\u00e9ducation, l\u2019eau et l\u2019\u00e9lectricit\u00e9, l\u2019application du principe de discrimination positive en faveur des villages, des regroupements, des quartiers et des familles \u00e0 faibles revenus et en situation de grande vuln\u00e9rabilit\u00e9.<\/p>\n<p>Il \u0153uvrera \u00e9galement, en compl\u00e9ment de l\u2019impact d\u00e9cisif de l\u2019\u00c9cole r\u00e9publicaine sur la transformation soci\u00e9tale souhait\u00e9e, \u00e0 mettre en \u0153uvre les diff\u00e9rentes initiatives fond\u00e9es sur le principe de discrimination positive dans le domaine de l\u2019\u00e9ducation, r\u00e9cemment lanc\u00e9es par Son Excellence Monsieur le Pr\u00e9sident de la R\u00e9publique, Mohamed Ould Cheikh El Ghazouani.<\/p>\n<p>En outre, le gouvernement intensifiera et diversifiera ses interventions \u00e0 travers des programmes visant \u00e0 am\u00e9liorer les conditions de vie des citoyens, en particulier des cat\u00e9gories les plus vuln\u00e9rables, et \u00e0 renforcer leur pouvoir d\u2019achat, gr\u00e2ce \u00e0 la synergie des efforts des d\u00e9partements minist\u00e9riels charg\u00e9s des programmes sociaux et sanitaires, ainsi qu\u2019\u00e0 la stabilisation des prix des denr\u00e9es alimentaires de grande consommation.<\/p>\n<p>Ainsi, un pourcentage de 26\u202f% (soit 340 milliards d\u2019anciennes ouguiyas) du budget de l\u2019\u00c9tat pour l\u2019ann\u00e9e 2026 a \u00e9t\u00e9 orient\u00e9 vers les programmes sociaux ciblant en premier lieu les m\u00e9nages \u00e0 revenu limit\u00e9, \u00e0 travers des transferts mon\u00e9taires, des distributions gratuites, des prix subventionn\u00e9s, l\u2019assurance sant\u00e9 solidaire, le financement d\u2019activit\u00e9s g\u00e9n\u00e9ratrices de revenus, ainsi que le soutien aux femmes cheffes de m\u00e9nages, aux personnes souffrant de maladies chroniques et aux personnes en situation de handicap.<\/p>\n<p>Monsieur le Pr\u00e9sident,<\/p>\n<p>Mesdames et Messieurs les d\u00e9put\u00e9s,<\/p>\n<p>Le cinqui\u00e8me axe de la vision et du programme de Son Excellence le Pr\u00e9sident de la R\u00e9publique, Monsieur Mohamed Ould Cheikh El Ghazouani, sur lequel se concentreront les efforts du Gouvernement au cours de l\u2019ann\u00e9e 2026, place en t\u00eate des priorit\u00e9s le renforcement des capacit\u00e9s et des moyens de notre pays pour garantir et consolider la s\u00e9curit\u00e9 et la stabilit\u00e9. Il s\u2019agit d\u2019un objectif strat\u00e9gique et souverain, constituant une condition indispensable \u00e0 la cr\u00e9ation d\u2019un climat favorable \u00e0 la mise en \u0153uvre de la vision ainsi qu\u2019\u00e0 l\u2019ensemble des politiques, plans et programmes \u00e9conomiques, sociaux et politiques de l\u2019\u00c9tat.<\/p>\n<p>Partant de cette conscience profonde de la centralit\u00e9 de la s\u00e9curit\u00e9 dans l\u2019\u00e9dification nationale, le Gouvernement est r\u00e9solu \u00e0 d\u00e9ployer tous les efforts et \u00e0 mobiliser toutes les ressources disponibles, sans h\u00e9sitation ni rel\u00e2che, pour atteindre cet objectif et consolider cette condition essentielle, en s\u2019en remettant d\u2019abord \u00e0 Dieu, puis \u00e0 la haute comp\u00e9tence professionnelle, au patriotisme sinc\u00e8re, au courage sur le terrain et \u00e0 la disponibilit\u00e9 permanente au sacrifice dont font preuve nos forces arm\u00e9es et de s\u00e9curit\u00e9.<\/p>\n<p>\u00c0 partir de cette tribune, je ne puis que leur adresser un salut empreint de respect et de consid\u00e9ration, ainsi que toute notre reconnaissance et gratitude pour les sacrifices immenses qu\u2019elles consentent au service de la s\u00e9curit\u00e9 et de la stabilit\u00e9 de la Nation.<\/p>\n<p>Dans ce contexte, le Gouvernement poursuivra la mise en \u0153uvre concr\u00e8te et globale des diff\u00e9rentes dimensions de notre strat\u00e9gie s\u00e9curitaire int\u00e9gr\u00e9e, afin de consolider les acquis importants d\u00e9j\u00e0 r\u00e9alis\u00e9s, de tirer pleinement les enseignements des exp\u00e9riences pass\u00e9es et de se pr\u00e9parer de mani\u00e8re proactive \u00e0 faire face aux d\u00e9fis s\u00e9curitaires, qu\u2019ils soient internes ou externes.<\/p>\n<p>Conform\u00e9ment \u00e0 la volont\u00e9 et \u00e0 la vision de Son Excellence le Pr\u00e9sident de la R\u00e9publique, Chef supr\u00eame des Arm\u00e9es, les efforts se poursuivront et seront m\u00eame renforc\u00e9s pour accro\u00eetre les capacit\u00e9s humaines, op\u00e9rationnelles, logistiques et combattantes de nos forces arm\u00e9es et de s\u00e9curit\u00e9, garantissant ainsi leur disponibilit\u00e9 et leur efficacit\u00e9 dans l\u2019accomplissement de leurs missions souveraines.<\/p>\n<p>Parall\u00e8lement, le Gouvernement accordera une attention particuli\u00e8re \u00e0 l\u2019am\u00e9lioration des conditions mat\u00e9rielles et morales des personnels en activit\u00e9 et des retrait\u00e9s, ainsi que des enfants des martyrs. Il \u0153uvrera \u00e9galement au d\u00e9veloppement et au renforcement des services sociaux et sanitaires qui leur sont destin\u00e9s.<\/p>\n<p>Dans le cadre des priorit\u00e9s de l\u2019action s\u00e9curitaire pour l\u2019ann\u00e9e 2026, la lutte contre la migration irr\u00e9guli\u00e8re, les r\u00e9seaux de trafic et la criminalit\u00e9 organis\u00e9e demeure au premier rang des pr\u00e9occupations. Elle sera men\u00e9e \u00e0 travers l\u2019application stricte des lois en vigueur, la mobilisation de tous les moyens techniques et s\u00e9curitaires disponibles, l\u2019usage optimal de tout ce qu\u2019offrent les nouvelles technologies, le renforcement de la coop\u00e9ration bilat\u00e9rale et multilat\u00e9rale, ainsi que l\u2019intensification des \u00e9changes d\u2019informations avec les partenaires r\u00e9gionaux et internationaux, afin d\u2019assurer une r\u00e9ponse efficace et ferme \u00e0 ces ph\u00e9nom\u00e8nes et de pr\u00e9server la s\u00e9curit\u00e9 et la stabilit\u00e9 du pays.<\/p>\n<p>Monsieur le Pr\u00e9sident,<\/p>\n<p>Mesdames et Messieurs les D\u00e9put\u00e9s,<\/p>\n<p>Le bilan exceptionnel qui vient d\u2019\u00eatre port\u00e9 \u00e0 la connaissance de votre auguste Assembl\u00e9e, tout comme les perspectives d\u2019action ambitieuses et porteuses d\u2019espoir qui s\u2019ouvrent avec l\u2019ann\u00e9e en cours, traduisent la sinc\u00e9rit\u00e9 et la force de la volont\u00e9 de Son Excellence le Pr\u00e9sident de la R\u00e9publique, Monsieur Mohamed Ould Cheikh El Ghazouani, de r\u00e9aliser ses deux programmes de r\u00e9f\u00e9rence, Mes engagements et Mon ambition pour la Patrie, qui proc\u00e8dent de la m\u00eame exigence\u202f: transformer en profondeur la situation du pays pour le conduire vers des horizons encore plus vastes de fraternit\u00e9 nationale, de s\u00e9curit\u00e9, de d\u00e9veloppement durable et de justice sociale renforc\u00e9e.<\/p>\n<p>Nous sommes ici face \u00e0 une dynamique continue, \u00e0 une cha\u00eene ininterrompue de r\u00e9alisations, patiemment \u00e9difi\u00e9es au fil de six ann\u00e9es d\u2019efforts soutenus, de travail acharn\u00e9 et de sens \u00e9lev\u00e9 de la responsabilit\u00e9 publique, port\u00e9s par les Gouvernements successifs sous l\u2019autorit\u00e9 et la conduite \u00e9clair\u00e9e du Chef de l\u2019\u00c9tat.<\/p>\n<p>Qu\u2019il me soit permis, depuis cette tribune solennelle de la repr\u00e9sentation nationale, d\u2019adresser un hommage appuy\u00e9 et une reconnaissance sinc\u00e8re \u00e0 Leurs Excellences les Premiers ministres, \u00e0 l\u2019ensemble des membres du gouvernement, ainsi qu\u2019\u00e0 tous les cadres et agents de l\u2019administration publique, pour les efforts remarquables consentis, pour l\u2019abn\u00e9gation dont ils ont fait preuve et pour les sacrifices assum\u00e9s, au service de notre pays.<\/p>\n<p>Les r\u00e9sultats et les impacts concrets de l\u2019action gouvernementale, ainsi que la m\u00e9thodologie adopt\u00e9e dans sa mise en \u0153uvre \u2013 qui conjugue une vision strat\u00e9gique ambitieuse avec la recherche de solutions durables aux probl\u00e9matiques existantes et celles qui \u00e9mergent, tout en veillant particuli\u00e8rement \u00e0 apporter de r\u00e9ponses rapides aux difficult\u00e9s pressantes ne souffrant aucun d\u00e9lai- commencent \u00e0 se mat\u00e9rialiser progressivement sur le terrain ou, \u00e0 tout le moins, \u00e0 se dessiner avec des perspectives claires.<\/p>\n<p>Ainsi, l\u2019ampleur des r\u00e9alisations, la multiplicit\u00e9 des r\u00e9formes engag\u00e9es et la cadence soutenue des chantiers ouverts constituent aujourd\u2019hui une r\u00e9alit\u00e9 tangible et un fait incontestable, v\u00e9cu au quotidien et reconnu par tous.<\/p>\n<p>Le citoyen ordinaire, tout comme l\u2019observateur ext\u00e9rieur, l\u2019expert, le professionnel des m\u00e9dias ou l\u2019acteur politique \u2014 qu\u2019il soit alli\u00e9 ou opposant \u2014 m\u00eame s\u2019ils peuvent diverger dans leurs appr\u00e9ciations sur le d\u00e9tail, ne peuvent remettre en cause l\u2019importance des r\u00e9formes et des transformations profondes engag\u00e9es, les r\u00e9sultats d\u00e9j\u00e0 obtenus, ou encore l\u2019envergure et le caract\u00e8re global des chantiers que conna\u00eet actuellement le pays.<\/p>\n<p>Nous percevons tous, aujourd\u2019hui, l\u2019ampleur du changement intervenu dans la nature et le niveau des relations entre les diff\u00e9rentes composantes de la sc\u00e8ne politique nationale, par rapport \u00e0 la situation qui pr\u00e9valait en 2019.<\/p>\n<p>Les logiques de d\u00e9nigrement, de mise en accusation et de rupture irr\u00e9vocable ont laiss\u00e9 place \u00e0 une nouvelle dynamique fond\u00e9e sur la reconnaissance mutuelle, le respect serein des opinions divergentes, et un engagement constant en faveur de l\u2019\u00e9largissement des espaces de dialogue, de convergence et de construction du d\u00e9nominateur commun.<\/p>\n<p>Qui, parmi nous, n\u2019appr\u00e9cie pas chaque jour les bienfaits de la s\u00e9curit\u00e9 et de la stabilit\u00e9 dont jouit notre pays \u2014 qu\u2019Allah en soit lou\u00e9 \u2014 dans un contexte r\u00e9gional et international troubl\u00e9, voire chaotique, dont chacun suit, heure apr\u00e8s heure, les d\u00e9veloppements tragiques\u202f?<\/p>\n<p>Certes, la sagesse de notre peuple ainsi que la responsabilit\u00e9 et la maturit\u00e9 de nos \u00e9lites religieuses, politiques et culturelles ont jou\u00e9 un r\u00f4le d\u00e9terminant dans la pr\u00e9servation de la s\u00e9curit\u00e9 nationale.<\/p>\n<p>Mais l\u2019essentiel du travail colossal, exigeant et complexe est accompli avec abn\u00e9gation, sacrifice et sens du devoir par nos vaillants fils au sein des forces arm\u00e9es et de s\u00e9curit\u00e9, qui mettent en \u0153uvre la strat\u00e9gie s\u00e9curitaire int\u00e9gr\u00e9e con\u00e7ue et supervis\u00e9e par Son Excellence Monsieur le Pr\u00e9sident de la R\u00e9publique, Chef Supr\u00eame des Forces Arm\u00e9es. Ce travail constitue le fondement et la source premi\u00e8re de cette pr\u00e9cieuse stabilit\u00e9. Qu\u2019Allah nous aide la consolider et la pr\u00e9server en permanence.<\/p>\n<p>Mais l\u2019apaisement politique et la consolidation de la s\u00e9curit\u00e9, aussi d\u00e9terminants soient-ils, n\u2019ont pas constitu\u00e9 le seul niveau des transformations profondes et des r\u00e9alisations tangibles que conna\u00eet aujourd\u2019hui notre pays, ni le seul horizon des perspectives prometteuses et rassurantes qui s\u2019ouvrent d\u00e9sormais \u00e0 lui dans l\u2019ensemble des domaines.<\/p>\n<p>Sur le plan social, qui ne per\u00e7oit pas la clart\u00e9 des orientations et des choix assum\u00e9s des politiques publiques engag\u00e9es par Son Excellence le Pr\u00e9sident de la R\u00e9publique depuis 2019, et qui ciblent en priorit\u00e9 les couches les plus vuln\u00e9rables de notre peuple\u202f?<\/p>\n<p>Ces orientations ont eu des retomb\u00e9es concr\u00e8tes et tangibles sur le quotidien des b\u00e9n\u00e9ficiaires, qu\u2019il s\u2019agisse des transferts mon\u00e9taires, des m\u00e9canismes d\u2019assurance sanitaire, de la prise en charge des patients atteints d\u2019insuffisance r\u00e9nale et de certaines maladies chroniques, du doublement des pensions des retrait\u00e9s, de l\u2019\u00e9largissement de l\u2019assurance maladie pour couvrir les parents de l\u2019assur\u00e9 principal, de la couverture sanitaire pour les \u00e9tudiants de l\u2019enseignement sup\u00e9rieur \u2014 et la liste est encore longue.<\/p>\n<p>Un autre sujet fait l\u2019objet d\u2019un large consensus quant \u00e0 l\u2019importance du choix courageux qui y a \u00e9t\u00e9 op\u00e9r\u00e9 : il s\u2019agit du projet de l\u2019\u00c9cole r\u00e9publicaine et de la d\u00e9cision d\u2019\u00e9riger un enseignement fondamental public unifi\u00e9, dans lequel tous les enfants de la Nation sont appel\u00e9s \u00e0 \u00e9tudier dans des conditions identiques \u2014 sous un m\u00eame toit, avec une tenue scolaire uniforme, face au m\u00eame enseignant et avec le m\u00eame programmes.<\/p>\n<p>L\u2019importance de cette d\u00e9cision r\u00e9side dans les effets profond\u00e9ment positifs qu\u2019elle est appel\u00e9e \u00e0 produire en mati\u00e8re d\u2019enracinement des valeurs de fraternit\u00e9, de coh\u00e9sion sociale et de citoyennet\u00e9 au sein des jeunes g\u00e9n\u00e9rations.<\/p>\n<p>Il est pertinent de noter qu\u2019\u00e0 travers les nombreux projets structurants que nous voyons se concr\u00e9tiser, ou dont le lancement est en cours de pr\u00e9paration, dans des secteurs vitaux, voire strat\u00e9giques, tels que l\u2019\u00e9lectricit\u00e9, l\u2019eau, les ports ou encore les r\u00e9seaux d\u2019irrigation, \u00e0 titre d\u2019exemples non exhaustifs, il y a un indicateur manifeste de la clairvoyance de la vision et de la force d\u2019ex\u00e9cution.<\/p>\n<p>Pouvions-nous penser qu\u2019il serait possible de doubler la production nationale d\u2019\u00e9lectricit\u00e9 en moins de cinq ans, et de multiplier par deux notre r\u00e9seau de lignes \u00e0 haute tension\u202f?<\/p>\n<p>Nous sommes aujourd\u2019hui sur le point de faire de cet objectif une r\u00e9alit\u00e9 tangible, au lieu d\u2019une simple aspiration.<\/p>\n<p>En effet, deux centrales \u00e9lectriques d\u2019une capacit\u00e9 totale de 292 m\u00e9gawatts entreront en service au cours de l\u2019ann\u00e9e en cours, Incha\u2019Allah, tandis que deux autres centrales, d\u2019une capacit\u00e9 globale de 525 m\u00e9gawatts, sont en cours de r\u00e9alisation et devraient \u00eatre mises en service avant la fin de l\u2019ann\u00e9e 2029.<\/p>\n<p>Parall\u00e8lement, plus de 3\u202f407 kilom\u00e8tres de lignes \u00e0 haute tension sont en cours de construction, dont 1\u202f340 kilom\u00e8tres seront op\u00e9rationnels avant la fin du premier trimestre de cette ann\u00e9e, le reste devant \u00eatre achev\u00e9 d\u2019ici la fin de l\u2019ann\u00e9e 2029.<\/p>\n<p>Il ne fait aucun doute que ces projets structurants auront un impact positif majeur sur la disponibilit\u00e9 du service \u00e9lectrique, sa g\u00e9n\u00e9ralisation \u00e0 l\u2019ensemble du territoire national, ainsi que sur la r\u00e9duction de son co\u00fbt.<\/p>\n<p>Dans le m\u00eame esprit, tout le monde peut observer la dynamique soutenue et l\u2019effort constant que conna\u00eet le secteur de l\u2019eau, visant \u00e0 apporter des solutions durables garantissant l\u2019acc\u00e8s \u00e0 ce service vital \u2014 v\u00e9ritable nerf de la vie \u2014 \u00e0 l\u2019ensemble de nos concitoyens, sur toute l\u2019\u00e9tendue du territoire national.<\/p>\n<p>Nous sommes d\u00e9sormais \u00e0 deux doigts \u2014 sinon plus pr\u00e8s encore \u2014 d\u2019atteindre l\u2019un des objectifs les plus ambitieux fix\u00e9s par Son Excellence le Pr\u00e9sident de la R\u00e9publique\u202f: celui de doubler la production des cinq plus grands projets hydrauliques que le pays ait connus depuis son ind\u00e9pendance, tout en lan\u00e7ant et en ex\u00e9cutant cinq nouveaux projets de m\u00eame envergure.<\/p>\n<p>En effet, la production d\u2019eau de Nouadhibou ainsi que celle du projet Aftout Charghi ont d\u2019ores et d\u00e9j\u00e0 \u00e9t\u00e9 doubl\u00e9es.<\/p>\n<p>Par ailleurs, la production des projets hydrauliques d\u2019Idini et de Dh\u2019h\u00e2r sera doubl\u00e9e avant la fin de l\u2019ann\u00e9e en cours, tandis que les travaux de renforcement de la capacit\u00e9 du projet Aftout Essah\u00e9li entreront dans leur phase finale, leur ach\u00e8vement \u00e9tant pr\u00e9vu avant la fin de l\u2019ann\u00e9e 2028.<\/p>\n<p>Parall\u00e8lement, les travaux sont en cours sur les projets d\u2019alimentation en eau des axes Gouraye \u2013 Kiffa et Bogh\u00e9\u2013El Ghayr\u00e9 \u00e0 partir du fleuve.<\/p>\n<p>Dans le m\u00eame temps, l\u2019\u00e9tude du projet d\u2019approvisionnement en eau de l\u2019axe Bogh\u00e9\u2013Aleg\u2013Sangrava\u2013Tidjikdja \u00e0 partir du fleuve est en cours.<\/p>\n<p>De m\u00eame, les \u00e9tudes relatives \u00e0 la construction de deux grands barrages dans le Guidimakha et le Hodh El Gharbi se poursuivent, tandis que les \u00e9tudes techniques et financi\u00e8res des projets de dessalement de l\u2019eau de mer \u00e0 Nouakchott et \u00e0 Nouadhibou ont d\u2019ores et d\u00e9j\u00e0 \u00e9t\u00e9 finalis\u00e9es.<\/p>\n<p>D\u2019un autre c\u00f4t\u00e9, parmi les illustrations les plus \u00e9loquentes de l\u2019\u00e9volution de notre politique de d\u00e9veloppement des secteurs productifs figure la dynamique notable que conna\u00eet aujourd\u2019hui l\u2019agriculture, l\u2019amorce solide de la r\u00e9alisation de l\u2019ambition de Son Excellence le Pr\u00e9sident de la R\u00e9publique de faire une v\u00e9ritable r\u00e9volution agricole, \u00e0 m\u00eame de garantir notre souverainet\u00e9 alimentaire voir notre autosuffisance, et de mettre un terme \u00e0 notre d\u00e9pendance vis-\u00e0-vis de ce que les march\u00e9s \u00e9trangers consentent \u00e0 exporter vers notre pays.<\/p>\n<p>Parmi les projets structurants illustrant cette dynamique figure la d\u00e9cision de r\u00e9aliser six grands canaux d\u2019irrigation destin\u00e9s \u00e0 l\u2019acheminement de l\u2019eau \u00e0 partir du fleuve, dont les travaux sont en cours, en vue de mettre en valeur plus de 130\u202f000 hectares suppl\u00e9mentaires qui viendront s\u2019ajouter \u00e0 des p\u00e9rim\u00e8tres d\u00e9j\u00e0 am\u00e9nag\u00e9s d\u2019une superficie allant entre 50 et 60 mille hectares.<\/p>\n<p>Trois de ces canaux ont d\u2019ores et d\u00e9j\u00e0 fait l\u2019objet d\u2019un d\u00e9marrage effectif des travaux: les canaux de Sekkam et de Regb\u00e9, ainsi que le canal r\u00e9alis\u00e9 pour l\u2019irrigation de 3\u202f500 hectares dans le cadre du programme d\u2019alimentation en eau de 165 villages. Les \u00e9tudes techniques des trois canaux restants situ\u00e9s dans les zones de Akkeyre au Trarza, Dar el Barka au Brakna et Lexe\u00efba au Gorgol sont en cours de finalisation.<\/p>\n<p>La meilleure illustration de l\u2019ensemble de ces transformations r\u00e9side dans le niveau du taux de croissance de notre \u00e9conomie nationale\u202f: pour la premi\u00e8re fois depuis l\u2019Ind\u00e9pendance, et sur une p\u00e9riode continue de cinq ann\u00e9es (2022\u20112026), la croissance annuelle moyenne est appel\u00e9e \u00e0 d\u00e9passer le seuil de 5,5%.<\/p>\n<p>Tout cela s\u2019est accompli dans un cadre marqu\u00e9 par un d\u00e9ficit budg\u00e9taire ma\u00eetris\u00e9, inf\u00e9rieur \u00e0 0,5\u202f%, et un niveau d\u2019endettement contenu autour de 43%.<\/p>\n<p>Tout ce qui pr\u00e9c\u00e8de ne signifie nullement que nous soyons parvenus au bout du chemin, ni que les probl\u00e9matiques de notre pays aient \u00e9t\u00e9 enti\u00e8rement r\u00e9solues, pas plus que cela n\u2019implique que nous ayons r\u00e9ussi \u00e0 surmonter l\u2019ensemble des difficult\u00e9s auxquelles certains de nos concitoyens continuent de faire face dans leur qu\u00eate l\u00e9gitime de conditions de vie dignes.<\/p>\n<p>Nous avons pleinement conscience des difficult\u00e9s auxquelles une partie de notre jeunesse continue d\u2019\u00eatre confront\u00e9e, notamment en mati\u00e8re de ch\u00f4mage et de limite des opportunit\u00e9s.<\/p>\n<p>Nous ne sommes pas satisfaits de la qualit\u00e9 des services sociaux offerts, loin de l\u00e0, qu\u2019il s\u2019agisse de l\u2019\u00e9ducation, de la sant\u00e9, de l\u2019acc\u00e8s \u00e0 l\u2019eau ou \u00e0 l\u2019\u00e9lectricit\u00e9.<\/p>\n<p>Nous mesurons \u00e9galement, avec lucidit\u00e9 et regret, les \u00e9preuves que traversent de nombreux chefs de famille, contraints de concilier des revenus limit\u00e9s avec des charges familiales de plus en plus lourdes.<\/p>\n<p>Nous percevons tout-aussi fort les aspirations, les espoirs, l\u2019impatience et parfois m\u00eame la lassitude de nos concitoyens, au point d\u2019en arriver, pour certains d\u2019entre eux, \u00e0 douter de la possibilit\u00e9 m\u00eame d\u2019op\u00e9rer les transformations profondes et indispensables dont notre pays a besoin.<\/p>\n<p>C\u2019est dans ce cadre, et en mesurant pleinement la responsabilit\u00e9 qui en d\u00e9coule, que je tiens \u00e0 vous assurer que le gouvernement, conform\u00e9ment aux orientations de Son Excellence Monsieur le Pr\u00e9sident de la R\u00e9publique, Monsieur Mohamed Ould Cheikh El Ghazouani, visant \u00e0 concr\u00e9tiser son ambition pour notre ch\u00e8re patrie, ne m\u00e9nagera aucun effort, ne fl\u00e9chira jamais dans sa d\u00e9termination, et poursuivra sans rel\u00e2che \u00e0 relever tous les d\u00e9fis, \u00e0 affronter et \u00e0 d\u00e9passer tous les obstacles pour l\u2019accomplissement de l\u2019ensemble des engagements pris. Et ce, afin de redonner espoir \u00e0 tous les Mauritaniens en l\u2019avenir de leur pays\u202f: un pays qui sied \u00e0 tous, un pays prosp\u00e8re, uni, s\u00fbr et juste.<\/p>\n<p>Monsieur le Pr\u00e9sident,<\/p>\n<p>Mesdames et Messieurs les D\u00e9put\u00e9s,<\/p>\n<p>Il ne fait aucun doute que la responsabilit\u00e9 de concr\u00e9tiser les objectifs et les ambitions \u00e9voqu\u00e9s, dans la forme et au niveau souhait\u00e9s, incombe en premier lieu au gouvernement.<\/p>\n<p>Mais cette responsabilit\u00e9 est \u00e9galement celle de chaque citoyenne et de chaque citoyen, quels que soient leur position, leur domaine de comp\u00e9tence, leurs qualifications ou leur exp\u00e9rience ou son \u00e2ge.<\/p>\n<p>Il est de notre devoir \u00e0 tous de faire pr\u00e9valoir l\u2019int\u00e9r\u00eat sup\u00e9rieur de la Nation sur toute autre consid\u00e9ration. La patrie doit, dans nos esprits comme dans nos actes, primer en rang et en importance sur la tribu, le groupe, le parti et les int\u00e9r\u00eats particuliers.<\/p>\n<p>Car, dans le contexte de notre \u00e9poque, la Nation demeure le seul cadre capable d\u2019assurer durablement la prise en charge de chaque citoyenne et de chaque citoyen, dans l\u2019\u00e9galit\u00e9, la dignit\u00e9 et la justice.<\/p>\n<p>Il est imp\u00e9ratif de consacrer une v\u00e9ritable culture du travail, d\u2019encourager l\u2019engagement et l\u2019effort, et de rejeter toute forme de passivit\u00e9. Il s\u2019agit l\u00e0 d\u2019un devoir collectif, qui nous incombe \u00e0 tous, notre jeunesse, nos femmes et \u00e0 nos hommes. Nous ne disposons d\u2019aucune marge permettant la d\u00e9pendance ou le gaspillage de davantage de temps.<\/p>\n<p>La r\u00e9alisation des objectifs que nous nous sommes fix\u00e9s sans effort n\u2019est ni possible ni naturelle\u202f; et quand bien m\u00eame cela surviendrait, rien n\u2019en garantirait la p\u00e9rennit\u00e9, une telle situation entra\u00eenant, le plus souvent, des injustices \u00e0 l\u2019\u00e9gard d\u2019autres parties.<\/p>\n<p>Soyons davantage positifs et sachons faire preuve de retenue face aux discours nihilistes et syst\u00e9matiquement sceptiques, qui remettent tout en cause. Car ces discours, en toute simplicit\u00e9, contribuent \u00e0 \u00e9touffer l\u2019espoir \u2014 et sans espoir, la vie se transforme rapidement en un v\u00e9ritable enfer.<\/p>\n<p>Il nous appartient \u00e0 tous de redoubler d\u2019efforts pour consolider notre coh\u00e9sion sociale et notre unit\u00e9 nationale, et d\u2019op\u00e9rer une rupture d\u00e9finitive avec toutes les consid\u00e9rations contraires aux valeurs de la R\u00e9publique et de l\u2019\u00c9tat.<\/p>\n<p>Il nous incombe, \u00e9galement, de travailler plus, main dans la main, dans un esprit de coop\u00e9ration, de solidarit\u00e9 et d\u2019harmonie, au service de l\u2019int\u00e9r\u00eat sup\u00e9rieur du pays.<\/p>\n","protected":false},"excerpt":{"rendered":"<p>Le Premier ministre, M. El Moctar Ould Djay, a pr\u00e9sent\u00e9, lors d\u2019une s\u00e9ance publique de l\u2019Assembl\u00e9e nationale pr\u00e9sid\u00e9e par M. Mohamed Bemba Meguett, pr\u00e9sident de l\u2019Assembl\u00e9e, le bilan de l\u2019action gouvernementale pour l\u2019ann\u00e9e \u00e9coul\u00e9e 2025 et ses perspectives pour l\u2019ann\u00e9e en cours 2026. Le Premier ministre a expliqu\u00e9 que le bilan exceptionnel pr\u00e9sent\u00e9 pour l\u2019ann\u00e9e &hellip;<\/p>\n","protected":false},"author":2,"featured_media":20181,"comment_status":"open","ping_status":"open","sticky":false,"template":"","format":"standard","meta":{"footnotes":""},"categories":[18,2,31],"tags":[],"class_list":["post-20180","post","type-post","status-publish","format-standard","has-post-thumbnail","hentry","category-actualites","category-economie","category-politique-et-reportages"],"_links":{"self":[{"href":"https:\/\/ladepeche.mr\/index.php?rest_route=\/wp\/v2\/posts\/20180","targetHints":{"allow":["GET"]}}],"collection":[{"href":"https:\/\/ladepeche.mr\/index.php?rest_route=\/wp\/v2\/posts"}],"about":[{"href":"https:\/\/ladepeche.mr\/index.php?rest_route=\/wp\/v2\/types\/post"}],"author":[{"embeddable":true,"href":"https:\/\/ladepeche.mr\/index.php?rest_route=\/wp\/v2\/users\/2"}],"replies":[{"embeddable":true,"href":"https:\/\/ladepeche.mr\/index.php?rest_route=%2Fwp%2Fv2%2Fcomments&post=20180"}],"version-history":[{"count":1,"href":"https:\/\/ladepeche.mr\/index.php?rest_route=\/wp\/v2\/posts\/20180\/revisions"}],"predecessor-version":[{"id":20182,"href":"https:\/\/ladepeche.mr\/index.php?rest_route=\/wp\/v2\/posts\/20180\/revisions\/20182"}],"wp:featuredmedia":[{"embeddable":true,"href":"https:\/\/ladepeche.mr\/index.php?rest_route=\/wp\/v2\/media\/20181"}],"wp:attachment":[{"href":"https:\/\/ladepeche.mr\/index.php?rest_route=%2Fwp%2Fv2%2Fmedia&parent=20180"}],"wp:term":[{"taxonomy":"category","embeddable":true,"href":"https:\/\/ladepeche.mr\/index.php?rest_route=%2Fwp%2Fv2%2Fcategories&post=20180"},{"taxonomy":"post_tag","embeddable":true,"href":"https:\/\/ladepeche.mr\/index.php?rest_route=%2Fwp%2Fv2%2Ftags&post=20180"}],"curies":[{"name":"wp","href":"https:\/\/api.w.org\/{rel}","templated":true}]}}