{"id":20183,"date":"2026-01-23T10:22:10","date_gmt":"2026-01-23T10:22:10","guid":{"rendered":"https:\/\/ladepeche.mr\/?p=20183"},"modified":"2026-01-23T10:22:10","modified_gmt":"2026-01-23T10:22:10","slug":"promotion-de-lintegration-africaine-ghazouani-recoit-un-emissaire-de-barrow","status":"publish","type":"post","link":"https:\/\/ladepeche.mr\/?p=20183","title":{"rendered":"Promotion de l&#8217;int\u00e9gration africaine: Ghazouani re\u00e7oit un \u00e9missaire de barrow"},"content":{"rendered":"<p>Le pr\u00e9sident de la R\u00e9publique, Mohamed Ould Cheikh El Ghazouani, a re\u00e7u jeudi au Palais pr\u00e9sidentiel, Amadou Diagne, ambassadeur itin\u00e9rant et envoy\u00e9 sp\u00e9cial du Pr\u00e9sident de la R\u00e9publique de Gambie, porteur des recommandations issues du forum <em>Invest in Africa et Invest in Dubai<\/em>, tenu en d\u00e9cembre dernier \u00e0 Duba\u00ef.<\/p>\n<p>Ambassadeur itin\u00e9rant du pr\u00e9sident de la Gambie et pr\u00e9sident du FOGECA (Forum des op\u00e9rateurs pour la garantie de l\u2019\u00c9mergence \u00e9conomique en Afrique), le responsable \u00e9tait officiellement mandat\u00e9 par le chef de l\u2019\u00c9tat gambien pour transmettre ces conclusions. Le pr\u00e9sident mauritanien avait \u00e9t\u00e9 invit\u00e9 d\u2019honneur de ce forum pour l\u2019\u00e9dition 2025-2026.<\/p>\n<p>Au c\u0153ur des \u00e9changes : la promotion de l\u2019int\u00e9gration \u00e9conomique africaine et le renforcement des investissements sur le continent. Cr\u00e9\u00e9 il y a une vingtaine d\u2019ann\u00e9es, le forum <em>Invest in Africa<\/em> \u0153uvre \u00e0 encourager les investissements \u00ab par les Africains et pour les Africains \u00bb.<\/p>\n<p>En reconnaissance des avanc\u00e9es enregistr\u00e9es sous la conduite du pr\u00e9sident Ghazouani, notamment dans le domaine des infrastructures, le comit\u00e9 ex\u00e9cutif du forum a d\u00e9cid\u00e9 de d\u00e9signer la Mauritanie comme pays invit\u00e9 d\u2019honneur cette ann\u00e9e.<\/p>\n<p>Selon le pr\u00e9sident du FOGECA, les progr\u00e8s constat\u00e9s confirment les appr\u00e9ciations positives formul\u00e9es par plusieurs dirigeants africains, dont le pr\u00e9sident Adama Barrow. Ils constituent \u00e9galement un signal fort \u00e0 l\u2019endroit du secteur priv\u00e9 africain, appel\u00e9 \u00e0 jouer un r\u00f4le accru aux c\u00f4t\u00e9s des pouvoirs publics dans la mise en \u0153uvre des politiques \u00e9conomiques.<\/p>\n<p>La rencontre a aussi permis d\u2019\u00e9changer sur les grandes orientations de la politique \u00e9conomique mauritanienne, en coh\u00e9rence avec l\u2019Agenda 2063 de l\u2019Union africaine. Les recommandations du forum seront transmises \u00e0 la Commission de l\u2019Union africaine ainsi qu\u2019au pr\u00e9sident en exercice de l\u2019organisation.<\/p>\n<p>\u00c0 l\u2019issue de l\u2019audience, le pr\u00e9sident du FOGECA s\u2019est dit satisfait des \u00e9changes, estimant que le chef de l\u2019\u00c9tat mauritanien partage pleinement la vision d\u2019un d\u00e9veloppement inclusif du continent et d\u2019une int\u00e9gration \u00e9conomique africaine renforc\u00e9e.<\/p>\n<p>(avec Ami)<\/p>\n","protected":false},"excerpt":{"rendered":"<p>Le pr\u00e9sident de la R\u00e9publique, Mohamed Ould Cheikh El Ghazouani, a re\u00e7u jeudi au Palais pr\u00e9sidentiel, Amadou Diagne, ambassadeur itin\u00e9rant et envoy\u00e9 sp\u00e9cial du Pr\u00e9sident de la R\u00e9publique de Gambie, porteur des recommandations issues du forum Invest in Africa et Invest in Dubai, tenu en d\u00e9cembre dernier \u00e0 Duba\u00ef. Ambassadeur itin\u00e9rant du pr\u00e9sident de la &hellip;<\/p>\n","protected":false},"author":2,"featured_media":20184,"comment_status":"open","ping_status":"open","sticky":false,"template":"","format":"standard","meta":{"footnotes":""},"categories":[18,29],"tags":[],"class_list":["post-20183","post","type-post","status-publish","format-standard","has-post-thumbnail","hentry","category-actualites","category-monde"],"_links":{"self":[{"href":"https:\/\/ladepeche.mr\/index.php?rest_route=\/wp\/v2\/posts\/20183","targetHints":{"allow":["GET"]}}],"collection":[{"href":"https:\/\/ladepeche.mr\/index.php?rest_route=\/wp\/v2\/posts"}],"about":[{"href":"https:\/\/ladepeche.mr\/index.php?rest_route=\/wp\/v2\/types\/post"}],"author":[{"embeddable":true,"href":"https:\/\/ladepeche.mr\/index.php?rest_route=\/wp\/v2\/users\/2"}],"replies":[{"embeddable":true,"href":"https:\/\/ladepeche.mr\/index.php?rest_route=%2Fwp%2Fv2%2Fcomments&post=20183"}],"version-history":[{"count":1,"href":"https:\/\/ladepeche.mr\/index.php?rest_route=\/wp\/v2\/posts\/20183\/revisions"}],"predecessor-version":[{"id":20185,"href":"https:\/\/ladepeche.mr\/index.php?rest_route=\/wp\/v2\/posts\/20183\/revisions\/20185"}],"wp:featuredmedia":[{"embeddable":true,"href":"https:\/\/ladepeche.mr\/index.php?rest_route=\/wp\/v2\/media\/20184"}],"wp:attachment":[{"href":"https:\/\/ladepeche.mr\/index.php?rest_route=%2Fwp%2Fv2%2Fmedia&parent=20183"}],"wp:term":[{"taxonomy":"category","embeddable":true,"href":"https:\/\/ladepeche.mr\/index.php?rest_route=%2Fwp%2Fv2%2Fcategories&post=20183"},{"taxonomy":"post_tag","embeddable":true,"href":"https:\/\/ladepeche.mr\/index.php?rest_route=%2Fwp%2Fv2%2Ftags&post=20183"}],"curies":[{"name":"wp","href":"https:\/\/api.w.org\/{rel}","templated":true}]}}