{"id":20186,"date":"2026-01-23T10:28:44","date_gmt":"2026-01-23T10:28:44","guid":{"rendered":"https:\/\/ladepeche.mr\/?p=20186"},"modified":"2026-01-23T10:28:44","modified_gmt":"2026-01-23T10:28:44","slug":"trump-lance-officiellement-son-conseil-de-paix-et-affirme-quil-agira-au-dela-de-gaza","status":"publish","type":"post","link":"https:\/\/ladepeche.mr\/?p=20186","title":{"rendered":"Trump lance officiellement son \u00ab Conseil de paix \u00bb et affirme qu\u2019il agira au-del\u00e0 de Gaza"},"content":{"rendered":"<h4>\u00ab Une fois ce conseil compl\u00e8tement form\u00e9, nous pourrons faire \u00e0 peu pr\u00e8s tout ce que nous voulons, et nous le ferons en coordination avec l\u2019ONU \u00bb, d\u00e9clare le pr\u00e9sident am\u00e9ricain.<\/h4>\n<p class=\"selectionShareable\">Le pr\u00e9sident am\u00e9ricain Donald Trump a officiellement lanc\u00e9, jeudi, son \u00ab Conseil de paix \u00bb, affirmant que cet organe, qu\u2019il pr\u00e9side, travaillera en partenariat avec l\u2019ONU pour traiter des crises bien au-del\u00e0 de la bande de Gaza.<\/p>\n<p class=\"selectionShareable\">\u00ab Nous sommes d\u00e9termin\u00e9s \u00e0 faire en sorte que Gaza soit d\u00e9militaris\u00e9, correctement gouvern\u00e9 et magnifiquement reconstruit. Ce sera un grand plan, et c\u2019est l\u00e0 que le Conseil de paix a vraiment commenc\u00e9. Et je pense que nous pouvons \u00e9largir \u00e0 d\u2019autres sujets, \u00e0 mesure que nous r\u00e9ussissons avec Gaza \u00bb, a d\u00e9clar\u00e9 Trump, alors qu\u2019il recevait pr\u00e8s de deux douzaines de dirigeants mondiaux en marge du Forum \u00e9conomique mondial, lors d\u2019une c\u00e9r\u00e9monie de signature.<\/p>\n<p class=\"selectionShareable\">\u00ab Ce sera quelque chose de formidable \u00e0 observer. Et nous pouvons faire d\u2019autres choses. Nous pouvons faire de nombreuses autres choses. Une fois ce conseil compl\u00e8tement form\u00e9, nous pourrons faire \u00e0 peu pr\u00e8s tout ce que nous voulons, et nous le ferons en coordination avec les Nations unies \u00bb, a-t-il ajout\u00e9.<\/p>\n<p class=\"selectionShareable\">Des repr\u00e9sentants de plusieurs pays ont sign\u00e9 les documents fondateurs de l\u2019organisation. Toutefois, les d\u00e9tails concernant le mandat du conseil, ainsi que sa charte, n\u2019\u00e9taient pas imm\u00e9diatement disponibles.<\/p>\n<p class=\"selectionShareable\">Depuis longtemps, des interrogations persistent sur l\u2019\u00e9tendue de la mission de ce conseil. Cependant, les propos de Trump semblent confirmer qu\u2019il sera impliqu\u00e9 dans des affaires mondiales bien au-del\u00e0 de Gaza, alors qu\u2019il a de nouveau critiqu\u00e9 ce qu\u2019il consid\u00e8re comme l\u2019\u00e9chec de l\u2019ONU \u00e0 exploiter son \u00ab \u00e9norme potentiel \u00bb.<\/p>\n<p class=\"selectionShareable\">\u00ab Il y a un potentiel immense au sein des Nations unies. Et je pense que la combinaison du Conseil de paix, avec le type de personnes que nous avons ici, et celle des Nations unies, peut donner quelque chose de tr\u00e8s, tr\u00e8s unique pour le monde \u00bb, a-t-il conclu.<\/p>\n<p>aa.com.tr<\/p>\n","protected":false},"excerpt":{"rendered":"<p>\u00ab Une fois ce conseil compl\u00e8tement form\u00e9, nous pourrons faire \u00e0 peu pr\u00e8s tout ce que nous voulons, et nous le ferons en coordination avec l\u2019ONU \u00bb, d\u00e9clare le pr\u00e9sident am\u00e9ricain. Le pr\u00e9sident am\u00e9ricain Donald Trump a officiellement lanc\u00e9, jeudi, son \u00ab Conseil de paix \u00bb, affirmant que cet organe, qu\u2019il pr\u00e9side, travaillera en partenariat &hellip;<\/p>\n","protected":false},"author":2,"featured_media":20187,"comment_status":"open","ping_status":"open","sticky":false,"template":"","format":"standard","meta":{"footnotes":""},"categories":[18,29],"tags":[],"class_list":["post-20186","post","type-post","status-publish","format-standard","has-post-thumbnail","hentry","category-actualites","category-monde"],"_links":{"self":[{"href":"https:\/\/ladepeche.mr\/index.php?rest_route=\/wp\/v2\/posts\/20186","targetHints":{"allow":["GET"]}}],"collection":[{"href":"https:\/\/ladepeche.mr\/index.php?rest_route=\/wp\/v2\/posts"}],"about":[{"href":"https:\/\/ladepeche.mr\/index.php?rest_route=\/wp\/v2\/types\/post"}],"author":[{"embeddable":true,"href":"https:\/\/ladepeche.mr\/index.php?rest_route=\/wp\/v2\/users\/2"}],"replies":[{"embeddable":true,"href":"https:\/\/ladepeche.mr\/index.php?rest_route=%2Fwp%2Fv2%2Fcomments&post=20186"}],"version-history":[{"count":1,"href":"https:\/\/ladepeche.mr\/index.php?rest_route=\/wp\/v2\/posts\/20186\/revisions"}],"predecessor-version":[{"id":20188,"href":"https:\/\/ladepeche.mr\/index.php?rest_route=\/wp\/v2\/posts\/20186\/revisions\/20188"}],"wp:featuredmedia":[{"embeddable":true,"href":"https:\/\/ladepeche.mr\/index.php?rest_route=\/wp\/v2\/media\/20187"}],"wp:attachment":[{"href":"https:\/\/ladepeche.mr\/index.php?rest_route=%2Fwp%2Fv2%2Fmedia&parent=20186"}],"wp:term":[{"taxonomy":"category","embeddable":true,"href":"https:\/\/ladepeche.mr\/index.php?rest_route=%2Fwp%2Fv2%2Fcategories&post=20186"},{"taxonomy":"post_tag","embeddable":true,"href":"https:\/\/ladepeche.mr\/index.php?rest_route=%2Fwp%2Fv2%2Ftags&post=20186"}],"curies":[{"name":"wp","href":"https:\/\/api.w.org\/{rel}","templated":true}]}}