{"id":20190,"date":"2026-01-23T13:00:19","date_gmt":"2026-01-23T13:00:19","guid":{"rendered":"https:\/\/ladepeche.mr\/?p=20190"},"modified":"2026-01-23T10:34:48","modified_gmt":"2026-01-23T10:34:48","slug":"le-ministre-des-affaires-economiques-rencontre-le-president-de-la-commission-de-consolidation-de-la-paix-des-nations-unies","status":"publish","type":"post","link":"https:\/\/ladepeche.mr\/?p=20190","title":{"rendered":"Le ministre des Affaires \u00e9conomiques rencontre le pr\u00e9sident de la Commission de consolidation de la paix des Nations unies"},"content":{"rendered":"<p>Son Excellence le ministre des Affaires \u00e9conomiques et du D\u00e9veloppement, M. Abdallah Ould Souleymane Ould Cheikh Sidia, a tenu, jeudi \u00e0 New York, une rencontre avec l\u2019ambassadeur, repr\u00e9sentant permanent de la R\u00e9publique f\u00e9d\u00e9rale d\u2019Allemagne aupr\u00e8s des Nations unies et pr\u00e9sident de la Commission de consolidation de la paix, M. Riklef Beutin.<\/p>\n<p>La rencontre a \u00e9t\u00e9 consacr\u00e9e \u00e0 la concertation et \u00e0 la pr\u00e9paration technique approfondie de la pr\u00e9sentation de la strat\u00e9gie nationale de la Mauritanie devant la Commission de consolidation de la paix des Nations unies, en vue de renforcer le positionnement du pays en tant que partenaire cr\u00e9dible dans les efforts de paix et de d\u00e9veloppement.<\/p>\n<p>Les deux parties ont \u00e9galement examin\u00e9 les moyens de d\u00e9velopper les relations de coop\u00e9ration entre notre pays et la Commission de consolidation de la paix, ainsi que les opportunit\u00e9s de renforcement des relations bilat\u00e9rales entre la Mauritanie et l\u2019Allemagne.<\/p>\n<p>\u00c0 cette occasion, Son Excellence le ministre a exprim\u00e9 sa gratitude pour le soutien constant de l\u2019Allemagne aux efforts de d\u00e9veloppement de notre pays.<\/p>\n<p>La rencontre s\u2019est d\u00e9roul\u00e9e en pr\u00e9sence de l\u2019ambassadeur, repr\u00e9sentant permanent de la Mauritanie aupr\u00e8s des Nations unies, SEM. Sidi Ould Mohamed Laghdhaf.<\/p>\n<p>(MAED)<\/p>\n","protected":false},"excerpt":{"rendered":"<p>Son Excellence le ministre des Affaires \u00e9conomiques et du D\u00e9veloppement, M. Abdallah Ould Souleymane Ould Cheikh Sidia, a tenu, jeudi \u00e0 New York, une rencontre avec l\u2019ambassadeur, repr\u00e9sentant permanent de la R\u00e9publique f\u00e9d\u00e9rale d\u2019Allemagne aupr\u00e8s des Nations unies et pr\u00e9sident de la Commission de consolidation de la paix, M. Riklef Beutin. La rencontre a \u00e9t\u00e9 &hellip;<\/p>\n","protected":false},"author":2,"featured_media":20191,"comment_status":"open","ping_status":"open","sticky":false,"template":"","format":"standard","meta":{"footnotes":""},"categories":[18],"tags":[],"class_list":["post-20190","post","type-post","status-publish","format-standard","has-post-thumbnail","hentry","category-actualites"],"_links":{"self":[{"href":"https:\/\/ladepeche.mr\/index.php?rest_route=\/wp\/v2\/posts\/20190","targetHints":{"allow":["GET"]}}],"collection":[{"href":"https:\/\/ladepeche.mr\/index.php?rest_route=\/wp\/v2\/posts"}],"about":[{"href":"https:\/\/ladepeche.mr\/index.php?rest_route=\/wp\/v2\/types\/post"}],"author":[{"embeddable":true,"href":"https:\/\/ladepeche.mr\/index.php?rest_route=\/wp\/v2\/users\/2"}],"replies":[{"embeddable":true,"href":"https:\/\/ladepeche.mr\/index.php?rest_route=%2Fwp%2Fv2%2Fcomments&post=20190"}],"version-history":[{"count":1,"href":"https:\/\/ladepeche.mr\/index.php?rest_route=\/wp\/v2\/posts\/20190\/revisions"}],"predecessor-version":[{"id":20192,"href":"https:\/\/ladepeche.mr\/index.php?rest_route=\/wp\/v2\/posts\/20190\/revisions\/20192"}],"wp:featuredmedia":[{"embeddable":true,"href":"https:\/\/ladepeche.mr\/index.php?rest_route=\/wp\/v2\/media\/20191"}],"wp:attachment":[{"href":"https:\/\/ladepeche.mr\/index.php?rest_route=%2Fwp%2Fv2%2Fmedia&parent=20190"}],"wp:term":[{"taxonomy":"category","embeddable":true,"href":"https:\/\/ladepeche.mr\/index.php?rest_route=%2Fwp%2Fv2%2Fcategories&post=20190"},{"taxonomy":"post_tag","embeddable":true,"href":"https:\/\/ladepeche.mr\/index.php?rest_route=%2Fwp%2Fv2%2Ftags&post=20190"}],"curies":[{"name":"wp","href":"https:\/\/api.w.org\/{rel}","templated":true}]}}