{"id":20193,"date":"2026-01-23T10:55:51","date_gmt":"2026-01-23T10:55:51","guid":{"rendered":"https:\/\/ladepeche.mr\/?p=20193"},"modified":"2026-01-23T11:00:10","modified_gmt":"2026-01-23T11:00:10","slug":"mauritanie-7-militaires-portes-disparus-retrouves-sains-et-saufs","status":"publish","type":"post","link":"https:\/\/ladepeche.mr\/?p=20193","title":{"rendered":"Mauritanie\u00a0: les 7 militaires port\u00e9s disparus retrouv\u00e9s sains et saufs"},"content":{"rendered":"<p>L\u2019Arm\u00e9e mauritanienne a confirm\u00e9, dans un communiqu\u00e9 sur sa page Facebook, que les 7 soldats mauritaniens sont port\u00e9s disparus, apr\u00e8s la perte de contact avec une embarcation militaire engag\u00e9e dans une op\u00e9ration de sauvetage au large de Nouakchott, ont \u00e9t\u00e9 retrouv\u00e9s sains et saufs.<\/p>\n<p>Mercredi, l\u2019arm\u00e9e avait annonc\u00e9 leur disparition et confirm\u00e9 l\u2019organisation de recherche apr\u00e8s l\u2019interruption de la communication avec le navire parti porter assistance \u00e0 un bateau civil en panne.<\/p>\n<p>Des forces a\u00e9riennes et navales avaient alert\u00e9es et plac\u00e9es en \u00e9tat d\u2019alerte maximale pour retrouver les soldats port\u00e9s disparus.<br \/>\nNotons que le communiqu\u00e9 de l\u2019arm\u00e9e ne donne pas de pr\u00e9cisions sur le lieu o\u00f9 les soldats ont \u00e9t\u00e9 retrouv\u00e9s.<\/p>\n","protected":false},"excerpt":{"rendered":"<p>L\u2019Arm\u00e9e mauritanienne a confirm\u00e9, dans un communiqu\u00e9 sur sa page Facebook, que les 7 soldats mauritaniens sont port\u00e9s disparus, apr\u00e8s la perte de contact avec une embarcation militaire engag\u00e9e dans une op\u00e9ration de sauvetage au large de Nouakchott, ont \u00e9t\u00e9 retrouv\u00e9s sains et saufs. Mercredi, l\u2019arm\u00e9e avait annonc\u00e9 leur disparition et confirm\u00e9 l\u2019organisation de recherche &hellip;<\/p>\n","protected":false},"author":2,"featured_media":20194,"comment_status":"open","ping_status":"open","sticky":false,"template":"","format":"standard","meta":{"footnotes":""},"categories":[18],"tags":[],"class_list":["post-20193","post","type-post","status-publish","format-standard","has-post-thumbnail","hentry","category-actualites"],"_links":{"self":[{"href":"https:\/\/ladepeche.mr\/index.php?rest_route=\/wp\/v2\/posts\/20193","targetHints":{"allow":["GET"]}}],"collection":[{"href":"https:\/\/ladepeche.mr\/index.php?rest_route=\/wp\/v2\/posts"}],"about":[{"href":"https:\/\/ladepeche.mr\/index.php?rest_route=\/wp\/v2\/types\/post"}],"author":[{"embeddable":true,"href":"https:\/\/ladepeche.mr\/index.php?rest_route=\/wp\/v2\/users\/2"}],"replies":[{"embeddable":true,"href":"https:\/\/ladepeche.mr\/index.php?rest_route=%2Fwp%2Fv2%2Fcomments&post=20193"}],"version-history":[{"count":2,"href":"https:\/\/ladepeche.mr\/index.php?rest_route=\/wp\/v2\/posts\/20193\/revisions"}],"predecessor-version":[{"id":20196,"href":"https:\/\/ladepeche.mr\/index.php?rest_route=\/wp\/v2\/posts\/20193\/revisions\/20196"}],"wp:featuredmedia":[{"embeddable":true,"href":"https:\/\/ladepeche.mr\/index.php?rest_route=\/wp\/v2\/media\/20194"}],"wp:attachment":[{"href":"https:\/\/ladepeche.mr\/index.php?rest_route=%2Fwp%2Fv2%2Fmedia&parent=20193"}],"wp:term":[{"taxonomy":"category","embeddable":true,"href":"https:\/\/ladepeche.mr\/index.php?rest_route=%2Fwp%2Fv2%2Fcategories&post=20193"},{"taxonomy":"post_tag","embeddable":true,"href":"https:\/\/ladepeche.mr\/index.php?rest_route=%2Fwp%2Fv2%2Ftags&post=20193"}],"curies":[{"name":"wp","href":"https:\/\/api.w.org\/{rel}","templated":true}]}}