{"id":20226,"date":"2026-01-24T12:00:56","date_gmt":"2026-01-24T12:00:56","guid":{"rendered":"https:\/\/ladepeche.mr\/?p=20226"},"modified":"2026-01-24T10:09:53","modified_gmt":"2026-01-24T10:09:53","slug":"padem-acces-au-financement-414-candidats-retenus-dans-3-regions","status":"publish","type":"post","link":"https:\/\/ladepeche.mr\/?p=20226","title":{"rendered":"PADEM\/Acc\u00e8s au financement\u00a0: 414 candidats retenus dans 3 r\u00e9gions"},"content":{"rendered":"<p>Le comit\u00e9 technique du Programme d\u2019Appui au D\u00e9veloppement de l\u2019Entrepreneuriat en Mauritanie (PADEM) a valid\u00e9, le 20 janvier 2026, les listes d\u00e9finitives des b\u00e9n\u00e9ficiaires \u00e9ligibles au financement des projets dans le cadre de la phase pilote du programme, a-t-on officiellement annonc\u00e9 \u00e0 Nouakchott. Au total, 414 candidats ont \u00e9t\u00e9 retenus dans les trois zones d\u2019intervention : le Gorgol, le Guidimagha et la commune de Dar Naim \u00e0 Nouakchott Nord.<\/p>\n<p data-start=\"503\" data-end=\"807\">Dans la r\u00e9gion du Gorgol, sur 118 candidats convoqu\u00e9s aux entretiens, 112 ont \u00e9t\u00e9 auditionn\u00e9s, tandis que six se sont absent\u00e9s ou d\u00e9sist\u00e9s. \u00c0 l\u2019issue des d\u00e9lib\u00e9rations, 98 candidats ont \u00e9t\u00e9 retenus, dont 31 micro et petites entreprises (MPE) et 67 activit\u00e9s g\u00e9n\u00e9ratrices de revenus (AGR).<\/p>\n<p data-start=\"809\" data-end=\"1019\">Dans le Guidimagha, 142 candidats ont \u00e9t\u00e9 convoqu\u00e9s, 139 auditionn\u00e9s et trois absents recens\u00e9s. La commission a finalement valid\u00e9 une liste de 106 b\u00e9n\u00e9ficiaires, r\u00e9partis entre 32 MPE et 74 AGR.<\/p>\n<p data-start=\"1021\" data-end=\"1306\">\u00c0 Dar Naim, dans la wilaya de Nouakchott Nord, 245 candidats ont \u00e9t\u00e9 convoqu\u00e9s aux entretiens. Le jury a auditionn\u00e9 232 candidats, tandis que 13 absences ou d\u00e9sistements ont \u00e9t\u00e9 enregistr\u00e9s. \u00c0 l\u2019issue du processus, 210 candidats ont \u00e9t\u00e9 retenus, dont 79 MPE et 131 AGR.<\/p>\n<p data-start=\"1308\" data-end=\"1557\">Les candidats s\u00e9lectionn\u00e9s devraient entamer, dans les prochains jours, les proc\u00e9dures de formalisation n\u00e9cessaires \u00e0 l\u2019acc\u00e8s aux financements.<\/p>\n<p data-start=\"1559\" data-end=\"1820\">Par ailleurs, une p\u00e9riode de r\u00e9clamation de cinq jours ouvrables est ouverte pour les candidats non retenus.<\/p>\n<p>En filigrane, le PADEM illustre une volont\u00e9 politique claire : faire de l\u2019entrepreneuriat un levier concret de d\u00e9veloppement local. En ciblant des territoires souvent en marge, en misant sur l\u2019accompagnement autant que sur le financement, et en pla\u00e7ant les jeunes et les femmes au c\u0153ur de sa strat\u00e9gie, le projet d\u00e9passe la logique de l\u2019aide ponctuelle. Reste d\u00e9sormais \u00e0 confirmer, au terme de la phase pilote, que ces ambitions se traduiront durablement en entreprises viables, cr\u00e9atrices d\u2019emplois et de valeur pour l\u2019\u00e9conomie mauritanienne.<\/p>\n<p>Quelques infos sur le PADEM<\/p>\n<p>Le Projet d\u2019Appui au D\u00e9veloppement de l\u2019Entrepreneuriat en Mauritanie (PADEM) est une initiative majeure visant \u00e0 soutenir la cr\u00e9ation et le d\u00e9veloppement d&#8217;entreprises dans le pays.<\/p>\n<ul>\n<li>Objectif principal : Cr\u00e9ation de 400 entreprises dans les wilayas du Gorgol, du Guidimaka et dans la moughataa de Dar Naim \u00e0 Nouakchott.<\/li>\n<li>Financement : Les projets b\u00e9n\u00e9ficient d&#8217;un financement variant entre 10.000 et 500.000 MRU, avec un accompagnement personnalis\u00e9 pr\u00e9 et post-financement.<\/li>\n<li>Accompagnement : Le projet offre des facilit\u00e9s pour la formalisation d&#8217;entreprise et des mises en relation avec des partenaires et d&#8217;autres acteurs de l&#8217;\u00e9cosyst\u00e8me entrepreneurial.<\/li>\n<li>Phase pilote : La phase pilote du PADEM a \u00e9t\u00e9 lanc\u00e9e pour tester l&#8217;efficacit\u00e9 du projet et \u00e9valuer les r\u00e9sultats avant une phase plus large.<\/li>\n<li>Partenaires : Le PADEM est cofinanc\u00e9 par l&#8217;Agence Fran\u00e7aise de D\u00e9veloppement (AFD) et l&#8217;Union Europ\u00e9enne (UE).<\/li>\n<\/ul>\n","protected":false},"excerpt":{"rendered":"<p>Le comit\u00e9 technique du Programme d\u2019Appui au D\u00e9veloppement de l\u2019Entrepreneuriat en Mauritanie (PADEM) a valid\u00e9, le 20 janvier 2026, les listes d\u00e9finitives des b\u00e9n\u00e9ficiaires \u00e9ligibles au financement des projets dans le cadre de la phase pilote du programme, a-t-on officiellement annonc\u00e9 \u00e0 Nouakchott. Au total, 414 candidats ont \u00e9t\u00e9 retenus dans les trois zones d\u2019intervention &hellip;<\/p>\n","protected":false},"author":2,"featured_media":20227,"comment_status":"open","ping_status":"open","sticky":false,"template":"","format":"standard","meta":{"footnotes":""},"categories":[18,2],"tags":[],"class_list":["post-20226","post","type-post","status-publish","format-standard","has-post-thumbnail","hentry","category-actualites","category-economie"],"_links":{"self":[{"href":"https:\/\/ladepeche.mr\/index.php?rest_route=\/wp\/v2\/posts\/20226","targetHints":{"allow":["GET"]}}],"collection":[{"href":"https:\/\/ladepeche.mr\/index.php?rest_route=\/wp\/v2\/posts"}],"about":[{"href":"https:\/\/ladepeche.mr\/index.php?rest_route=\/wp\/v2\/types\/post"}],"author":[{"embeddable":true,"href":"https:\/\/ladepeche.mr\/index.php?rest_route=\/wp\/v2\/users\/2"}],"replies":[{"embeddable":true,"href":"https:\/\/ladepeche.mr\/index.php?rest_route=%2Fwp%2Fv2%2Fcomments&post=20226"}],"version-history":[{"count":1,"href":"https:\/\/ladepeche.mr\/index.php?rest_route=\/wp\/v2\/posts\/20226\/revisions"}],"predecessor-version":[{"id":20228,"href":"https:\/\/ladepeche.mr\/index.php?rest_route=\/wp\/v2\/posts\/20226\/revisions\/20228"}],"wp:featuredmedia":[{"embeddable":true,"href":"https:\/\/ladepeche.mr\/index.php?rest_route=\/wp\/v2\/media\/20227"}],"wp:attachment":[{"href":"https:\/\/ladepeche.mr\/index.php?rest_route=%2Fwp%2Fv2%2Fmedia&parent=20226"}],"wp:term":[{"taxonomy":"category","embeddable":true,"href":"https:\/\/ladepeche.mr\/index.php?rest_route=%2Fwp%2Fv2%2Fcategories&post=20226"},{"taxonomy":"post_tag","embeddable":true,"href":"https:\/\/ladepeche.mr\/index.php?rest_route=%2Fwp%2Fv2%2Ftags&post=20226"}],"curies":[{"name":"wp","href":"https:\/\/api.w.org\/{rel}","templated":true}]}}