{"id":20229,"date":"2026-01-24T16:36:56","date_gmt":"2026-01-24T16:36:56","guid":{"rendered":"https:\/\/ladepeche.mr\/?p=20229"},"modified":"2026-01-24T16:36:56","modified_gmt":"2026-01-24T16:36:56","slug":"ahmed-khattry-repond-a-lintervention-du-depute-biram-dah-abeid-devant-le-premier-ministre","status":"publish","type":"post","link":"https:\/\/ladepeche.mr\/?p=20229","title":{"rendered":"Ahmed Khattry r\u00e9pond \u00e0 l\u2019intervention du d\u00e9put\u00e9 Biram Dah Abeid devant le Premier ministre"},"content":{"rendered":"<p>Ce qui a \u00e9t\u00e9 exprim\u00e9 par le d\u00e9put\u00e9 Biram Dah Abeid ne rel\u00e8ve pas d\u2019une critique politique responsable, mais d\u2019un discours de menace et d\u2019intimidation, indigne de la stature d\u2019un \u00e9lu si\u00e9geant dans une institution l\u00e9gislative, et qui ne sert en rien le peuple qu\u2019il pr\u00e9tend d\u00e9fendre.<\/p>\n<p>Lorsque le d\u00e9bat parlementaire cesse d\u2019\u00eatre un espace d\u2019interpellation des politiques publiques et des programmes pour se transformer en une tribune de menaces d\u2019emprisonnement et de diabolisation des institutions, nous ne sommes plus face \u00e0 une opposition constructive, mais \u00e0 un discours de tension r\u00e9v\u00e9lant une incapacit\u00e9 manifeste \u00e0 proposer des alternatives cr\u00e9dibles et r\u00e9alistes.<\/p>\n<p>Le Pr\u00e9sident de la R\u00e9publique, Mohamed Ould Cheikh El Ghazouani, n\u2019a jamais investi dans les individus ni dans les courtisans, contrairement \u00e0 ce qui est v\u00e9hicul\u00e9, mais bien dans l\u2019\u00c9tat, la loi et les institutions ; dans la restauration de l\u2019autorit\u00e9 de la chose publique ; et dans une approche de d\u00e9veloppement apais\u00e9e, loin du populisme et des r\u00e8glements de comptes.<\/p>\n<p>Quant aux appels \u00e0 \u00ab frapper les corrompus \u00bb en dehors des cadres l\u00e9gaux, ils constituent une incitation implicite \u00e0 la politisation de la justice, ce que nous rejetons cat\u00e9goriquement.<br \/>\nUn \u00c9tat ne se gouverne ni par l\u2019\u00e9motion, ni par la menace, ni par la diffamation, mais par des institutions ind\u00e9pendantes, une justice impartiale et une reddition des comptes strictement conforme \u00e0 la loi.<\/p>\n<p>S\u2019agissant du bilan gouvernemental, ceux qui refusent de reconna\u00eetre les r\u00e9alisations par choix id\u00e9ologique ne convaincront pas un peuple qui constate de ses propres yeux :<\/p>\n<p>&#8211; des projets structurants en cours de r\u00e9alisation,<\/p>\n<p>&#8211; des r\u00e9formes sociales sans pr\u00e9c\u00e9dent,<\/p>\n<p>&#8211; le r\u00e9tablissement de la confiance des partenaires,<\/p>\n<p>&#8211; et une d\u00e9tente politique ayant \u00e9pargn\u00e9 au pays les d\u00e9rives chaotiques observ\u00e9es dans de nombreux \u00c9tats de la r\u00e9gion.<\/p>\n<p>Le Parlement n\u2019est pas une \u00ab chambre d\u2019enregistrement \u00bb, mais une institution constitutionnelle exer\u00e7ant ses pr\u00e9rogatives dans un esprit de responsabilit\u00e9 nationale, et non \u00e0 travers les cris ou la commercialisation du d\u00e9sespoir.<\/p>\n<p>Au sein du parti El Insaf, nous croyons que l\u2019opposition est un droit fondamental, mais que l\u2019incitation est un danger ; que la critique est l\u00e9gitime, mais que la destruction de la confiance dans l\u2019\u00c9tat constitue une ligne rouge.<\/p>\n<p>Ce pays ne se construit pas par la menace,<br \/>\nne se gouverne pas par le nihilisme,<br \/>\net ne se prot\u00e8ge que par la raison, la s\u00e9r\u00e9nit\u00e9 et le travail s\u00e9rieux.<\/p>\n<p>Le peuple mauritanien est trop intelligent pour se laisser tromper par des slogans,<br \/>\net trop conscient pour \u00eatre conduit par la peur.<\/p>\n<p>Ahmed KHATTRY<br \/>\nMembre du Bureau Politique Insaf<\/p>\n","protected":false},"excerpt":{"rendered":"<p>Ce qui a \u00e9t\u00e9 exprim\u00e9 par le d\u00e9put\u00e9 Biram Dah Abeid ne rel\u00e8ve pas d\u2019une critique politique responsable, mais d\u2019un discours de menace et d\u2019intimidation, indigne de la stature d\u2019un \u00e9lu si\u00e9geant dans une institution l\u00e9gislative, et qui ne sert en rien le peuple qu\u2019il pr\u00e9tend d\u00e9fendre. Lorsque le d\u00e9bat parlementaire cesse d\u2019\u00eatre un espace &hellip;<\/p>\n","protected":false},"author":2,"featured_media":20021,"comment_status":"open","ping_status":"open","sticky":false,"template":"","format":"standard","meta":{"footnotes":""},"categories":[18,31,19],"tags":[],"class_list":["post-20229","post","type-post","status-publish","format-standard","has-post-thumbnail","hentry","category-actualites","category-politique-et-reportages","category-tribune"],"_links":{"self":[{"href":"https:\/\/ladepeche.mr\/index.php?rest_route=\/wp\/v2\/posts\/20229","targetHints":{"allow":["GET"]}}],"collection":[{"href":"https:\/\/ladepeche.mr\/index.php?rest_route=\/wp\/v2\/posts"}],"about":[{"href":"https:\/\/ladepeche.mr\/index.php?rest_route=\/wp\/v2\/types\/post"}],"author":[{"embeddable":true,"href":"https:\/\/ladepeche.mr\/index.php?rest_route=\/wp\/v2\/users\/2"}],"replies":[{"embeddable":true,"href":"https:\/\/ladepeche.mr\/index.php?rest_route=%2Fwp%2Fv2%2Fcomments&post=20229"}],"version-history":[{"count":1,"href":"https:\/\/ladepeche.mr\/index.php?rest_route=\/wp\/v2\/posts\/20229\/revisions"}],"predecessor-version":[{"id":20230,"href":"https:\/\/ladepeche.mr\/index.php?rest_route=\/wp\/v2\/posts\/20229\/revisions\/20230"}],"wp:featuredmedia":[{"embeddable":true,"href":"https:\/\/ladepeche.mr\/index.php?rest_route=\/wp\/v2\/media\/20021"}],"wp:attachment":[{"href":"https:\/\/ladepeche.mr\/index.php?rest_route=%2Fwp%2Fv2%2Fmedia&parent=20229"}],"wp:term":[{"taxonomy":"category","embeddable":true,"href":"https:\/\/ladepeche.mr\/index.php?rest_route=%2Fwp%2Fv2%2Fcategories&post=20229"},{"taxonomy":"post_tag","embeddable":true,"href":"https:\/\/ladepeche.mr\/index.php?rest_route=%2Fwp%2Fv2%2Ftags&post=20229"}],"curies":[{"name":"wp","href":"https:\/\/api.w.org\/{rel}","templated":true}]}}