{"id":20231,"date":"2026-01-24T20:57:06","date_gmt":"2026-01-24T20:57:06","guid":{"rendered":"https:\/\/ladepeche.mr\/?p=20231"},"modified":"2026-01-24T20:57:06","modified_gmt":"2026-01-24T20:57:06","slug":"la-terre-touchee-par-une-tempete-solaire-majeure","status":"publish","type":"post","link":"https:\/\/ladepeche.mr\/?p=20231","title":{"rendered":"La Terre touch\u00e9e par une temp\u00eate solaire majeure"},"content":{"rendered":"<p>Une puissante temp\u00eate solaire touche la Terre depuis lundi, provoquant une temp\u00eate g\u00e9omagn\u00e9tique de niveau\u00a04 sur une \u00e9chelle de 5.\u00a0Elle devrait perdre en intensit\u00e9 dans la journ\u00e9e de mardi, selon le Centre am\u00e9ricain de pr\u00e9vision de la m\u00e9t\u00e9o spatiale.<\/p>\n<p>Une temp\u00eate solaire majeure a commenc\u00e9 \u00e0 s&#8217;abattre sur la <a class=\"gtm-add-suggested-tag\" href=\"https:\/\/www.france24.com\/fr\/tag\/terre\/\" target=\"_self\">Terre<\/a>\u00a0lundi 19\u00a0janvier et pourrait causer des perturbations sur les r\u00e9seaux \u00e9lectriques et satellitaires ainsi que provoquer d&#8217;impressionnantes <a href=\"https:\/\/www.france24.com\/fr\/tag\/aurore-bor%C3%A9ale\/\" target=\"_self\">aurores bor\u00e9ales<\/a>, ont pr\u00e9venu les autorit\u00e9s m\u00e9t\u00e9orologiques am\u00e9ricaines.<\/p>\n<p>Cette puissante temp\u00eate solaire a commenc\u00e9 \u00e0 toucher la Terre lundi, provoquant une temp\u00eate g\u00e9omagn\u00e9tique de niveau\u00a04 sur une \u00e9chelle de\u00a05, a expliqu\u00e9 le pr\u00e9visionniste Shawn Dahl, du Centre am\u00e9ricain de pr\u00e9vision de la m\u00e9t\u00e9o spatiale (SWPC) dans une vid\u00e9o.<\/p>\n<p>Elle devrait se poursuivre mardi mais perdre en intensit\u00e9 dans la journ\u00e9e, selon ce centre.<\/p>\n<p>Bien que le monde ait connu en 2024 une temp\u00eate g\u00e9omagn\u00e9tique de niveau\u00a05, soit le niveau maximum, pour la premi\u00e8re fois depuis 20\u00a0ans, la temp\u00eate solaire actuelle est la plus puissante observ\u00e9e &#8220;depuis l&#8217;ann\u00e9e 2003&#8221;, a indiqu\u00e9 Shawn Dahl.<\/p>\n<h2>&#8220;Forte \u00e9ruption solaire&#8221;<\/h2>\n<p>En octobre 2003, une temp\u00eate solaire &#8220;d&#8217;Halloween&#8221; avait plong\u00e9 des pans entiers de la <a class=\"gtm-add-suggested-tag\" href=\"https:\/\/www.france24.com\/fr\/tag\/su%C3%A8de\/\" target=\"_self\">Su\u00e8de<\/a> dans le noir et endommag\u00e9 des infrastructures \u00e9nerg\u00e9tiques en <a class=\"gtm-add-suggested-tag\" href=\"https:\/\/www.france24.com\/fr\/tag\/afrique-du-sud\/\" target=\"_self\">Afrique du Sud<\/a>.<\/p>\n<p>Les ph\u00e9nom\u00e8nes d&#8217;une telle intensit\u00e9 sont rares et sont li\u00e9s \u00e0 l&#8217;activit\u00e9 solaire.<\/p>\n<p>La temp\u00eate en cours a ainsi \u00e9t\u00e9 provoqu\u00e9e par &#8220;une forte \u00e9ruption solaire qui s&#8217;est produite hier&#8221;, a pr\u00e9cis\u00e9 Shawn Dahl.<\/p>\n<p>lire la suite sur https:\/\/www.france24.com\/fr\/am%C3%A9riques\/20260120-terre-touch%C3%A9e-temp%C3%AAte-solaire-majeure?utm_medium=acquisition&amp;utm_source=facebook&amp;utm_campaign=france24_fr&amp;utm_content=clic&amp;fbclid=IwdGRjcAPiEOFleHRuA2FlbQEwAGFkaWQBqyzrCxNx_HNydGMGYXBwX2lkCjY2Mjg1NjgzNzkAAR7k6vAIrWOWMuIdRyKsup2_Eek23fs7ALgB-tcYBxYGVb42eFax_gFHVGJd6A_aem_Z8cq0NfEzm5udDmZzbrm1Q&amp;utm_id=120239145354620556&amp;utm_term=120239145354600556<\/p>\n","protected":false},"excerpt":{"rendered":"<p>Une puissante temp\u00eate solaire touche la Terre depuis lundi, provoquant une temp\u00eate g\u00e9omagn\u00e9tique de niveau\u00a04 sur une \u00e9chelle de 5.\u00a0Elle devrait perdre en intensit\u00e9 dans la journ\u00e9e de mardi, selon le Centre am\u00e9ricain de pr\u00e9vision de la m\u00e9t\u00e9o spatiale. Une temp\u00eate solaire majeure a commenc\u00e9 \u00e0 s&#8217;abattre sur la Terre\u00a0lundi 19\u00a0janvier et pourrait causer des &hellip;<\/p>\n","protected":false},"author":2,"featured_media":20232,"comment_status":"open","ping_status":"open","sticky":false,"template":"","format":"standard","meta":{"footnotes":""},"categories":[18,21,29],"tags":[],"class_list":["post-20231","post","type-post","status-publish","format-standard","has-post-thumbnail","hentry","category-actualites","category-fluctuations","category-monde"],"_links":{"self":[{"href":"https:\/\/ladepeche.mr\/index.php?rest_route=\/wp\/v2\/posts\/20231","targetHints":{"allow":["GET"]}}],"collection":[{"href":"https:\/\/ladepeche.mr\/index.php?rest_route=\/wp\/v2\/posts"}],"about":[{"href":"https:\/\/ladepeche.mr\/index.php?rest_route=\/wp\/v2\/types\/post"}],"author":[{"embeddable":true,"href":"https:\/\/ladepeche.mr\/index.php?rest_route=\/wp\/v2\/users\/2"}],"replies":[{"embeddable":true,"href":"https:\/\/ladepeche.mr\/index.php?rest_route=%2Fwp%2Fv2%2Fcomments&post=20231"}],"version-history":[{"count":1,"href":"https:\/\/ladepeche.mr\/index.php?rest_route=\/wp\/v2\/posts\/20231\/revisions"}],"predecessor-version":[{"id":20233,"href":"https:\/\/ladepeche.mr\/index.php?rest_route=\/wp\/v2\/posts\/20231\/revisions\/20233"}],"wp:featuredmedia":[{"embeddable":true,"href":"https:\/\/ladepeche.mr\/index.php?rest_route=\/wp\/v2\/media\/20232"}],"wp:attachment":[{"href":"https:\/\/ladepeche.mr\/index.php?rest_route=%2Fwp%2Fv2%2Fmedia&parent=20231"}],"wp:term":[{"taxonomy":"category","embeddable":true,"href":"https:\/\/ladepeche.mr\/index.php?rest_route=%2Fwp%2Fv2%2Fcategories&post=20231"},{"taxonomy":"post_tag","embeddable":true,"href":"https:\/\/ladepeche.mr\/index.php?rest_route=%2Fwp%2Fv2%2Ftags&post=20231"}],"curies":[{"name":"wp","href":"https:\/\/api.w.org\/{rel}","templated":true}]}}